{"id":1021,"date":"2019-11-07T16:38:48","date_gmt":"2019-11-07T15:38:48","guid":{"rendered":"http:\/\/ipoweb.bruxelles.be\/emileandre\/?p=1021"},"modified":"2019-11-07T16:38:48","modified_gmt":"2019-11-07T15:38:48","slug":"au-marche-des-tanneurs","status":"publish","type":"post","link":"https:\/\/ipoweb.bruxelles.be\/emileandre\/?p=1021","title":{"rendered":"Au march\u00e9 des Tanneurs"},"content":{"rendered":"\n<p>Les \u00e9l\u00e8ves de P1\/P2 de la classe de Julie sont all\u00e9s au march\u00e9 des Tanneurs pour acheter les fruits et l\u00e9gumes du petit magasin. <br>\nIls ont eu une visite guid\u00e9e de la fromagerie. Quelle chance&#8230; <br><\/p>\n\n\n\n<ul class=\"wp-block-gallery columns-3 is-cropped wp-block-gallery-1 is-layout-flex wp-block-gallery-is-layout-flex\"><li class=\"blocks-gallery-item\"><figure><img decoding=\"async\" loading=\"lazy\" width=\"1008\" height=\"754\" src=\"http:\/\/ipoweb.bruxelles.be\/emileandre\/wp-content\/uploads\/2019\/11\/IMG_20191106_111348_resized_20191107_072409123.jpg\" alt=\"\" data-id=\"1020\" data-link=\"http:\/\/ipoweb.bruxelles.be\/emileandre\/?attachment_id=1020\" class=\"wp-image-1020\" srcset=\"https:\/\/ipoweb.bruxelles.be\/emileandre\/wp-content\/uploads\/2019\/11\/IMG_20191106_111348_resized_20191107_072409123.jpg 1008w, https:\/\/ipoweb.bruxelles.be\/emileandre\/wp-content\/uploads\/2019\/11\/IMG_20191106_111348_resized_20191107_072409123-300x224.jpg 300w, https:\/\/ipoweb.bruxelles.be\/emileandre\/wp-content\/uploads\/2019\/11\/IMG_20191106_111348_resized_20191107_072409123-768x574.jpg 768w\" sizes=\"(max-width: 1008px) 100vw, 1008px\" \/><\/figure><\/li><li class=\"blocks-gallery-item\"><figure><img decoding=\"async\" loading=\"lazy\" width=\"1008\" height=\"754\" src=\"http:\/\/ipoweb.bruxelles.be\/emileandre\/wp-content\/uploads\/2019\/11\/IMG_20191106_110836_resized_20191107_072409691.jpg\" alt=\"\" data-id=\"1019\" data-link=\"http:\/\/ipoweb.bruxelles.be\/emileandre\/?attachment_id=1019\" class=\"wp-image-1019\" srcset=\"https:\/\/ipoweb.bruxelles.be\/emileandre\/wp-content\/uploads\/2019\/11\/IMG_20191106_110836_resized_20191107_072409691.jpg 1008w, https:\/\/ipoweb.bruxelles.be\/emileandre\/wp-content\/uploads\/2019\/11\/IMG_20191106_110836_resized_20191107_072409691-300x224.jpg 300w, https:\/\/ipoweb.bruxelles.be\/emileandre\/wp-content\/uploads\/2019\/11\/IMG_20191106_110836_resized_20191107_072409691-768x574.jpg 768w\" sizes=\"(max-width: 1008px) 100vw, 1008px\" \/><\/figure><\/li><li class=\"blocks-gallery-item\"><figure><img decoding=\"async\" loading=\"lazy\" width=\"1008\" height=\"754\" src=\"http:\/\/ipoweb.bruxelles.be\/emileandre\/wp-content\/uploads\/2019\/11\/IMG_20191106_110636_resized_20191107_072410696.jpg\" alt=\"\" data-id=\"1018\" data-link=\"http:\/\/ipoweb.bruxelles.be\/emileandre\/?attachment_id=1018\" class=\"wp-image-1018\" srcset=\"https:\/\/ipoweb.bruxelles.be\/emileandre\/wp-content\/uploads\/2019\/11\/IMG_20191106_110636_resized_20191107_072410696.jpg 1008w, https:\/\/ipoweb.bruxelles.be\/emileandre\/wp-content\/uploads\/2019\/11\/IMG_20191106_110636_resized_20191107_072410696-300x224.jpg 300w, https:\/\/ipoweb.bruxelles.be\/emileandre\/wp-content\/uploads\/2019\/11\/IMG_20191106_110636_resized_20191107_072410696-768x574.jpg 768w\" sizes=\"(max-width: 1008px) 100vw, 1008px\" \/><\/figure><\/li><\/ul>\n","protected":false},"excerpt":{"rendered":"<p>Les \u00e9l\u00e8ves de P1\/P2 de la classe de Julie sont all\u00e9s au march\u00e9 des Tanneurs pour acheter les fruits et l\u00e9gumes du petit magasin. Ils ont eu une visite guid\u00e9e de la fromagerie. Quelle chance&#8230;<\/p>\n","protected":false},"author":3,"featured_media":0,"comment_status":"closed","ping_status":"open","sticky":false,"template":"","format":"standard","meta":{"footnotes":""},"categories":[8],"tags":[],"_links":{"self":[{"href":"https:\/\/ipoweb.bruxelles.be\/emileandre\/index.php?rest_route=\/wp\/v2\/posts\/1021"}],"collection":[{"href":"https:\/\/ipoweb.bruxelles.be\/emileandre\/index.php?rest_route=\/wp\/v2\/posts"}],"about":[{"href":"https:\/\/ipoweb.bruxelles.be\/emileandre\/index.php?rest_route=\/wp\/v2\/types\/post"}],"author":[{"embeddable":true,"href":"https:\/\/ipoweb.bruxelles.be\/emileandre\/index.php?rest_route=\/wp\/v2\/users\/3"}],"replies":[{"embeddable":true,"href":"https:\/\/ipoweb.bruxelles.be\/emileandre\/index.php?rest_route=%2Fwp%2Fv2%2Fcomments&post=1021"}],"version-history":[{"count":1,"href":"https:\/\/ipoweb.bruxelles.be\/emileandre\/index.php?rest_route=\/wp\/v2\/posts\/1021\/revisions"}],"predecessor-version":[{"id":1022,"href":"https:\/\/ipoweb.bruxelles.be\/emileandre\/index.php?rest_route=\/wp\/v2\/posts\/1021\/revisions\/1022"}],"wp:attachment":[{"href":"https:\/\/ipoweb.bruxelles.be\/emileandre\/index.php?rest_route=%2Fwp%2Fv2%2Fmedia&parent=1021"}],"wp:term":[{"taxonomy":"category","embeddable":true,"href":"https:\/\/ipoweb.bruxelles.be\/emileandre\/index.php?rest_route=%2Fwp%2Fv2%2Fcategories&post=1021"},{"taxonomy":"post_tag","embeddable":true,"href":"https:\/\/ipoweb.bruxelles.be\/emileandre\/index.php?rest_route=%2Fwp%2Fv2%2Ftags&post=1021"}],"curies":[{"name":"wp","href":"https:\/\/api.w.org\/{rel}","templated":true}]}}