{"id":1116,"date":"2020-03-20T08:03:41","date_gmt":"2020-03-20T07:03:41","guid":{"rendered":"http:\/\/ipoweb.bruxelles.be\/emileandre\/?p=1116"},"modified":"2020-03-20T13:14:26","modified_gmt":"2020-03-20T12:14:26","slug":"en-p4","status":"publish","type":"post","link":"https:\/\/ipoweb.bruxelles.be\/emileandre\/?p=1116","title":{"rendered":"Activit\u00e9s en P4"},"content":{"rendered":"\n<ol><li>Conjugaison : <\/li><\/ol>\n\n\n\n<p>Vous pourriez, par exemple, demander \u00e0 votre enfant de choisir un verbe par jour et de le conjuguer (dans une phrase, c\u2019est plus facile) au pr\u00e9sent, \u00e0 l\u2019imparfait, au futur et au pass\u00e9 compos\u00e9.<br>Par exemple : \u00ab se promener \u00bb <\/p>\n\n\n\n<ul><li>Aujourd\u2019hui, je me <strong>prom\u00e8ne <\/strong>dans le quartier.<\/li><li>Hier, je me <strong>suis promen\u00e9 <\/strong>en rue.<\/li><li>Le mois pass\u00e9, il se <strong>promenait <\/strong>avec ses copains.<\/li><li> Au mois de juillet, nous nous <strong>prom\u00e8nerons<\/strong> sur la plage<\/li><\/ul>\n\n\n\n<p>2. Dessin au compas <br>Entra\u00eene toi \u00e0 dessiner \u00e0 l\u2019aide de ton compas. Avec le plus de pr\u00e9cision et de soin possible. <\/p>\n\n\n\n<figure class=\"wp-block-image is-resized\"><img decoding=\"async\" loading=\"lazy\" src=\"http:\/\/ipoweb.bruxelles.be\/emileandre\/wp-content\/uploads\/2020\/03\/Compas-1024x744.jpg\" alt=\"\" class=\"wp-image-1119\" width=\"328\" height=\"238\"\/><\/figure>\n\n\n\n<p>3. Exercer ses talents d&rsquo;\u00e9crivain<br>Ecris un texte libre, sur une feuille de  brouillon  \u00e9cris 1 ou 2 phrases par jour sur ce que tu as fait.<br><\/p>\n\n\n\n<p>Cr\u00e9e une sorte de journal sur ces 3 semaines d\u2019\u00e9cole \u00e0 la maison.<\/p>\n\n\n\n<figure class=\"wp-block-image is-resized\"><img decoding=\"async\" loading=\"lazy\" src=\"http:\/\/ipoweb.bruxelles.be\/emileandre\/wp-content\/uploads\/2020\/03\/journal.png\" alt=\"\" class=\"wp-image-1122\" width=\"235\" height=\"248\"\/><\/figure>\n\n\n\n<ul><li>Pr\u00e9sentation du roman<\/li><\/ul>\n\n\n\n<p>4. Pr\u00e9sentation de ton roman<br>Profite de ce moment pour terminer la pr\u00e9sentation du 2<sup>\u00e8me<\/sup> roman.<\/p>\n\n\n\n<p>5. N\u00e9erlandais<br> Revois le vocabulaire, entra\u00eene-toi et joue avec les diff\u00e9rentes \u00e9tiquettes.<br>Tu peux aussi revoir les diff\u00e9rentes chansons (tu as toutes les paroles).<\/p>\n\n\n\n<p>6. Lire<br> Lis, lis et lis encore des livres  <\/p>\n\n\n\n<figure class=\"wp-block-image is-resized\"><img decoding=\"async\" loading=\"lazy\" src=\"http:\/\/ipoweb.bruxelles.be\/emileandre\/wp-content\/uploads\/2020\/03\/lire.jpg\" alt=\"\" class=\"wp-image-1128\" width=\"254\" height=\"132\"\/><\/figure>\n\n\n\n<p>A bient\u00f4t les copains.<br>Bon courage et profitez de vos parents. <br>Vous allez nous manquer.<br>Gros bisous de loin<\/p>\n\n\n\n<p>Isabelle et Astrid<\/p>\n","protected":false},"excerpt":{"rendered":"<p>Conjugaison : Vous pourriez, par exemple, demander \u00e0 votre enfant de choisir un verbe par jour et de le conjuguer (dans une phrase, c\u2019est plus facile) au pr\u00e9sent, \u00e0 l\u2019imparfait, au futur et au pass\u00e9 compos\u00e9.Par exemple : \u00ab se promener \u00bb Aujourd\u2019hui, je me prom\u00e8ne dans le quartier. Hier, je me suis promen\u00e9 en [&hellip;]<\/p>\n","protected":false},"author":2,"featured_media":0,"comment_status":"closed","ping_status":"open","sticky":false,"template":"","format":"standard","meta":{"footnotes":""},"categories":[9],"tags":[],"_links":{"self":[{"href":"https:\/\/ipoweb.bruxelles.be\/emileandre\/index.php?rest_route=\/wp\/v2\/posts\/1116"}],"collection":[{"href":"https:\/\/ipoweb.bruxelles.be\/emileandre\/index.php?rest_route=\/wp\/v2\/posts"}],"about":[{"href":"https:\/\/ipoweb.bruxelles.be\/emileandre\/index.php?rest_route=\/wp\/v2\/types\/post"}],"author":[{"embeddable":true,"href":"https:\/\/ipoweb.bruxelles.be\/emileandre\/index.php?rest_route=\/wp\/v2\/users\/2"}],"replies":[{"embeddable":true,"href":"https:\/\/ipoweb.bruxelles.be\/emileandre\/index.php?rest_route=%2Fwp%2Fv2%2Fcomments&post=1116"}],"version-history":[{"count":5,"href":"https:\/\/ipoweb.bruxelles.be\/emileandre\/index.php?rest_route=\/wp\/v2\/posts\/1116\/revisions"}],"predecessor-version":[{"id":1130,"href":"https:\/\/ipoweb.bruxelles.be\/emileandre\/index.php?rest_route=\/wp\/v2\/posts\/1116\/revisions\/1130"}],"wp:attachment":[{"href":"https:\/\/ipoweb.bruxelles.be\/emileandre\/index.php?rest_route=%2Fwp%2Fv2%2Fmedia&parent=1116"}],"wp:term":[{"taxonomy":"category","embeddable":true,"href":"https:\/\/ipoweb.bruxelles.be\/emileandre\/index.php?rest_route=%2Fwp%2Fv2%2Fcategories&post=1116"},{"taxonomy":"post_tag","embeddable":true,"href":"https:\/\/ipoweb.bruxelles.be\/emileandre\/index.php?rest_route=%2Fwp%2Fv2%2Ftags&post=1116"}],"curies":[{"name":"wp","href":"https:\/\/api.w.org\/{rel}","templated":true}]}}