{"id":1123,"date":"2020-03-20T07:24:33","date_gmt":"2020-03-20T06:24:33","guid":{"rendered":"http:\/\/ipoweb.bruxelles.be\/emileandre\/?p=1123"},"modified":"2020-03-20T14:08:39","modified_gmt":"2020-03-20T13:08:39","slug":"activites-a-la-maison-p5-p6","status":"publish","type":"post","link":"https:\/\/ipoweb.bruxelles.be\/emileandre\/?p=1123","title":{"rendered":"Activit\u00e9s \u00e0 la maison P5\/P6"},"content":{"rendered":"\n<p>Voici quelques id\u00e9es\nd\u2019activit\u00e9s qui pourront aider nos plus grands \u00e0 s\u2019occuper de mani\u00e8re\nappropri\u00e9e durant cette p\u00e9riode difficile pour tout le monde.<\/p>\n\n\n\n<p>N\u2019h\u00e9sitez\npas \u00e0 parcourir les diff\u00e9rentes pistes propos\u00e9es \u00e0 votre rythme, en r\u00e9alisant\nce que vous pouvez et\u2026\u2026\u00e0 nous envoyer de vos nouvelles via le mail de l\u2019\u00e9cole.<\/p>\n\n\n\n<p>Courage\n\u00e0 toutes et tous et \u00e0 bient\u00f4t pour de nouvelles aventures&nbsp;!<\/p>\n\n\n\n<p>Pour\ndes exercices plus sp\u00e9cifiques:<\/p>\n\n\n\n<figure class=\"wp-block-embed-wordpress wp-block-embed is-type-wp-embed is-provider-numero-1-scolarite\"><div class=\"wp-block-embed__wrapper\">\n<blockquote class=\"wp-embedded-content\" data-secret=\"IfapFHKQMh\"><a href=\"https:\/\/www.numero1-scolarite.com\/ressources-pedagogiques-francais\/exercices-et-lecons-de-francais\/exercices-et-lecons-de-francais-6eme-gratuits-a-telecharger\/reconnaitre-le-type-dune-phrase\/\">Reconna\u00eetre le type d&rsquo;une phrase 6\u00e8me Le\u00e7on et exercices<\/a><\/blockquote><iframe class=\"wp-embedded-content\" sandbox=\"allow-scripts\" security=\"restricted\" style=\"position: absolute; clip: rect(1px, 1px, 1px, 1px);\" src=\"https:\/\/www.numero1-scolarite.com\/ressources-pedagogiques-francais\/exercices-et-lecons-de-francais\/exercices-et-lecons-de-francais-6eme-gratuits-a-telecharger\/reconnaitre-le-type-dune-phrase\/embed\/#?secret=IfapFHKQMh\" data-secret=\"IfapFHKQMh\" width=\"600\" height=\"338\" title=\"\u00ab\u00a0Reconna\u00eetre le type d&rsquo;une phrase 6\u00e8me Le\u00e7on et exercices\u00a0\u00bb &#8212; Num\u00e9ro 1 Scolarit\u00e9\" frameborder=\"0\" marginwidth=\"0\" marginheight=\"0\" scrolling=\"no\"><\/iframe>\n<\/div><\/figure>\n\n\n\n<p><a href=\"http:\/\/www.exofiches.net\/\" target=\"_blank\" rel=\"noreferrer noopener\">www.exofiches.net<\/a><\/p>\n\n\n\n<p><a href=\"http:\/\/www.laclassebleue.fr\/\" target=\"_blank\" rel=\"noreferrer noopener\">www.laclassebleue.fr<\/a><\/p>\n\n\n\n<p>Et\nen rapport avec le CEB\u2026<\/p>\n\n\n\n<p><a href=\"http:\/\/www.classeprimaire.be\/ceb-100-jours.html\" target=\"_blank\" rel=\"noreferrer noopener\">www.classeprimaire.be\/ceb-100-jours.html<\/a><\/p>\n\n\n\n<p><a href=\"http:\/\/www.ceb.claroline.com\/\" target=\"_blank\" rel=\"noreferrer noopener\">www.ceb.claroline.com<\/a><\/p>\n\n\n\n<figure class=\"wp-block-embed-wordpress wp-block-embed is-type-wp-embed is-provider-actiprim-be\"><div class=\"wp-block-embed__wrapper\">\n<blockquote class=\"wp-embedded-content\" data-secret=\"J2ThxJwCmU\"><a href=\"http:\/\/actiprim.be\/exercices\/ceb-classes\/\">P6 CEB class\u00e9s<\/a><\/blockquote><iframe class=\"wp-embedded-content\" sandbox=\"allow-scripts\" security=\"restricted\" style=\"position: absolute; clip: rect(1px, 1px, 1px, 1px);\" src=\"http:\/\/actiprim.be\/exercices\/ceb-classes\/embed\/#?secret=J2ThxJwCmU\" data-secret=\"J2ThxJwCmU\" width=\"600\" height=\"338\" title=\"\u00ab\u00a0P6 CEB class\u00e9s\u00a0\u00bb &#8212; actiprim.be\" frameborder=\"0\" marginwidth=\"0\" marginheight=\"0\" scrolling=\"no\"><\/iframe>\n<\/div><\/figure>\n\n\n\n<p><\/p>\n\n\n\n<p>Un documentaire&nbsp;:&nbsp;<a href=\"https:\/\/www.youtube.com\/watch?v=TkzzJXpUkNo&amp;fbclid=IwAR1nBMkgDIQkzzU7AKU9dRyErKzrnUVl_6VnAg-DYoOxegT-zN1gZ-rM1OU\" target=\"_blank\" rel=\"noreferrer noopener\">https:\/\/www.youtube.com\/watch?v=TkzzJXpUkNo&amp;fbclid=IwAR1nBMkgDIQkzzU7AKU9dRyErKzrnUVl_6VnAg-DYoOxegT-zN1gZ-rM1OU<\/a><br><\/p>\n\n\n\n<p>N\u2019h\u00e9sitez\npas \u00e0 poursuivre les \u00e9crits comme par exemple les textes libres, l&rsquo;\u00e9criture un\nconte, un r\u00e9sum\u00e9 de livre, la description d\u2019un portrait, une recette r\u00e9alis\u00e9e \u00e0\nla maison, un slogan publicitaire ou encore la r\u00e9alisation d\u2019une affiche\u2026<\/p>\n\n\n\n<p>Nous\nserons toujours heureux de pouvoir vous lire et de partager vos r\u00e9alisations\u2026<\/p>\n\n\n\n<p>A\ntr\u00e8s vite,<\/p>\n\n\n\n<p>Madame\nCaroline, Messieurs Arnaud et Ledune<\/p>\n","protected":false},"excerpt":{"rendered":"<p>Voici quelques id\u00e9es d\u2019activit\u00e9s qui pourront aider nos plus grands \u00e0 s\u2019occuper de mani\u00e8re appropri\u00e9e durant cette p\u00e9riode difficile pour tout le monde. N\u2019h\u00e9sitez pas \u00e0 parcourir les diff\u00e9rentes pistes propos\u00e9es \u00e0 votre rythme, en r\u00e9alisant ce que vous pouvez et\u2026\u2026\u00e0 nous envoyer de vos nouvelles via le mail de l\u2019\u00e9cole. Courage \u00e0 toutes et [&hellip;]<\/p>\n","protected":false},"author":3,"featured_media":0,"comment_status":"closed","ping_status":"open","sticky":false,"template":"","format":"standard","meta":{"footnotes":""},"categories":[1,10],"tags":[],"_links":{"self":[{"href":"https:\/\/ipoweb.bruxelles.be\/emileandre\/index.php?rest_route=\/wp\/v2\/posts\/1123"}],"collection":[{"href":"https:\/\/ipoweb.bruxelles.be\/emileandre\/index.php?rest_route=\/wp\/v2\/posts"}],"about":[{"href":"https:\/\/ipoweb.bruxelles.be\/emileandre\/index.php?rest_route=\/wp\/v2\/types\/post"}],"author":[{"embeddable":true,"href":"https:\/\/ipoweb.bruxelles.be\/emileandre\/index.php?rest_route=\/wp\/v2\/users\/3"}],"replies":[{"embeddable":true,"href":"https:\/\/ipoweb.bruxelles.be\/emileandre\/index.php?rest_route=%2Fwp%2Fv2%2Fcomments&post=1123"}],"version-history":[{"count":2,"href":"https:\/\/ipoweb.bruxelles.be\/emileandre\/index.php?rest_route=\/wp\/v2\/posts\/1123\/revisions"}],"predecessor-version":[{"id":1137,"href":"https:\/\/ipoweb.bruxelles.be\/emileandre\/index.php?rest_route=\/wp\/v2\/posts\/1123\/revisions\/1137"}],"wp:attachment":[{"href":"https:\/\/ipoweb.bruxelles.be\/emileandre\/index.php?rest_route=%2Fwp%2Fv2%2Fmedia&parent=1123"}],"wp:term":[{"taxonomy":"category","embeddable":true,"href":"https:\/\/ipoweb.bruxelles.be\/emileandre\/index.php?rest_route=%2Fwp%2Fv2%2Fcategories&post=1123"},{"taxonomy":"post_tag","embeddable":true,"href":"https:\/\/ipoweb.bruxelles.be\/emileandre\/index.php?rest_route=%2Fwp%2Fv2%2Ftags&post=1123"}],"curies":[{"name":"wp","href":"https:\/\/api.w.org\/{rel}","templated":true}]}}