{"id":1138,"date":"2020-03-20T22:15:42","date_gmt":"2020-03-20T21:15:42","guid":{"rendered":"http:\/\/ipoweb.bruxelles.be\/emileandre\/?p=1138"},"modified":"2020-03-21T16:19:07","modified_gmt":"2020-03-21T15:19:07","slug":"bernard-devos-a-lecoute-des-enfants","status":"publish","type":"post","link":"https:\/\/ipoweb.bruxelles.be\/emileandre\/?p=1138","title":{"rendered":"Bernard Devos, le d\u00e9l\u00e9gu\u00e9 aux droits des enfants, \u00e0 l&rsquo;\u00e9coute des enfants!"},"content":{"rendered":"\n<p>Voici un lien via Facebook qui donne la parole aux enfants jusqu&rsquo;\u00e0 ce dimanche (22\/03) soir\u2026 Assur\u00e9ment une belle initiative!!!<a href=\"https:\/\/www.facebook.com\/DGDEcfwb\/videos\/1126344487717716\/\">https:\/\/www.facebook.com\/DGDEcfwb\/videos\/1126344487717716\/<\/a><br><\/p>\n\n\n\n<p>Donc si, comme le propose Bernard Devos, tu te poses des questions sur ce qui est en train de nous arriver concernant la sant\u00e9, l\u2019\u00e9cole, la s\u00e9curit\u00e9, ton avenir et celui du pays, il se propose de les poser pour toi \u00e0 nos ministres.<\/p>\n\n\n\n<p>Comment faire ? C\u2019est tr\u00e8s simple : Envoyer tes questions par email \u00e0 l\u2019adresse de la direction g\u00e9n\u00e9rale des droits des enfants : <strong>dgde@cfwb.be. <\/strong>Avec son \u00e9quipe, Bernard Devos les enverra aux ministres qui vont enregistrer leurs r\u00e9ponses dans des vid\u00e9os qui vont \u00eatre rassembl\u00e9es par l\u2019\u00e9quipe des Niouzz \u00e0 la RTBF. <br>On te pr\u00e9viendra d\u00e8s qu\u2019elles seront en ligne ! <br>Ne tra\u00eenez pas. Tu as jusqu\u2019\u00e0 dimanche soir pour envoyer tes questions.<\/p>\n","protected":false},"excerpt":{"rendered":"<p>Voici un lien via Facebook qui donne la parole aux enfants jusqu&rsquo;\u00e0 ce dimanche (22\/03) soir\u2026 Assur\u00e9ment une belle initiative!!!https:\/\/www.facebook.com\/DGDEcfwb\/videos\/1126344487717716\/ Donc si, comme le propose Bernard Devos, tu te poses des questions sur ce qui est en train de nous arriver concernant la sant\u00e9, l\u2019\u00e9cole, la s\u00e9curit\u00e9, ton avenir et celui du pays, il se [&hellip;]<\/p>\n","protected":false},"author":3,"featured_media":0,"comment_status":"closed","ping_status":"open","sticky":false,"template":"","format":"standard","meta":{"footnotes":""},"categories":[1],"tags":[],"_links":{"self":[{"href":"https:\/\/ipoweb.bruxelles.be\/emileandre\/index.php?rest_route=\/wp\/v2\/posts\/1138"}],"collection":[{"href":"https:\/\/ipoweb.bruxelles.be\/emileandre\/index.php?rest_route=\/wp\/v2\/posts"}],"about":[{"href":"https:\/\/ipoweb.bruxelles.be\/emileandre\/index.php?rest_route=\/wp\/v2\/types\/post"}],"author":[{"embeddable":true,"href":"https:\/\/ipoweb.bruxelles.be\/emileandre\/index.php?rest_route=\/wp\/v2\/users\/3"}],"replies":[{"embeddable":true,"href":"https:\/\/ipoweb.bruxelles.be\/emileandre\/index.php?rest_route=%2Fwp%2Fv2%2Fcomments&post=1138"}],"version-history":[{"count":9,"href":"https:\/\/ipoweb.bruxelles.be\/emileandre\/index.php?rest_route=\/wp\/v2\/posts\/1138\/revisions"}],"predecessor-version":[{"id":1148,"href":"https:\/\/ipoweb.bruxelles.be\/emileandre\/index.php?rest_route=\/wp\/v2\/posts\/1138\/revisions\/1148"}],"wp:attachment":[{"href":"https:\/\/ipoweb.bruxelles.be\/emileandre\/index.php?rest_route=%2Fwp%2Fv2%2Fmedia&parent=1138"}],"wp:term":[{"taxonomy":"category","embeddable":true,"href":"https:\/\/ipoweb.bruxelles.be\/emileandre\/index.php?rest_route=%2Fwp%2Fv2%2Fcategories&post=1138"},{"taxonomy":"post_tag","embeddable":true,"href":"https:\/\/ipoweb.bruxelles.be\/emileandre\/index.php?rest_route=%2Fwp%2Fv2%2Ftags&post=1138"}],"curies":[{"name":"wp","href":"https:\/\/api.w.org\/{rel}","templated":true}]}}