{"id":1347,"date":"2020-03-25T12:00:35","date_gmt":"2020-03-25T11:00:35","guid":{"rendered":"http:\/\/ipoweb.bruxelles.be\/emileandre\/?p=1347"},"modified":"2020-03-31T21:31:00","modified_gmt":"2020-03-31T19:31:00","slug":"petit-emile-illustre","status":"publish","type":"post","link":"https:\/\/ipoweb.bruxelles.be\/emileandre\/?p=1347","title":{"rendered":"Petit Emile Illustr\u00e9"},"content":{"rendered":"\n<p>Et si malgr\u00e9 le confinement, nous sortions un num\u00e9ro sp\u00e9cial du Petit Emile Illustr\u00e9 ? <br>Cela d\u00e9pend de vous mais c&rsquo;est possible, pour la semaine prochaine !<\/p>\n\n\n\n<figure class=\"wp-block-embed-youtube wp-block-embed is-type-video is-provider-youtube wp-embed-aspect-16-9 wp-has-aspect-ratio\"><div class=\"wp-block-embed__wrapper\">\n<iframe loading=\"lazy\" width=\"648\" height=\"365\" src=\"https:\/\/www.youtube.com\/embed\/kM9mgx20-BM?feature=oembed\" frameborder=\"0\" allow=\"accelerometer; autoplay; encrypted-media; gyroscope; picture-in-picture\" allowfullscreen><\/iframe>\n<\/div><\/figure>\n\n\n\n<figure class=\"wp-block-image\"><img decoding=\"async\" loading=\"lazy\" width=\"652\" height=\"900\" src=\"http:\/\/ipoweb.bruxelles.be\/emileandre\/wp-content\/uploads\/2020\/03\/Emileconf.jpg\" alt=\"\" class=\"wp-image-1346\" srcset=\"https:\/\/ipoweb.bruxelles.be\/emileandre\/wp-content\/uploads\/2020\/03\/Emileconf.jpg 652w, https:\/\/ipoweb.bruxelles.be\/emileandre\/wp-content\/uploads\/2020\/03\/Emileconf-217x300.jpg 217w\" sizes=\"(max-width: 652px) 100vw, 652px\" \/><\/figure>\n\n\n\n<p>Vous nous racontez en quelques lignes, une activit\u00e9 que vous avez r\u00e9alis\u00e9 chez vous \u00e0 la maison. Vous nous pr\u00e9sentez quelque chose. Vous ajoutez une ou deux photos et vous envoyez tout par mail \u00e0 votre instituteur ou institutrice, au plus tard pour mardi prochain !<\/p>\n\n\n\n<p>On rassemble tout et on vous envoie votre num\u00e9ro sp\u00e9cial !<\/p>\n\n\n\n<p>Un petit exemple :<\/p>\n\n\n\n<figure class=\"wp-block-image\"><img decoding=\"async\" loading=\"lazy\" width=\"679\" height=\"991\" src=\"http:\/\/ipoweb.bruxelles.be\/emileandre\/wp-content\/uploads\/2020\/03\/recette.jpg\" alt=\"\" class=\"wp-image-1349\" srcset=\"https:\/\/ipoweb.bruxelles.be\/emileandre\/wp-content\/uploads\/2020\/03\/recette.jpg 679w, https:\/\/ipoweb.bruxelles.be\/emileandre\/wp-content\/uploads\/2020\/03\/recette-206x300.jpg 206w\" sizes=\"(max-width: 679px) 100vw, 679px\" \/><\/figure>\n\n\n\n<p>A vous, mesdames et messieurs les journalistes, on attend vos articles !<\/p>\n\n\n\n<p><\/p>\n","protected":false},"excerpt":{"rendered":"<p>Et si malgr\u00e9 le confinement, nous sortions un num\u00e9ro sp\u00e9cial du Petit Emile Illustr\u00e9 ? Cela d\u00e9pend de vous mais c&rsquo;est possible, pour la semaine prochaine ! Vous nous racontez en quelques lignes, une activit\u00e9 que vous avez r\u00e9alis\u00e9 chez vous \u00e0 la maison. Vous nous pr\u00e9sentez quelque chose. Vous ajoutez une ou deux photos [&hellip;]<\/p>\n","protected":false},"author":2,"featured_media":0,"comment_status":"closed","ping_status":"open","sticky":false,"template":"","format":"standard","meta":{"footnotes":""},"categories":[13,7,8,9,10],"tags":[],"_links":{"self":[{"href":"https:\/\/ipoweb.bruxelles.be\/emileandre\/index.php?rest_route=\/wp\/v2\/posts\/1347"}],"collection":[{"href":"https:\/\/ipoweb.bruxelles.be\/emileandre\/index.php?rest_route=\/wp\/v2\/posts"}],"about":[{"href":"https:\/\/ipoweb.bruxelles.be\/emileandre\/index.php?rest_route=\/wp\/v2\/types\/post"}],"author":[{"embeddable":true,"href":"https:\/\/ipoweb.bruxelles.be\/emileandre\/index.php?rest_route=\/wp\/v2\/users\/2"}],"replies":[{"embeddable":true,"href":"https:\/\/ipoweb.bruxelles.be\/emileandre\/index.php?rest_route=%2Fwp%2Fv2%2Fcomments&post=1347"}],"version-history":[{"count":3,"href":"https:\/\/ipoweb.bruxelles.be\/emileandre\/index.php?rest_route=\/wp\/v2\/posts\/1347\/revisions"}],"predecessor-version":[{"id":1486,"href":"https:\/\/ipoweb.bruxelles.be\/emileandre\/index.php?rest_route=\/wp\/v2\/posts\/1347\/revisions\/1486"}],"wp:attachment":[{"href":"https:\/\/ipoweb.bruxelles.be\/emileandre\/index.php?rest_route=%2Fwp%2Fv2%2Fmedia&parent=1347"}],"wp:term":[{"taxonomy":"category","embeddable":true,"href":"https:\/\/ipoweb.bruxelles.be\/emileandre\/index.php?rest_route=%2Fwp%2Fv2%2Fcategories&post=1347"},{"taxonomy":"post_tag","embeddable":true,"href":"https:\/\/ipoweb.bruxelles.be\/emileandre\/index.php?rest_route=%2Fwp%2Fv2%2Ftags&post=1347"}],"curies":[{"name":"wp","href":"https:\/\/api.w.org\/{rel}","templated":true}]}}