{"id":1428,"date":"2020-03-26T14:45:20","date_gmt":"2020-03-26T13:45:20","guid":{"rendered":"http:\/\/ipoweb.bruxelles.be\/emileandre\/?p=1428"},"modified":"2020-03-28T07:44:17","modified_gmt":"2020-03-28T06:44:17","slug":"les-rebus-de-lecole","status":"publish","type":"post","link":"https:\/\/ipoweb.bruxelles.be\/emileandre\/?p=1428","title":{"rendered":"Les r\u00e9bus de l&rsquo;\u00e9cole"},"content":{"rendered":"\n<p>Un r\u00e9bus est un mot qui a \u00e9t\u00e9 s\u00e9par\u00e9 en sons et repr\u00e9sent\u00e9s par des dessins ou des lettres. Voici un petit exemple avant de commencer :<\/p>\n\n\n\n<div class=\"wp-block-image\"><figure class=\"aligncenter\"><img decoding=\"async\" src=\"http:\/\/ipoweb.bruxelles.be\/emileandre\/wp-content\/uploads\/2020\/03\/rebus8.jpg\" alt=\"\" class=\"wp-image-1430\"\/><figcaption>d\u00e9s &#8211; scie &#8211; nez  = dessiner<\/figcaption><\/figure><\/div>\n\n\n\n<p>A toi maintenant, en voici 7 \u00e0 retrouver. <br>Tous les mots se rapportent \u00e0 l&rsquo;\u00e9cole.<\/p>\n\n\n\n<figure class=\"wp-block-image\"><img decoding=\"async\" loading=\"lazy\" width=\"738\" height=\"220\" src=\"http:\/\/ipoweb.bruxelles.be\/emileandre\/wp-content\/uploads\/2020\/03\/r\u00e9bus2.jpg\" alt=\"\" class=\"wp-image-1422\" srcset=\"https:\/\/ipoweb.bruxelles.be\/emileandre\/wp-content\/uploads\/2020\/03\/r\u00e9bus2.jpg 738w, https:\/\/ipoweb.bruxelles.be\/emileandre\/wp-content\/uploads\/2020\/03\/r\u00e9bus2-300x89.jpg 300w\" sizes=\"(max-width: 738px) 100vw, 738px\" \/><\/figure>\n\n\n\n<figure class=\"wp-block-image\"><img decoding=\"async\" src=\"http:\/\/ipoweb.bruxelles.be\/emileandre\/wp-content\/uploads\/2020\/03\/rebus4.jpg\" alt=\"\" class=\"wp-image-1424\"\/><\/figure>\n\n\n\n<figure class=\"wp-block-image\"><img decoding=\"async\" src=\"http:\/\/ipoweb.bruxelles.be\/emileandre\/wp-content\/uploads\/2020\/03\/rebus3.jpg\" alt=\"\" class=\"wp-image-1423\"\/><\/figure>\n\n\n\n<figure class=\"wp-block-image\"><img decoding=\"async\" loading=\"lazy\" width=\"741\" height=\"253\" src=\"http:\/\/ipoweb.bruxelles.be\/emileandre\/wp-content\/uploads\/2020\/03\/r\u00e9bus1-1.jpg\" alt=\"\" class=\"wp-image-1433\" srcset=\"https:\/\/ipoweb.bruxelles.be\/emileandre\/wp-content\/uploads\/2020\/03\/r\u00e9bus1-1.jpg 741w, https:\/\/ipoweb.bruxelles.be\/emileandre\/wp-content\/uploads\/2020\/03\/r\u00e9bus1-1-300x102.jpg 300w\" sizes=\"(max-width: 741px) 100vw, 741px\" \/><\/figure>\n\n\n\n<figure class=\"wp-block-image\"><img decoding=\"async\" src=\"http:\/\/ipoweb.bruxelles.be\/emileandre\/wp-content\/uploads\/2020\/03\/rebus5.jpg\" alt=\"\" class=\"wp-image-1425\"\/><\/figure>\n\n\n\n<figure class=\"wp-block-image\"><img decoding=\"async\" src=\"http:\/\/ipoweb.bruxelles.be\/emileandre\/wp-content\/uploads\/2020\/03\/rebus4.jpg\" alt=\"\" class=\"wp-image-1424\"\/><\/figure>\n\n\n\n<figure class=\"wp-block-image\"><img decoding=\"async\" src=\"http:\/\/ipoweb.bruxelles.be\/emileandre\/wp-content\/uploads\/2020\/03\/rebus7.jpg\" alt=\"\" class=\"wp-image-1427\"\/><\/figure>\n\n\n\n<p>Lorsque tu as trouv\u00e9 les 7 noms, envoie tes r\u00e9ponses \u00e0<br><a href=\"emile.andre@brucity.education\">emile.andre@brucity.education<\/a><\/p>\n\n\n\n<p>Tableau, Sieste, R\u00e9fectoire,&nbsp; Biblioth\u00e8que, Toboggan, Sieste (encore une fois), &#8230;&#8230;\u2026 de r\u00e9cr\u00e9. <br>Marirn et sa maman n&rsquo;ont pas trouv\u00e9 le dernier<\/p>\n\n\n\n<p>1\/ Tableau 2\/ Sieste 3\/ R\u00e9fectoire 4\/ Biblioth\u00e8que 5\/ Tobogan 6\/ Sieste 7\/ Cours de r\u00e9cr\u00e9 <br> Leo  3\u00e8me P<\/p>\n\n\n\n<p>Bj\u00f8rn et Leo ont travaill\u00e9 ensemble sur les rebus en journ\u00e9e <br>Tableau, R\u00e9fectoire,&nbsp; Biblioth\u00e8que, Toboggan, Sieste, Cour de r\u00e9cr\u00e9. <br> <\/p>\n\n\n\n<p>En effet, le mot sieste est not\u00e9 deux fois !!!<br>Vite un autre pour faire passer cette erreur d&rsquo;inattention!<\/p>\n\n\n\n<figure class=\"wp-block-image\"><img decoding=\"async\" src=\"http:\/\/ipoweb.bruxelles.be\/emileandre\/wp-content\/uploads\/2020\/03\/rebus6.jpg\" alt=\"\" class=\"wp-image-1426\"\/><\/figure>\n\n\n\n<p><\/p>\n","protected":false},"excerpt":{"rendered":"<p>Un r\u00e9bus est un mot qui a \u00e9t\u00e9 s\u00e9par\u00e9 en sons et repr\u00e9sent\u00e9s par des dessins ou des lettres. Voici un petit exemple avant de commencer : A toi maintenant, en voici 7 \u00e0 retrouver. Tous les mots se rapportent \u00e0 l&rsquo;\u00e9cole. Lorsque tu as trouv\u00e9 les 7 noms, envoie tes r\u00e9ponses \u00e0emile.andre@brucity.education Tableau, Sieste, [&hellip;]<\/p>\n","protected":false},"author":2,"featured_media":0,"comment_status":"closed","ping_status":"open","sticky":false,"template":"","format":"standard","meta":{"footnotes":""},"categories":[7,8,9],"tags":[],"_links":{"self":[{"href":"https:\/\/ipoweb.bruxelles.be\/emileandre\/index.php?rest_route=\/wp\/v2\/posts\/1428"}],"collection":[{"href":"https:\/\/ipoweb.bruxelles.be\/emileandre\/index.php?rest_route=\/wp\/v2\/posts"}],"about":[{"href":"https:\/\/ipoweb.bruxelles.be\/emileandre\/index.php?rest_route=\/wp\/v2\/types\/post"}],"author":[{"embeddable":true,"href":"https:\/\/ipoweb.bruxelles.be\/emileandre\/index.php?rest_route=\/wp\/v2\/users\/2"}],"replies":[{"embeddable":true,"href":"https:\/\/ipoweb.bruxelles.be\/emileandre\/index.php?rest_route=%2Fwp%2Fv2%2Fcomments&post=1428"}],"version-history":[{"count":6,"href":"https:\/\/ipoweb.bruxelles.be\/emileandre\/index.php?rest_route=\/wp\/v2\/posts\/1428\/revisions"}],"predecessor-version":[{"id":1511,"href":"https:\/\/ipoweb.bruxelles.be\/emileandre\/index.php?rest_route=\/wp\/v2\/posts\/1428\/revisions\/1511"}],"wp:attachment":[{"href":"https:\/\/ipoweb.bruxelles.be\/emileandre\/index.php?rest_route=%2Fwp%2Fv2%2Fmedia&parent=1428"}],"wp:term":[{"taxonomy":"category","embeddable":true,"href":"https:\/\/ipoweb.bruxelles.be\/emileandre\/index.php?rest_route=%2Fwp%2Fv2%2Fcategories&post=1428"},{"taxonomy":"post_tag","embeddable":true,"href":"https:\/\/ipoweb.bruxelles.be\/emileandre\/index.php?rest_route=%2Fwp%2Fv2%2Ftags&post=1428"}],"curies":[{"name":"wp","href":"https:\/\/api.w.org\/{rel}","templated":true}]}}