{"id":1540,"date":"2020-03-30T10:25:29","date_gmt":"2020-03-30T08:25:29","guid":{"rendered":"http:\/\/ipoweb.bruxelles.be\/emileandre\/?p=1540"},"modified":"2020-03-30T11:12:31","modified_gmt":"2020-03-30T09:12:31","slug":"terrasse","status":"publish","type":"post","link":"https:\/\/ipoweb.bruxelles.be\/emileandre\/?p=1540","title":{"rendered":"Terrasse"},"content":{"rendered":"\n<p>Pour ceux et celles qui sont d\u00e9\u00e7u.e.s de ne pas avoir de math\u00e9matiques aujourd&rsquo;hui, voici un petit d\u00e9fi tout \u00e0 fait \u00e0 votre port\u00e9e.<\/p>\n\n\n\n<div class=\"wp-block-image\"><figure class=\"aligncenter is-resized\"><img decoding=\"async\" loading=\"lazy\" src=\"http:\/\/ipoweb.bruxelles.be\/emileandre\/wp-content\/uploads\/2020\/03\/terrasse4.jpg\" alt=\"\" class=\"wp-image-1546\" width=\"313\" height=\"235\" srcset=\"https:\/\/ipoweb.bruxelles.be\/emileandre\/wp-content\/uploads\/2020\/03\/terrasse4.jpg 936w, https:\/\/ipoweb.bruxelles.be\/emileandre\/wp-content\/uploads\/2020\/03\/terrasse4-300x225.jpg 300w, https:\/\/ipoweb.bruxelles.be\/emileandre\/wp-content\/uploads\/2020\/03\/terrasse4-768x576.jpg 768w\" sizes=\"(max-width: 313px) 100vw, 313px\" \/><\/figure><\/div>\n\n\n\n<p>Aujourd&rsquo;hui, op\u00e9ration nettoyage de terrasse. Adieu la mousse et les taches !<br>Voici ma terrasse, elle mesure 5 m 70 de longueur sur 4 m 80 de largeur.<\/p>\n\n\n\n<figure class=\"wp-block-image\"><img decoding=\"async\" loading=\"lazy\" width=\"1024\" height=\"403\" src=\"http:\/\/ipoweb.bruxelles.be\/emileandre\/wp-content\/uploads\/2020\/03\/terrasse3-1024x403.jpg\" alt=\"\" class=\"wp-image-1545\" srcset=\"https:\/\/ipoweb.bruxelles.be\/emileandre\/wp-content\/uploads\/2020\/03\/terrasse3-1024x403.jpg 1024w, https:\/\/ipoweb.bruxelles.be\/emileandre\/wp-content\/uploads\/2020\/03\/terrasse3-300x118.jpg 300w, https:\/\/ipoweb.bruxelles.be\/emileandre\/wp-content\/uploads\/2020\/03\/terrasse3-768x302.jpg 768w, https:\/\/ipoweb.bruxelles.be\/emileandre\/wp-content\/uploads\/2020\/03\/terrasse3.jpg 1280w\" sizes=\"(max-width: 1024px) 100vw, 1024px\" \/><\/figure>\n\n\n\n<p>Elle est compos\u00e9e de dalles de 60 cm sur 60 cm. Il me faut 45 secondes pour nettoyer une dalle.<\/p>\n\n\n\n<div class=\"wp-block-image\"><figure class=\"aligncenter is-resized\"><img decoding=\"async\" loading=\"lazy\" src=\"http:\/\/ipoweb.bruxelles.be\/emileandre\/wp-content\/uploads\/2020\/03\/dalle.jpg\" alt=\"\" class=\"wp-image-1542\" width=\"144\" height=\"145\" srcset=\"https:\/\/ipoweb.bruxelles.be\/emileandre\/wp-content\/uploads\/2020\/03\/dalle.jpg 720w, https:\/\/ipoweb.bruxelles.be\/emileandre\/wp-content\/uploads\/2020\/03\/dalle-150x150.jpg 150w, https:\/\/ipoweb.bruxelles.be\/emileandre\/wp-content\/uploads\/2020\/03\/dalle-298x300.jpg 298w, https:\/\/ipoweb.bruxelles.be\/emileandre\/wp-content\/uploads\/2020\/03\/dalle-60x60.jpg 60w\" sizes=\"(max-width: 144px) 100vw, 144px\" \/><\/figure><\/div>\n\n\n\n<p>Je n&rsquo;ai pas nettoy\u00e9 en dessous de l&rsquo;escalier qui fait 3 m 60 cm sur 90 cm.<\/p>\n\n\n\n<figure class=\"wp-block-image\"><img decoding=\"async\" loading=\"lazy\" width=\"791\" height=\"443\" src=\"http:\/\/ipoweb.bruxelles.be\/emileandre\/wp-content\/uploads\/2020\/03\/escalier.jpg\" alt=\"\" class=\"wp-image-1548\" srcset=\"https:\/\/ipoweb.bruxelles.be\/emileandre\/wp-content\/uploads\/2020\/03\/escalier.jpg 791w, https:\/\/ipoweb.bruxelles.be\/emileandre\/wp-content\/uploads\/2020\/03\/escalier-300x168.jpg 300w, https:\/\/ipoweb.bruxelles.be\/emileandre\/wp-content\/uploads\/2020\/03\/escalier-768x430.jpg 768w\" sizes=\"(max-width: 791px) 100vw, 791px\" \/><\/figure>\n\n\n\n<p>Voil\u00e0 le r\u00e9sultat ! Est-ce que ce nettoyage m&rsquo;a pris plus ou moins qu&rsquo;une heure ? Bonne recherches, bons calculs.<\/p>\n\n\n\n<figure class=\"wp-block-image\"><img decoding=\"async\" loading=\"lazy\" width=\"936\" height=\"702\" src=\"http:\/\/ipoweb.bruxelles.be\/emileandre\/wp-content\/uploads\/2020\/03\/terrasse-1.jpg\" alt=\"\" class=\"wp-image-1543\" srcset=\"https:\/\/ipoweb.bruxelles.be\/emileandre\/wp-content\/uploads\/2020\/03\/terrasse-1.jpg 936w, https:\/\/ipoweb.bruxelles.be\/emileandre\/wp-content\/uploads\/2020\/03\/terrasse-1-300x225.jpg 300w, https:\/\/ipoweb.bruxelles.be\/emileandre\/wp-content\/uploads\/2020\/03\/terrasse-1-768x576.jpg 768w\" sizes=\"(max-width: 936px) 100vw, 936px\" \/><\/figure>\n\n\n\n<p>Vos r\u00e9ponses sur<br><a href=\"emile.andre@brucity.education\">emile.andre@brucity.education<\/a><\/p>\n","protected":false},"excerpt":{"rendered":"<p>Pour ceux et celles qui sont d\u00e9\u00e7u.e.s de ne pas avoir de math\u00e9matiques aujourd&rsquo;hui, voici un petit d\u00e9fi tout \u00e0 fait \u00e0 votre port\u00e9e. Aujourd&rsquo;hui, op\u00e9ration nettoyage de terrasse. Adieu la mousse et les taches !Voici ma terrasse, elle mesure 5 m 70 de longueur sur 4 m 80 de largeur. Elle est compos\u00e9e de [&hellip;]<\/p>\n","protected":false},"author":2,"featured_media":0,"comment_status":"closed","ping_status":"open","sticky":false,"template":"","format":"standard","meta":{"footnotes":""},"categories":[10],"tags":[],"_links":{"self":[{"href":"https:\/\/ipoweb.bruxelles.be\/emileandre\/index.php?rest_route=\/wp\/v2\/posts\/1540"}],"collection":[{"href":"https:\/\/ipoweb.bruxelles.be\/emileandre\/index.php?rest_route=\/wp\/v2\/posts"}],"about":[{"href":"https:\/\/ipoweb.bruxelles.be\/emileandre\/index.php?rest_route=\/wp\/v2\/types\/post"}],"author":[{"embeddable":true,"href":"https:\/\/ipoweb.bruxelles.be\/emileandre\/index.php?rest_route=\/wp\/v2\/users\/2"}],"replies":[{"embeddable":true,"href":"https:\/\/ipoweb.bruxelles.be\/emileandre\/index.php?rest_route=%2Fwp%2Fv2%2Fcomments&post=1540"}],"version-history":[{"count":4,"href":"https:\/\/ipoweb.bruxelles.be\/emileandre\/index.php?rest_route=\/wp\/v2\/posts\/1540\/revisions"}],"predecessor-version":[{"id":1559,"href":"https:\/\/ipoweb.bruxelles.be\/emileandre\/index.php?rest_route=\/wp\/v2\/posts\/1540\/revisions\/1559"}],"wp:attachment":[{"href":"https:\/\/ipoweb.bruxelles.be\/emileandre\/index.php?rest_route=%2Fwp%2Fv2%2Fmedia&parent=1540"}],"wp:term":[{"taxonomy":"category","embeddable":true,"href":"https:\/\/ipoweb.bruxelles.be\/emileandre\/index.php?rest_route=%2Fwp%2Fv2%2Fcategories&post=1540"},{"taxonomy":"post_tag","embeddable":true,"href":"https:\/\/ipoweb.bruxelles.be\/emileandre\/index.php?rest_route=%2Fwp%2Fv2%2Ftags&post=1540"}],"curies":[{"name":"wp","href":"https:\/\/api.w.org\/{rel}","templated":true}]}}