{"id":1557,"date":"2020-03-30T11:02:08","date_gmt":"2020-03-30T09:02:08","guid":{"rendered":"http:\/\/ipoweb.bruxelles.be\/emileandre\/?p=1557"},"modified":"2020-04-02T14:18:40","modified_gmt":"2020-04-02T12:18:40","slug":"les-fruits-cest-bon-mais-cest-aussi-beau","status":"publish","type":"post","link":"https:\/\/ipoweb.bruxelles.be\/emileandre\/?p=1557","title":{"rendered":"Les fruits, c&rsquo;est bon mais c&rsquo;est aussi beau !"},"content":{"rendered":"\n<p>Arcimboldo est un peintre qui a peint de nombreux tableaux en repr\u00e9sentant des visages avec des fruits et des l\u00e9gumes.<\/p>\n\n\n\n<div class=\"wp-block-image\"><figure class=\"aligncenter is-resized\"><img decoding=\"async\" loading=\"lazy\" src=\"http:\/\/ipoweb.bruxelles.be\/emileandre\/wp-content\/uploads\/2020\/03\/Arcimboldo.jpg\" alt=\"\" class=\"wp-image-1553\" width=\"384\" height=\"481\"\/><\/figure><\/div>\n\n\n\n<p>Nous te proposons de faire comme lui mais avec de vrais fruits et l\u00e9gumes qui se trouve \u00e0 la maison et que tu auras demand\u00e9 \u00e0 papa ou \u00e0 maman.<br><br>Tu les d\u00e9places doucement parce qu&rsquo;apr\u00e8s il faudra encore pouvoir les  manger.<\/p>\n\n\n\n<p>Madame Najet a essay\u00e9 chez elle, \u00e0 la maison, voil\u00e0 ce qu&rsquo;elle a r\u00e9alis\u00e9 :<\/p>\n\n\n\n<ul class=\"wp-block-gallery columns-3 is-cropped wp-block-gallery-1 is-layout-flex wp-block-gallery-is-layout-flex\"><li class=\"blocks-gallery-item\"><figure><img decoding=\"async\" loading=\"lazy\" width=\"936\" height=\"702\" src=\"http:\/\/ipoweb.bruxelles.be\/emileandre\/wp-content\/uploads\/2020\/03\/fruits2.jpg\" alt=\"\" data-id=\"1555\" data-link=\"http:\/\/ipoweb.bruxelles.be\/emileandre\/?attachment_id=1555\" class=\"wp-image-1555\" srcset=\"https:\/\/ipoweb.bruxelles.be\/emileandre\/wp-content\/uploads\/2020\/03\/fruits2.jpg 936w, https:\/\/ipoweb.bruxelles.be\/emileandre\/wp-content\/uploads\/2020\/03\/fruits2-300x225.jpg 300w, https:\/\/ipoweb.bruxelles.be\/emileandre\/wp-content\/uploads\/2020\/03\/fruits2-768x576.jpg 768w\" sizes=\"(max-width: 936px) 100vw, 936px\" \/><\/figure><\/li><li class=\"blocks-gallery-item\"><figure><img decoding=\"async\" loading=\"lazy\" width=\"864\" height=\"735\" src=\"http:\/\/ipoweb.bruxelles.be\/emileandre\/wp-content\/uploads\/2020\/03\/fruits1.jpg\" alt=\"\" data-id=\"1554\" data-link=\"http:\/\/ipoweb.bruxelles.be\/emileandre\/?attachment_id=1554\" class=\"wp-image-1554\" srcset=\"https:\/\/ipoweb.bruxelles.be\/emileandre\/wp-content\/uploads\/2020\/03\/fruits1.jpg 864w, https:\/\/ipoweb.bruxelles.be\/emileandre\/wp-content\/uploads\/2020\/03\/fruits1-300x255.jpg 300w, https:\/\/ipoweb.bruxelles.be\/emileandre\/wp-content\/uploads\/2020\/03\/fruits1-768x653.jpg 768w\" sizes=\"(max-width: 864px) 100vw, 864px\" \/><\/figure><\/li><li class=\"blocks-gallery-item\"><figure><img decoding=\"async\" loading=\"lazy\" width=\"720\" height=\"960\" src=\"http:\/\/ipoweb.bruxelles.be\/emileandre\/wp-content\/uploads\/2020\/03\/fruits3.jpg\" alt=\"\" data-id=\"1556\" data-link=\"http:\/\/ipoweb.bruxelles.be\/emileandre\/?attachment_id=1556\" class=\"wp-image-1556\" srcset=\"https:\/\/ipoweb.bruxelles.be\/emileandre\/wp-content\/uploads\/2020\/03\/fruits3.jpg 720w, https:\/\/ipoweb.bruxelles.be\/emileandre\/wp-content\/uploads\/2020\/03\/fruits3-225x300.jpg 225w\" sizes=\"(max-width: 720px) 100vw, 720px\" \/><\/figure><\/li><\/ul>\n\n\n\n<p>Tu peux aussi repr\u00e9senter des animaux, des objets, \u2026. <br>Envoie-nous des photos de tes \u0153uvres qu&rsquo;on puisse les ajouter ci-dessous<br>.<a href=\"emile.andre@brucity.education\">emile.andre@brucity.education<\/a><\/p>\n\n\n\n<p>Le bel animal de Hajar<\/p>\n\n\n\n<div class=\"wp-block-image\"><figure class=\"aligncenter is-resized\"><img decoding=\"async\" loading=\"lazy\" src=\"http:\/\/ipoweb.bruxelles.be\/emileandre\/wp-content\/uploads\/2020\/03\/Hajar-1-617x1024.jpg\" alt=\"\" class=\"wp-image-1566\" width=\"340\" height=\"563\" srcset=\"https:\/\/ipoweb.bruxelles.be\/emileandre\/wp-content\/uploads\/2020\/03\/Hajar-1-617x1024.jpg 617w, https:\/\/ipoweb.bruxelles.be\/emileandre\/wp-content\/uploads\/2020\/03\/Hajar-1-181x300.jpg 181w, https:\/\/ipoweb.bruxelles.be\/emileandre\/wp-content\/uploads\/2020\/03\/Hajar-1.jpg 648w\" sizes=\"(max-width: 340px) 100vw, 340px\" \/><\/figure><\/div>\n\n\n\n<p>Le personnage original d&rsquo;Abderrahman<\/p>\n\n\n\n<div class=\"wp-block-image\"><figure class=\"aligncenter is-resized\"><img decoding=\"async\" loading=\"lazy\" src=\"http:\/\/ipoweb.bruxelles.be\/emileandre\/wp-content\/uploads\/2020\/03\/Abderrahman-1.png\" alt=\"\" class=\"wp-image-1565\" width=\"322\" height=\"429\" srcset=\"https:\/\/ipoweb.bruxelles.be\/emileandre\/wp-content\/uploads\/2020\/03\/Abderrahman-1.png 720w, https:\/\/ipoweb.bruxelles.be\/emileandre\/wp-content\/uploads\/2020\/03\/Abderrahman-1-225x300.png 225w\" sizes=\"(max-width: 322px) 100vw, 322px\" \/><\/figure><\/div>\n\n\n\n<p>Voici le visage de Mali, \u00e0 base d&rsquo;aubergines et de fenouil !<\/p>\n\n\n\n<figure class=\"wp-block-image\"><img decoding=\"async\" loading=\"lazy\" width=\"936\" height=\"735\" src=\"http:\/\/ipoweb.bruxelles.be\/emileandre\/wp-content\/uploads\/2020\/03\/Mali.jpg\" alt=\"\" class=\"wp-image-1592\" srcset=\"https:\/\/ipoweb.bruxelles.be\/emileandre\/wp-content\/uploads\/2020\/03\/Mali.jpg 936w, https:\/\/ipoweb.bruxelles.be\/emileandre\/wp-content\/uploads\/2020\/03\/Mali-300x236.jpg 300w, https:\/\/ipoweb.bruxelles.be\/emileandre\/wp-content\/uploads\/2020\/03\/Mali-768x603.jpg 768w\" sizes=\"(max-width: 936px) 100vw, 936px\" \/><\/figure>\n\n\n\n<p>Et voici la cr\u00e9ation de Reyna ! Quel sourire et quelles boucles d&rsquo;oreilles originales !<\/p>\n\n\n\n<figure class=\"wp-block-image\"><img decoding=\"async\" loading=\"lazy\" width=\"768\" height=\"1024\" src=\"http:\/\/ipoweb.bruxelles.be\/emileandre\/wp-content\/uploads\/2020\/03\/IMG_0813-768x1024.jpg\" alt=\"\" class=\"wp-image-1596\" srcset=\"https:\/\/ipoweb.bruxelles.be\/emileandre\/wp-content\/uploads\/2020\/03\/IMG_0813-768x1024.jpg 768w, https:\/\/ipoweb.bruxelles.be\/emileandre\/wp-content\/uploads\/2020\/03\/IMG_0813-225x300.jpg 225w, https:\/\/ipoweb.bruxelles.be\/emileandre\/wp-content\/uploads\/2020\/03\/IMG_0813.jpg 1575w\" sizes=\"(max-width: 768px) 100vw, 768px\" \/><\/figure>\n\n\n\n<p>La composition d&rsquo;Ilmo<\/p>\n\n\n\n<div class=\"wp-block-image\"><figure class=\"aligncenter\"><img decoding=\"async\" loading=\"lazy\" width=\"481\" height=\"640\" src=\"http:\/\/ipoweb.bruxelles.be\/emileandre\/wp-content\/uploads\/2020\/04\/Ilmo1.png\" alt=\"\" class=\"wp-image-1720\" srcset=\"https:\/\/ipoweb.bruxelles.be\/emileandre\/wp-content\/uploads\/2020\/04\/Ilmo1.png 481w, https:\/\/ipoweb.bruxelles.be\/emileandre\/wp-content\/uploads\/2020\/04\/Ilmo1-225x300.png 225w\" sizes=\"(max-width: 481px) 100vw, 481px\" \/><\/figure><\/div>\n","protected":false},"excerpt":{"rendered":"<p>Arcimboldo est un peintre qui a peint de nombreux tableaux en repr\u00e9sentant des visages avec des fruits et des l\u00e9gumes. Nous te proposons de faire comme lui mais avec de vrais fruits et l\u00e9gumes qui se trouve \u00e0 la maison et que tu auras demand\u00e9 \u00e0 papa ou \u00e0 maman. Tu les d\u00e9places doucement parce [&hellip;]<\/p>\n","protected":false},"author":2,"featured_media":0,"comment_status":"closed","ping_status":"open","sticky":false,"template":"","format":"standard","meta":{"footnotes":""},"categories":[7,8],"tags":[],"_links":{"self":[{"href":"https:\/\/ipoweb.bruxelles.be\/emileandre\/index.php?rest_route=\/wp\/v2\/posts\/1557"}],"collection":[{"href":"https:\/\/ipoweb.bruxelles.be\/emileandre\/index.php?rest_route=\/wp\/v2\/posts"}],"about":[{"href":"https:\/\/ipoweb.bruxelles.be\/emileandre\/index.php?rest_route=\/wp\/v2\/types\/post"}],"author":[{"embeddable":true,"href":"https:\/\/ipoweb.bruxelles.be\/emileandre\/index.php?rest_route=\/wp\/v2\/users\/2"}],"replies":[{"embeddable":true,"href":"https:\/\/ipoweb.bruxelles.be\/emileandre\/index.php?rest_route=%2Fwp%2Fv2%2Fcomments&post=1557"}],"version-history":[{"count":6,"href":"https:\/\/ipoweb.bruxelles.be\/emileandre\/index.php?rest_route=\/wp\/v2\/posts\/1557\/revisions"}],"predecessor-version":[{"id":1728,"href":"https:\/\/ipoweb.bruxelles.be\/emileandre\/index.php?rest_route=\/wp\/v2\/posts\/1557\/revisions\/1728"}],"wp:attachment":[{"href":"https:\/\/ipoweb.bruxelles.be\/emileandre\/index.php?rest_route=%2Fwp%2Fv2%2Fmedia&parent=1557"}],"wp:term":[{"taxonomy":"category","embeddable":true,"href":"https:\/\/ipoweb.bruxelles.be\/emileandre\/index.php?rest_route=%2Fwp%2Fv2%2Fcategories&post=1557"},{"taxonomy":"post_tag","embeddable":true,"href":"https:\/\/ipoweb.bruxelles.be\/emileandre\/index.php?rest_route=%2Fwp%2Fv2%2Ftags&post=1557"}],"curies":[{"name":"wp","href":"https:\/\/api.w.org\/{rel}","templated":true}]}}