{"id":209,"date":"2019-04-29T20:31:03","date_gmt":"2019-04-29T18:31:03","guid":{"rendered":"http:\/\/ipoweb.bruxelles.be\/emileandre\/?p=209"},"modified":"2019-04-30T21:15:06","modified_gmt":"2019-04-30T19:15:06","slug":"notre-fresque","status":"publish","type":"post","link":"https:\/\/ipoweb.bruxelles.be\/emileandre\/?p=209","title":{"rendered":"Notre fresque"},"content":{"rendered":"\n<p style=\"text-align:center\">C&rsquo;est aujourd&rsquo;hui que nous d\u00e9voilons la superbe fresque toujours cach\u00e9e qui orne notre pr\u00e9au depuis jeudi pass\u00e9. Une fresque franco-arabe issue d&rsquo;un livre de Mathilde Ch\u00e8vre, invit\u00e9e par le Wolf.  <\/p>\n\n\n\n<figure class=\"wp-block-image\"><img decoding=\"async\" loading=\"lazy\" width=\"1024\" height=\"768\" src=\"http:\/\/ipoweb.bruxelles.be\/emileandre\/wp-content\/uploads\/2019\/04\/fresque1-1024x768.jpg\" alt=\"\" class=\"wp-image-202\" srcset=\"https:\/\/ipoweb.bruxelles.be\/emileandre\/wp-content\/uploads\/2019\/04\/fresque1-1024x768.jpg 1024w, https:\/\/ipoweb.bruxelles.be\/emileandre\/wp-content\/uploads\/2019\/04\/fresque1-300x225.jpg 300w, https:\/\/ipoweb.bruxelles.be\/emileandre\/wp-content\/uploads\/2019\/04\/fresque1-768x576.jpg 768w\" sizes=\"(max-width: 1024px) 100vw, 1024px\" \/><figcaption>El\u00e8ves et parents sont impatients !<\/figcaption><\/figure>\n\n\n\n<figure class=\"wp-block-image\"><img decoding=\"async\" loading=\"lazy\" width=\"1024\" height=\"760\" src=\"http:\/\/ipoweb.bruxelles.be\/emileandre\/wp-content\/uploads\/2019\/04\/fresque2-1024x760.jpg\" alt=\"\" class=\"wp-image-203\" srcset=\"https:\/\/ipoweb.bruxelles.be\/emileandre\/wp-content\/uploads\/2019\/04\/fresque2-1024x760.jpg 1024w, https:\/\/ipoweb.bruxelles.be\/emileandre\/wp-content\/uploads\/2019\/04\/fresque2-300x223.jpg 300w, https:\/\/ipoweb.bruxelles.be\/emileandre\/wp-content\/uploads\/2019\/04\/fresque2-768x570.jpg 768w\" sizes=\"(max-width: 1024px) 100vw, 1024px\" \/><figcaption>Encore un peu de patience !<\/figcaption><\/figure>\n\n\n\n<p>Les \u00e9l\u00e8ves de quatri\u00e8me ann\u00e9e nous racontent l&rsquo;histoire de \u00ab\u00a0La roue de Tarek\u00a0\u00bb d&rsquo;o\u00f9 est issue la fresque.<br><br>Il \u00e9tait une fois, un jeune gar\u00e7on, Tarek qui vit en Alg\u00e9rie. Il passe ses journ\u00e9es \u00e0 jouer avec un pneu quand un jour alors qu&rsquo;il remet son soulier, sa roue continue \u00e0 rouler et dispara\u00eet. Le voil\u00e0 parti \u00e0 la recherche de son pneu, son jeu pr\u00e9f\u00e9r\u00e9, son meilleur copain, \u2026.. <br><br>Pour conna\u00eetre la suite, cherche \u00ab\u00a0La roue de Tarek\u00a0\u00bb de Mathilde Ch\u00e8vre aux \u00e9ditions \u00ab\u00a0Le port a jauni\u00a0\u00bb<\/p>\n\n\n\n<p>Et cette fresque ! On peut la voir ?<\/p>\n\n\n\n<figure class=\"wp-block-image\"><img decoding=\"async\" loading=\"lazy\" width=\"1024\" height=\"768\" src=\"http:\/\/ipoweb.bruxelles.be\/emileandre\/wp-content\/uploads\/2019\/04\/fresque3-1024x768.jpg\" alt=\"\" class=\"wp-image-204\" srcset=\"https:\/\/ipoweb.bruxelles.be\/emileandre\/wp-content\/uploads\/2019\/04\/fresque3-1024x768.jpg 1024w, https:\/\/ipoweb.bruxelles.be\/emileandre\/wp-content\/uploads\/2019\/04\/fresque3-300x225.jpg 300w, https:\/\/ipoweb.bruxelles.be\/emileandre\/wp-content\/uploads\/2019\/04\/fresque3-768x576.jpg 768w\" sizes=\"(max-width: 1024px) 100vw, 1024px\" \/><figcaption>Enlevons ces tentures qui cachent la fresque !<\/figcaption><\/figure>\n\n\n\n<figure class=\"wp-block-image\"><img decoding=\"async\" loading=\"lazy\" width=\"1024\" height=\"738\" src=\"http:\/\/ipoweb.bruxelles.be\/emileandre\/wp-content\/uploads\/2019\/04\/fresque4-1024x738.jpg\" alt=\"\" class=\"wp-image-205\" srcset=\"https:\/\/ipoweb.bruxelles.be\/emileandre\/wp-content\/uploads\/2019\/04\/fresque4-1024x738.jpg 1024w, https:\/\/ipoweb.bruxelles.be\/emileandre\/wp-content\/uploads\/2019\/04\/fresque4-300x216.jpg 300w, https:\/\/ipoweb.bruxelles.be\/emileandre\/wp-content\/uploads\/2019\/04\/fresque4-768x553.jpg 768w\" sizes=\"(max-width: 1024px) 100vw, 1024px\" \/><figcaption>Voil\u00e0 ce magnifique dessin avec des textes en fran\u00e7ais et en arabe.<\/figcaption><\/figure>\n\n\n\n<figure class=\"wp-block-image\"><img decoding=\"async\" loading=\"lazy\" width=\"1024\" height=\"405\" src=\"http:\/\/ipoweb.bruxelles.be\/emileandre\/wp-content\/uploads\/2019\/04\/fresque5-1024x405.jpg\" alt=\"\" class=\"wp-image-206\" srcset=\"https:\/\/ipoweb.bruxelles.be\/emileandre\/wp-content\/uploads\/2019\/04\/fresque5-1024x405.jpg 1024w, https:\/\/ipoweb.bruxelles.be\/emileandre\/wp-content\/uploads\/2019\/04\/fresque5-300x119.jpg 300w, https:\/\/ipoweb.bruxelles.be\/emileandre\/wp-content\/uploads\/2019\/04\/fresque5-768x304.jpg 768w\" sizes=\"(max-width: 1024px) 100vw, 1024px\" \/><figcaption>Tarek croit voir son pneu partout mais ce n&rsquo;est jamais le sien.<\/figcaption><\/figure>\n\n\n\n<figure class=\"wp-block-image\"><img decoding=\"async\" loading=\"lazy\" width=\"1024\" height=\"768\" src=\"http:\/\/ipoweb.bruxelles.be\/emileandre\/wp-content\/uploads\/2019\/04\/fresque6-1024x768.jpg\" alt=\"\" class=\"wp-image-207\" srcset=\"https:\/\/ipoweb.bruxelles.be\/emileandre\/wp-content\/uploads\/2019\/04\/fresque6-1024x768.jpg 1024w, https:\/\/ipoweb.bruxelles.be\/emileandre\/wp-content\/uploads\/2019\/04\/fresque6-300x225.jpg 300w, https:\/\/ipoweb.bruxelles.be\/emileandre\/wp-content\/uploads\/2019\/04\/fresque6-768x576.jpg 768w\" sizes=\"(max-width: 1024px) 100vw, 1024px\" \/><figcaption>Mathilde Ch\u00e8vre s&rsquo;entretient avec les trois artistes qui ont r\u00e9alis\u00e9 cette fresque grandiose.<\/figcaption><\/figure>\n\n\n\n<p>Si nous avons r\u00e9pondu \u00ab\u00a0oui\u00a0\u00bb avec un tel enthousiasme lorsque le Wolf nous a propos\u00e9 d&rsquo;accueillir cette fresque g\u00e9ante de la page centrale du livre de Mathilde Ch\u00e8vre, c&rsquo;est parce qu&rsquo;elle sera pour nous le signe de ce que nous tentons de vivre au quotidien dans l&rsquo;\u00e9cole.<br>Nous croyons, en effet, que les origines multiples des \u00e9l\u00e8ves et familles qui fr\u00e9quentent l&rsquo;\u00e9cole constituent une vraie richesse pour tous. Ce que chacun, chacune apporte aux autres, de son pays ou de sa famille d&rsquo;origine, permet \u00e0 tous d&rsquo;avancer vers un vivre ensemble plus harmonieux dans l&rsquo;\u00e9cole mais aussi en dehors.<br><\/p>\n","protected":false},"excerpt":{"rendered":"<p>C&rsquo;est aujourd&rsquo;hui que nous d\u00e9voilons la superbe fresque toujours cach\u00e9e qui orne notre pr\u00e9au depuis jeudi pass\u00e9. Une fresque franco-arabe issue d&rsquo;un livre de Mathilde Ch\u00e8vre, invit\u00e9e par le Wolf. Les \u00e9l\u00e8ves de quatri\u00e8me ann\u00e9e nous racontent l&rsquo;histoire de \u00ab\u00a0La roue de Tarek\u00a0\u00bb d&rsquo;o\u00f9 est issue la fresque. Il \u00e9tait une fois, un jeune gar\u00e7on, [&hellip;]<\/p>\n","protected":false},"author":2,"featured_media":0,"comment_status":"closed","ping_status":"open","sticky":false,"template":"","format":"standard","meta":{"footnotes":""},"categories":[13],"tags":[],"_links":{"self":[{"href":"https:\/\/ipoweb.bruxelles.be\/emileandre\/index.php?rest_route=\/wp\/v2\/posts\/209"}],"collection":[{"href":"https:\/\/ipoweb.bruxelles.be\/emileandre\/index.php?rest_route=\/wp\/v2\/posts"}],"about":[{"href":"https:\/\/ipoweb.bruxelles.be\/emileandre\/index.php?rest_route=\/wp\/v2\/types\/post"}],"author":[{"embeddable":true,"href":"https:\/\/ipoweb.bruxelles.be\/emileandre\/index.php?rest_route=\/wp\/v2\/users\/2"}],"replies":[{"embeddable":true,"href":"https:\/\/ipoweb.bruxelles.be\/emileandre\/index.php?rest_route=%2Fwp%2Fv2%2Fcomments&post=209"}],"version-history":[{"count":3,"href":"https:\/\/ipoweb.bruxelles.be\/emileandre\/index.php?rest_route=\/wp\/v2\/posts\/209\/revisions"}],"predecessor-version":[{"id":243,"href":"https:\/\/ipoweb.bruxelles.be\/emileandre\/index.php?rest_route=\/wp\/v2\/posts\/209\/revisions\/243"}],"wp:attachment":[{"href":"https:\/\/ipoweb.bruxelles.be\/emileandre\/index.php?rest_route=%2Fwp%2Fv2%2Fmedia&parent=209"}],"wp:term":[{"taxonomy":"category","embeddable":true,"href":"https:\/\/ipoweb.bruxelles.be\/emileandre\/index.php?rest_route=%2Fwp%2Fv2%2Fcategories&post=209"},{"taxonomy":"post_tag","embeddable":true,"href":"https:\/\/ipoweb.bruxelles.be\/emileandre\/index.php?rest_route=%2Fwp%2Fv2%2Ftags&post=209"}],"curies":[{"name":"wp","href":"https:\/\/api.w.org\/{rel}","templated":true}]}}