{"id":2190,"date":"2020-04-29T11:12:45","date_gmt":"2020-04-29T09:12:45","guid":{"rendered":"http:\/\/ipoweb.bruxelles.be\/emileandre\/?p=2190"},"modified":"2020-04-29T11:13:02","modified_gmt":"2020-04-29T09:13:02","slug":"aujourdhui-nous-fabriquons-des-ponts","status":"publish","type":"post","link":"https:\/\/ipoweb.bruxelles.be\/emileandre\/?p=2190","title":{"rendered":"Aujourd&rsquo;hui, nous fabriquons des ponts !"},"content":{"rendered":"\n<figure class=\"wp-block-image\"><img decoding=\"async\" loading=\"lazy\" width=\"1024\" height=\"766\" src=\"http:\/\/ipoweb.bruxelles.be\/emileandre\/wp-content\/uploads\/2020\/04\/ponts-1024x766.jpg\" alt=\"\" class=\"wp-image-2189\" srcset=\"https:\/\/ipoweb.bruxelles.be\/emileandre\/wp-content\/uploads\/2020\/04\/ponts-1024x766.jpg 1024w, https:\/\/ipoweb.bruxelles.be\/emileandre\/wp-content\/uploads\/2020\/04\/ponts-300x224.jpg 300w, https:\/\/ipoweb.bruxelles.be\/emileandre\/wp-content\/uploads\/2020\/04\/ponts-768x575.jpg 768w, https:\/\/ipoweb.bruxelles.be\/emileandre\/wp-content\/uploads\/2020\/04\/ponts.jpg 1724w\" sizes=\"(max-width: 1024px) 100vw, 1024px\" \/><\/figure>\n\n\n\n<p>Eh ! Oui, des ponts d\u00e9coratifs ! Une feuille \u00e0 imprimer (ou tu peux aussi les dessiner toi-m\u00eame ou demander \u00e0 un grand), des ciseaux, des crayons \u00e0 colorier et de la colle ! On y va ?<\/p>\n\n\n\n<div class=\"wp-block-file\"><a href=\"http:\/\/ipoweb.bruxelles.be\/emileandre\/wp-content\/uploads\/2020\/04\/126642727.pdf\">Des ponts<\/a><a href=\"http:\/\/ipoweb.bruxelles.be\/emileandre\/wp-content\/uploads\/2020\/04\/126642727.pdf\" class=\"wp-block-file__button\" download>T\u00e9l\u00e9charger<\/a><\/div>\n\n\n\n<p>Et comme d&rsquo;habitude, une photo lorsque tu as fini ! <a href=\"emile.andre@brucity.education\">emile.andre@brucity.education<\/a><\/p>\n","protected":false},"excerpt":{"rendered":"<p>Eh ! Oui, des ponts d\u00e9coratifs ! Une feuille \u00e0 imprimer (ou tu peux aussi les dessiner toi-m\u00eame ou demander \u00e0 un grand), des ciseaux, des crayons \u00e0 colorier et de la colle ! On y va ? Et comme d&rsquo;habitude, une photo lorsque tu as fini ! emile.andre@brucity.education<\/p>\n","protected":false},"author":2,"featured_media":0,"comment_status":"closed","ping_status":"open","sticky":false,"template":"","format":"standard","meta":{"footnotes":""},"categories":[7,8],"tags":[],"_links":{"self":[{"href":"https:\/\/ipoweb.bruxelles.be\/emileandre\/index.php?rest_route=\/wp\/v2\/posts\/2190"}],"collection":[{"href":"https:\/\/ipoweb.bruxelles.be\/emileandre\/index.php?rest_route=\/wp\/v2\/posts"}],"about":[{"href":"https:\/\/ipoweb.bruxelles.be\/emileandre\/index.php?rest_route=\/wp\/v2\/types\/post"}],"author":[{"embeddable":true,"href":"https:\/\/ipoweb.bruxelles.be\/emileandre\/index.php?rest_route=\/wp\/v2\/users\/2"}],"replies":[{"embeddable":true,"href":"https:\/\/ipoweb.bruxelles.be\/emileandre\/index.php?rest_route=%2Fwp%2Fv2%2Fcomments&post=2190"}],"version-history":[{"count":1,"href":"https:\/\/ipoweb.bruxelles.be\/emileandre\/index.php?rest_route=\/wp\/v2\/posts\/2190\/revisions"}],"predecessor-version":[{"id":2191,"href":"https:\/\/ipoweb.bruxelles.be\/emileandre\/index.php?rest_route=\/wp\/v2\/posts\/2190\/revisions\/2191"}],"wp:attachment":[{"href":"https:\/\/ipoweb.bruxelles.be\/emileandre\/index.php?rest_route=%2Fwp%2Fv2%2Fmedia&parent=2190"}],"wp:term":[{"taxonomy":"category","embeddable":true,"href":"https:\/\/ipoweb.bruxelles.be\/emileandre\/index.php?rest_route=%2Fwp%2Fv2%2Fcategories&post=2190"},{"taxonomy":"post_tag","embeddable":true,"href":"https:\/\/ipoweb.bruxelles.be\/emileandre\/index.php?rest_route=%2Fwp%2Fv2%2Ftags&post=2190"}],"curies":[{"name":"wp","href":"https:\/\/api.w.org\/{rel}","templated":true}]}}