{"id":266,"date":"2019-05-02T21:29:36","date_gmt":"2019-05-02T19:29:36","guid":{"rendered":"http:\/\/ipoweb.bruxelles.be\/emileandre\/?p=266"},"modified":"2019-05-04T23:08:54","modified_gmt":"2019-05-04T21:08:54","slug":"activites-musicales","status":"publish","type":"post","link":"https:\/\/ipoweb.bruxelles.be\/emileandre\/?p=266","title":{"rendered":"Activit\u00e9s musicales"},"content":{"rendered":"\n<div class=\"wp-block-image\"><figure class=\"aligncenter is-resized\"><img decoding=\"async\" loading=\"lazy\" src=\"http:\/\/ipoweb.bruxelles.be\/emileandre\/wp-content\/uploads\/2019\/05\/remua.jpg\" alt=\"\" class=\"wp-image-262\" width=\"194\" height=\"122\"\/><\/figure><\/div>\n\n\n\n<p style=\"text-align:center\">Toutes les semaines, Marjorie, animatrice musicale de Remua vient faire des activit\u00e9s musicales avec les enfants de maternelle.<br>De la musique, de la danse, des enfants qui bougent, des enfants qui apprennent. <br> Un vrai moment de bonheur !<\/p>\n\n\n\n<figure class=\"wp-block-image\"><img decoding=\"async\" loading=\"lazy\" width=\"1024\" height=\"768\" src=\"http:\/\/ipoweb.bruxelles.be\/emileandre\/wp-content\/uploads\/2019\/05\/Remua1-1024x768.jpg\" alt=\"\" class=\"wp-image-263\" srcset=\"https:\/\/ipoweb.bruxelles.be\/emileandre\/wp-content\/uploads\/2019\/05\/Remua1-1024x768.jpg 1024w, https:\/\/ipoweb.bruxelles.be\/emileandre\/wp-content\/uploads\/2019\/05\/Remua1-300x225.jpg 300w, https:\/\/ipoweb.bruxelles.be\/emileandre\/wp-content\/uploads\/2019\/05\/Remua1-768x576.jpg 768w\" sizes=\"(max-width: 1024px) 100vw, 1024px\" \/><\/figure>\n\n\n\n<p>Aujourd&rsquo;hui, des activit\u00e9s musicales sur le th\u00e8me des animaux de la ferme. <br>A partir d&rsquo;une histoire, les enfants deviennent les propres acteurs du r\u00e9cit,  une oie, un \u00e2ne ou un lapin. Les enfants marchent en rythme, fanfaronnent comme dans une basse-cour en allant jusqu&rsquo;\u00e0 la mare.<br>Danse, rythme, vocabulaire, humour et bonne humeur.<br><\/p>\n\n\n\n<ul class=\"wp-block-gallery columns-2 is-cropped wp-block-gallery-1 is-layout-flex wp-block-gallery-is-layout-flex\"><li class=\"blocks-gallery-item\"><figure><img decoding=\"async\" loading=\"lazy\" width=\"960\" height=\"939\" src=\"http:\/\/ipoweb.bruxelles.be\/emileandre\/wp-content\/uploads\/2019\/05\/remua3.jpg\" alt=\"\" data-id=\"265\" data-link=\"http:\/\/ipoweb.bruxelles.be\/emileandre\/?attachment_id=265\" class=\"wp-image-265\" srcset=\"https:\/\/ipoweb.bruxelles.be\/emileandre\/wp-content\/uploads\/2019\/05\/remua3.jpg 960w, https:\/\/ipoweb.bruxelles.be\/emileandre\/wp-content\/uploads\/2019\/05\/remua3-300x293.jpg 300w, https:\/\/ipoweb.bruxelles.be\/emileandre\/wp-content\/uploads\/2019\/05\/remua3-768x751.jpg 768w, https:\/\/ipoweb.bruxelles.be\/emileandre\/wp-content\/uploads\/2019\/05\/remua3-60x60.jpg 60w\" sizes=\"(max-width: 960px) 100vw, 960px\" \/><\/figure><\/li><li class=\"blocks-gallery-item\"><figure><img decoding=\"async\" loading=\"lazy\" width=\"971\" height=\"960\" src=\"http:\/\/ipoweb.bruxelles.be\/emileandre\/wp-content\/uploads\/2019\/05\/remua2.jpg\" alt=\"\" data-id=\"283\" data-link=\"http:\/\/ipoweb.bruxelles.be\/emileandre\/?attachment_id=283\" class=\"wp-image-283\" srcset=\"https:\/\/ipoweb.bruxelles.be\/emileandre\/wp-content\/uploads\/2019\/05\/remua2.jpg 971w, https:\/\/ipoweb.bruxelles.be\/emileandre\/wp-content\/uploads\/2019\/05\/remua2-300x297.jpg 300w, https:\/\/ipoweb.bruxelles.be\/emileandre\/wp-content\/uploads\/2019\/05\/remua2-768x759.jpg 768w, https:\/\/ipoweb.bruxelles.be\/emileandre\/wp-content\/uploads\/2019\/05\/remua2-60x60.jpg 60w\" sizes=\"(max-width: 971px) 100vw, 971px\" \/><\/figure><\/li><\/ul>\n","protected":false},"excerpt":{"rendered":"<p>Toutes les semaines, Marjorie, animatrice musicale de Remua vient faire des activit\u00e9s musicales avec les enfants de maternelle.De la musique, de la danse, des enfants qui bougent, des enfants qui apprennent. Un vrai moment de bonheur ! Aujourd&rsquo;hui, des activit\u00e9s musicales sur le th\u00e8me des animaux de la ferme. A partir d&rsquo;une histoire, les enfants [&hellip;]<\/p>\n","protected":false},"author":2,"featured_media":0,"comment_status":"closed","ping_status":"open","sticky":false,"template":"","format":"standard","meta":{"footnotes":""},"categories":[7],"tags":[],"_links":{"self":[{"href":"https:\/\/ipoweb.bruxelles.be\/emileandre\/index.php?rest_route=\/wp\/v2\/posts\/266"}],"collection":[{"href":"https:\/\/ipoweb.bruxelles.be\/emileandre\/index.php?rest_route=\/wp\/v2\/posts"}],"about":[{"href":"https:\/\/ipoweb.bruxelles.be\/emileandre\/index.php?rest_route=\/wp\/v2\/types\/post"}],"author":[{"embeddable":true,"href":"https:\/\/ipoweb.bruxelles.be\/emileandre\/index.php?rest_route=\/wp\/v2\/users\/2"}],"replies":[{"embeddable":true,"href":"https:\/\/ipoweb.bruxelles.be\/emileandre\/index.php?rest_route=%2Fwp%2Fv2%2Fcomments&post=266"}],"version-history":[{"count":2,"href":"https:\/\/ipoweb.bruxelles.be\/emileandre\/index.php?rest_route=\/wp\/v2\/posts\/266\/revisions"}],"predecessor-version":[{"id":303,"href":"https:\/\/ipoweb.bruxelles.be\/emileandre\/index.php?rest_route=\/wp\/v2\/posts\/266\/revisions\/303"}],"wp:attachment":[{"href":"https:\/\/ipoweb.bruxelles.be\/emileandre\/index.php?rest_route=%2Fwp%2Fv2%2Fmedia&parent=266"}],"wp:term":[{"taxonomy":"category","embeddable":true,"href":"https:\/\/ipoweb.bruxelles.be\/emileandre\/index.php?rest_route=%2Fwp%2Fv2%2Fcategories&post=266"},{"taxonomy":"post_tag","embeddable":true,"href":"https:\/\/ipoweb.bruxelles.be\/emileandre\/index.php?rest_route=%2Fwp%2Fv2%2Ftags&post=266"}],"curies":[{"name":"wp","href":"https:\/\/api.w.org\/{rel}","templated":true}]}}