{"id":2692,"date":"2020-12-01T12:12:58","date_gmt":"2020-12-01T11:12:58","guid":{"rendered":"http:\/\/ipoweb.bruxelles.be\/emileandre\/?p=2692"},"modified":"2020-12-01T12:22:50","modified_gmt":"2020-12-01T11:22:50","slug":"la-montagne-magique","status":"publish","type":"post","link":"https:\/\/ipoweb.bruxelles.be\/emileandre\/?p=2692","title":{"rendered":"La Montagne magique"},"content":{"rendered":"\n<p>Depuis des ann\u00e9es, nos \u00e9l\u00e8ves se rendent plusieurs fois par an au th\u00e9\u00e2tre de la Montagne magique, un lieu qu&rsquo;ils adorent.<\/p>\n\n\n\n<p>Voil\u00e0 ce qu&rsquo;ils ne pensent : <a href=\"https:\/\/www.facebook.com\/theatrelamontagnemagique\/videos\/372258990508933 \">https:\/\/www.facebook.com\/theatrelamontagnemagique\/videos\/372258990508933 <\/a><\/p>\n\n\n\n<figure class=\"wp-block-image\"><img decoding=\"async\" src=\"http:\/\/ipoweb.bruxelles.be\/emileandre\/wp-content\/uploads\/2020\/12\/magique.jpg\" alt=\"\" class=\"wp-image-2694\"\/><\/figure>\n","protected":false},"excerpt":{"rendered":"<p>Depuis des ann\u00e9es, nos \u00e9l\u00e8ves se rendent plusieurs fois par an au th\u00e9\u00e2tre de la Montagne magique, un lieu qu&rsquo;ils adorent. Voil\u00e0 ce qu&rsquo;ils ne pensent : https:\/\/www.facebook.com\/theatrelamontagnemagique\/videos\/372258990508933<\/p>\n","protected":false},"author":11,"featured_media":0,"comment_status":"closed","ping_status":"open","sticky":false,"template":"","format":"standard","meta":{"footnotes":""},"categories":[13,9],"tags":[],"_links":{"self":[{"href":"https:\/\/ipoweb.bruxelles.be\/emileandre\/index.php?rest_route=\/wp\/v2\/posts\/2692"}],"collection":[{"href":"https:\/\/ipoweb.bruxelles.be\/emileandre\/index.php?rest_route=\/wp\/v2\/posts"}],"about":[{"href":"https:\/\/ipoweb.bruxelles.be\/emileandre\/index.php?rest_route=\/wp\/v2\/types\/post"}],"author":[{"embeddable":true,"href":"https:\/\/ipoweb.bruxelles.be\/emileandre\/index.php?rest_route=\/wp\/v2\/users\/11"}],"replies":[{"embeddable":true,"href":"https:\/\/ipoweb.bruxelles.be\/emileandre\/index.php?rest_route=%2Fwp%2Fv2%2Fcomments&post=2692"}],"version-history":[{"count":2,"href":"https:\/\/ipoweb.bruxelles.be\/emileandre\/index.php?rest_route=\/wp\/v2\/posts\/2692\/revisions"}],"predecessor-version":[{"id":2695,"href":"https:\/\/ipoweb.bruxelles.be\/emileandre\/index.php?rest_route=\/wp\/v2\/posts\/2692\/revisions\/2695"}],"wp:attachment":[{"href":"https:\/\/ipoweb.bruxelles.be\/emileandre\/index.php?rest_route=%2Fwp%2Fv2%2Fmedia&parent=2692"}],"wp:term":[{"taxonomy":"category","embeddable":true,"href":"https:\/\/ipoweb.bruxelles.be\/emileandre\/index.php?rest_route=%2Fwp%2Fv2%2Fcategories&post=2692"},{"taxonomy":"post_tag","embeddable":true,"href":"https:\/\/ipoweb.bruxelles.be\/emileandre\/index.php?rest_route=%2Fwp%2Fv2%2Ftags&post=2692"}],"curies":[{"name":"wp","href":"https:\/\/api.w.org\/{rel}","templated":true}]}}