{"id":2729,"date":"2021-02-01T17:45:04","date_gmt":"2021-02-01T16:45:04","guid":{"rendered":"http:\/\/ipoweb.bruxelles.be\/emileandre\/?p=2729"},"modified":"2021-02-01T17:51:51","modified_gmt":"2021-02-01T16:51:51","slug":"classe-de-depaysement-p1-p2","status":"publish","type":"post","link":"https:\/\/ipoweb.bruxelles.be\/emileandre\/?p=2729","title":{"rendered":"Classe de d\u00e9paysement P1 P2"},"content":{"rendered":"\n<p>Les \u00e9l\u00e8ves de P1 P2 qui auraient d\u00fb partir cette premi\u00e8re semaine de f\u00e9vrier en classe de ferme, auront, nous l&rsquo;esp\u00e9rons, la possibilit\u00e9 de partir du 25 au 28 mai !<\/p>\n\n\n\n<ul class=\"wp-block-gallery columns-3 is-cropped wp-block-gallery-1 is-layout-flex wp-block-gallery-is-layout-flex\"><li class=\"blocks-gallery-item\"><figure><img decoding=\"async\" src=\"http:\/\/ipoweb.bruxelles.be\/emileandre\/wp-content\/uploads\/2021\/02\/ferme4.jpg\" alt=\"\" data-id=\"2734\" data-link=\"http:\/\/ipoweb.bruxelles.be\/emileandre\/?attachment_id=2734\" class=\"wp-image-2734\"\/><\/figure><\/li><li class=\"blocks-gallery-item\"><figure><img decoding=\"async\" src=\"http:\/\/ipoweb.bruxelles.be\/emileandre\/wp-content\/uploads\/2021\/02\/ferme2.jpg\" alt=\"\" data-id=\"2732\" data-link=\"http:\/\/ipoweb.bruxelles.be\/emileandre\/?attachment_id=2732\" class=\"wp-image-2732\"\/><\/figure><\/li><li class=\"blocks-gallery-item\"><figure><img decoding=\"async\" src=\"http:\/\/ipoweb.bruxelles.be\/emileandre\/wp-content\/uploads\/2021\/02\/ferme.jpg\" alt=\"\" data-id=\"2731\" data-link=\"http:\/\/ipoweb.bruxelles.be\/emileandre\/?attachment_id=2731\" class=\"wp-image-2731\"\/><\/figure><\/li><li class=\"blocks-gallery-item\"><figure><img decoding=\"async\" loading=\"lazy\" width=\"800\" height=\"600\" src=\"http:\/\/ipoweb.bruxelles.be\/emileandre\/wp-content\/uploads\/2021\/02\/ferme3.jpg\" alt=\"\" data-id=\"2733\" data-link=\"http:\/\/ipoweb.bruxelles.be\/emileandre\/?attachment_id=2733\" class=\"wp-image-2733\" srcset=\"https:\/\/ipoweb.bruxelles.be\/emileandre\/wp-content\/uploads\/2021\/02\/ferme3.jpg 800w, https:\/\/ipoweb.bruxelles.be\/emileandre\/wp-content\/uploads\/2021\/02\/ferme3-300x225.jpg 300w, https:\/\/ipoweb.bruxelles.be\/emileandre\/wp-content\/uploads\/2021\/02\/ferme3-768x576.jpg 768w\" sizes=\"(max-width: 800px) 100vw, 800px\" \/><\/figure><\/li><\/ul>\n","protected":false},"excerpt":{"rendered":"<p>Les \u00e9l\u00e8ves de P1 P2 qui auraient d\u00fb partir cette premi\u00e8re semaine de f\u00e9vrier en classe de ferme, auront, nous l&rsquo;esp\u00e9rons, la possibilit\u00e9 de partir du 25 au 28 mai !<\/p>\n","protected":false},"author":2,"featured_media":0,"comment_status":"closed","ping_status":"open","sticky":false,"template":"","format":"standard","meta":{"footnotes":""},"categories":[8],"tags":[],"_links":{"self":[{"href":"https:\/\/ipoweb.bruxelles.be\/emileandre\/index.php?rest_route=\/wp\/v2\/posts\/2729"}],"collection":[{"href":"https:\/\/ipoweb.bruxelles.be\/emileandre\/index.php?rest_route=\/wp\/v2\/posts"}],"about":[{"href":"https:\/\/ipoweb.bruxelles.be\/emileandre\/index.php?rest_route=\/wp\/v2\/types\/post"}],"author":[{"embeddable":true,"href":"https:\/\/ipoweb.bruxelles.be\/emileandre\/index.php?rest_route=\/wp\/v2\/users\/2"}],"replies":[{"embeddable":true,"href":"https:\/\/ipoweb.bruxelles.be\/emileandre\/index.php?rest_route=%2Fwp%2Fv2%2Fcomments&post=2729"}],"version-history":[{"count":2,"href":"https:\/\/ipoweb.bruxelles.be\/emileandre\/index.php?rest_route=\/wp\/v2\/posts\/2729\/revisions"}],"predecessor-version":[{"id":2735,"href":"https:\/\/ipoweb.bruxelles.be\/emileandre\/index.php?rest_route=\/wp\/v2\/posts\/2729\/revisions\/2735"}],"wp:attachment":[{"href":"https:\/\/ipoweb.bruxelles.be\/emileandre\/index.php?rest_route=%2Fwp%2Fv2%2Fmedia&parent=2729"}],"wp:term":[{"taxonomy":"category","embeddable":true,"href":"https:\/\/ipoweb.bruxelles.be\/emileandre\/index.php?rest_route=%2Fwp%2Fv2%2Fcategories&post=2729"},{"taxonomy":"post_tag","embeddable":true,"href":"https:\/\/ipoweb.bruxelles.be\/emileandre\/index.php?rest_route=%2Fwp%2Fv2%2Ftags&post=2729"}],"curies":[{"name":"wp","href":"https:\/\/api.w.org\/{rel}","templated":true}]}}