{"id":299,"date":"2019-05-04T06:51:47","date_gmt":"2019-05-04T04:51:47","guid":{"rendered":"http:\/\/ipoweb.bruxelles.be\/emileandre\/?p=299"},"modified":"2019-05-04T17:57:22","modified_gmt":"2019-05-04T15:57:22","slug":"des-solides-decoratifs","status":"publish","type":"post","link":"https:\/\/ipoweb.bruxelles.be\/emileandre\/?p=299","title":{"rendered":"Des solides d\u00e9coratifs"},"content":{"rendered":"\n<p style=\"text-align:center\">Les \u00e9tudiants nous ont propos\u00e9 des ateliers pour construire des poly\u00e8dres avec des pailles et du fil de fer.<\/p>\n\n\n\n<ul class=\"wp-block-gallery columns-2 is-cropped wp-block-gallery-1 is-layout-flex wp-block-gallery-is-layout-flex\"><li class=\"blocks-gallery-item\"><figure><img decoding=\"async\" loading=\"lazy\" width=\"768\" height=\"1024\" src=\"http:\/\/ipoweb.bruxelles.be\/emileandre\/wp-content\/uploads\/2019\/05\/solide-768x1024.png\" alt=\"\" data-id=\"295\" data-link=\"http:\/\/ipoweb.bruxelles.be\/emileandre\/?attachment_id=295\" class=\"wp-image-295\" srcset=\"https:\/\/ipoweb.bruxelles.be\/emileandre\/wp-content\/uploads\/2019\/05\/solide-768x1024.png 768w, https:\/\/ipoweb.bruxelles.be\/emileandre\/wp-content\/uploads\/2019\/05\/solide-225x300.png 225w, https:\/\/ipoweb.bruxelles.be\/emileandre\/wp-content\/uploads\/2019\/05\/solide.png 960w\" sizes=\"(max-width: 768px) 100vw, 768px\" \/><\/figure><\/li><li class=\"blocks-gallery-item\"><figure><img decoding=\"async\" loading=\"lazy\" width=\"768\" height=\"1024\" src=\"http:\/\/ipoweb.bruxelles.be\/emileandre\/wp-content\/uploads\/2019\/05\/IMG_8387-e1556983948859-768x1024.jpg\" alt=\"\" data-id=\"294\" data-link=\"http:\/\/ipoweb.bruxelles.be\/emileandre\/?attachment_id=294\" class=\"wp-image-294\" srcset=\"https:\/\/ipoweb.bruxelles.be\/emileandre\/wp-content\/uploads\/2019\/05\/IMG_8387-e1556983948859-768x1024.jpg 768w, https:\/\/ipoweb.bruxelles.be\/emileandre\/wp-content\/uploads\/2019\/05\/IMG_8387-e1556983948859-225x300.jpg 225w\" sizes=\"(max-width: 768px) 100vw, 768px\" \/><\/figure><\/li><\/ul>\n\n\n\n<p>Je veux construire un cube, je pr\u00e9pare donc 12 pailles de m\u00eame taille pour les ar\u00eates. Il faudra r\u00e9aliser 8 sommets avec le fil de fer. J&rsquo;obtiens 6 faces transparentes.<\/p>\n\n\n\n<ul class=\"wp-block-gallery columns-2 is-cropped wp-block-gallery-3 is-layout-flex wp-block-gallery-is-layout-flex\"><li class=\"blocks-gallery-item\"><figure><img decoding=\"async\" loading=\"lazy\" width=\"768\" height=\"1024\" src=\"http:\/\/ipoweb.bruxelles.be\/emileandre\/wp-content\/uploads\/2019\/05\/solide3-768x1024.png\" alt=\"\" data-id=\"298\" data-link=\"http:\/\/ipoweb.bruxelles.be\/emileandre\/?attachment_id=298\" class=\"wp-image-298\" srcset=\"https:\/\/ipoweb.bruxelles.be\/emileandre\/wp-content\/uploads\/2019\/05\/solide3-768x1024.png 768w, https:\/\/ipoweb.bruxelles.be\/emileandre\/wp-content\/uploads\/2019\/05\/solide3-225x300.png 225w, https:\/\/ipoweb.bruxelles.be\/emileandre\/wp-content\/uploads\/2019\/05\/solide3.png 960w\" sizes=\"(max-width: 768px) 100vw, 768px\" \/><\/figure><\/li><li class=\"blocks-gallery-item\"><figure><img decoding=\"async\" loading=\"lazy\" width=\"768\" height=\"1024\" src=\"http:\/\/ipoweb.bruxelles.be\/emileandre\/wp-content\/uploads\/2019\/05\/solide2-768x1024.png\" alt=\"\" data-id=\"297\" data-link=\"http:\/\/ipoweb.bruxelles.be\/emileandre\/?attachment_id=297\" class=\"wp-image-297\" srcset=\"https:\/\/ipoweb.bruxelles.be\/emileandre\/wp-content\/uploads\/2019\/05\/solide2-768x1024.png 768w, https:\/\/ipoweb.bruxelles.be\/emileandre\/wp-content\/uploads\/2019\/05\/solide2-225x300.png 225w, https:\/\/ipoweb.bruxelles.be\/emileandre\/wp-content\/uploads\/2019\/05\/solide2.png 960w\" sizes=\"(max-width: 768px) 100vw, 768px\" \/><\/figure><\/li><\/ul>\n\n\n\n<p style=\"text-align:center\">Pyramide \u00e0 base triangulaire, prisme \u00e0 base octogonale, icosa\u00e8dre, cube !<br> Quelles belles d\u00e9corations pour la classe<\/p>\n\n\n\n<p><\/p>\n","protected":false},"excerpt":{"rendered":"<p>Les \u00e9tudiants nous ont propos\u00e9 des ateliers pour construire des poly\u00e8dres avec des pailles et du fil de fer. Je veux construire un cube, je pr\u00e9pare donc 12 pailles de m\u00eame taille pour les ar\u00eates. Il faudra r\u00e9aliser 8 sommets avec le fil de fer. J&rsquo;obtiens 6 faces transparentes. Pyramide \u00e0 base triangulaire, prisme \u00e0 [&hellip;]<\/p>\n","protected":false},"author":2,"featured_media":0,"comment_status":"closed","ping_status":"open","sticky":false,"template":"","format":"standard","meta":{"footnotes":""},"categories":[10],"tags":[],"_links":{"self":[{"href":"https:\/\/ipoweb.bruxelles.be\/emileandre\/index.php?rest_route=\/wp\/v2\/posts\/299"}],"collection":[{"href":"https:\/\/ipoweb.bruxelles.be\/emileandre\/index.php?rest_route=\/wp\/v2\/posts"}],"about":[{"href":"https:\/\/ipoweb.bruxelles.be\/emileandre\/index.php?rest_route=\/wp\/v2\/types\/post"}],"author":[{"embeddable":true,"href":"https:\/\/ipoweb.bruxelles.be\/emileandre\/index.php?rest_route=\/wp\/v2\/users\/2"}],"replies":[{"embeddable":true,"href":"https:\/\/ipoweb.bruxelles.be\/emileandre\/index.php?rest_route=%2Fwp%2Fv2%2Fcomments&post=299"}],"version-history":[{"count":2,"href":"https:\/\/ipoweb.bruxelles.be\/emileandre\/index.php?rest_route=\/wp\/v2\/posts\/299\/revisions"}],"predecessor-version":[{"id":302,"href":"https:\/\/ipoweb.bruxelles.be\/emileandre\/index.php?rest_route=\/wp\/v2\/posts\/299\/revisions\/302"}],"wp:attachment":[{"href":"https:\/\/ipoweb.bruxelles.be\/emileandre\/index.php?rest_route=%2Fwp%2Fv2%2Fmedia&parent=299"}],"wp:term":[{"taxonomy":"category","embeddable":true,"href":"https:\/\/ipoweb.bruxelles.be\/emileandre\/index.php?rest_route=%2Fwp%2Fv2%2Fcategories&post=299"},{"taxonomy":"post_tag","embeddable":true,"href":"https:\/\/ipoweb.bruxelles.be\/emileandre\/index.php?rest_route=%2Fwp%2Fv2%2Ftags&post=299"}],"curies":[{"name":"wp","href":"https:\/\/api.w.org\/{rel}","templated":true}]}}