{"id":3041,"date":"2021-08-20T17:06:11","date_gmt":"2021-08-20T15:06:11","guid":{"rendered":"http:\/\/ipoweb.bruxelles.be\/emileandre\/?p=3041"},"modified":"2021-08-30T17:06:55","modified_gmt":"2021-08-30T15:06:55","slug":"congres-freinet-a-reims","status":"publish","type":"post","link":"https:\/\/ipoweb.bruxelles.be\/emileandre\/?p=3041","title":{"rendered":"Congr\u00e8s Freinet \u00e0 Reims"},"content":{"rendered":"\n<ul class=\"wp-block-gallery columns-2 is-cropped wp-block-gallery-1 is-layout-flex wp-block-gallery-is-layout-flex\"><li class=\"blocks-gallery-item\"><figure><img decoding=\"async\" loading=\"lazy\" width=\"1024\" height=\"1024\" src=\"http:\/\/ipoweb.bruxelles.be\/emileandre\/wp-content\/uploads\/2021\/08\/cath\u00e9drale-1024x1024.jpg\" alt=\"\" data-id=\"3037\" data-link=\"http:\/\/ipoweb.bruxelles.be\/emileandre\/?attachment_id=3037\" class=\"wp-image-3037\" srcset=\"https:\/\/ipoweb.bruxelles.be\/emileandre\/wp-content\/uploads\/2021\/08\/cath\u00e9drale-1024x1024.jpg 1024w, https:\/\/ipoweb.bruxelles.be\/emileandre\/wp-content\/uploads\/2021\/08\/cath\u00e9drale-150x150.jpg 150w, https:\/\/ipoweb.bruxelles.be\/emileandre\/wp-content\/uploads\/2021\/08\/cath\u00e9drale-300x300.jpg 300w, https:\/\/ipoweb.bruxelles.be\/emileandre\/wp-content\/uploads\/2021\/08\/cath\u00e9drale-768x768.jpg 768w, https:\/\/ipoweb.bruxelles.be\/emileandre\/wp-content\/uploads\/2021\/08\/cath\u00e9drale-60x60.jpg 60w, https:\/\/ipoweb.bruxelles.be\/emileandre\/wp-content\/uploads\/2021\/08\/cath\u00e9drale.jpg 1280w\" sizes=\"(max-width: 1024px) 100vw, 1024px\" \/><\/figure><\/li><li class=\"blocks-gallery-item\"><figure><img decoding=\"async\" loading=\"lazy\" width=\"1024\" height=\"576\" src=\"http:\/\/ipoweb.bruxelles.be\/emileandre\/wp-content\/uploads\/2021\/08\/basilique-1024x576.jpg\" alt=\"\" data-id=\"3036\" data-link=\"http:\/\/ipoweb.bruxelles.be\/emileandre\/?attachment_id=3036\" class=\"wp-image-3036\" srcset=\"https:\/\/ipoweb.bruxelles.be\/emileandre\/wp-content\/uploads\/2021\/08\/basilique-1024x576.jpg 1024w, https:\/\/ipoweb.bruxelles.be\/emileandre\/wp-content\/uploads\/2021\/08\/basilique-300x169.jpg 300w, https:\/\/ipoweb.bruxelles.be\/emileandre\/wp-content\/uploads\/2021\/08\/basilique-768x432.jpg 768w, https:\/\/ipoweb.bruxelles.be\/emileandre\/wp-content\/uploads\/2021\/08\/basilique.jpg 1280w\" sizes=\"(max-width: 1024px) 100vw, 1024px\" \/><\/figure><\/li><\/ul>\n\n\n\n<p>Ne confondez pas la cath\u00e9drale et la basilique !<\/p>\n\n\n\n<p>Mais qu&rsquo;allions-nous faire l\u00e0 ?<\/p>\n\n\n\n<figure class=\"wp-block-image\"><img decoding=\"async\" loading=\"lazy\" width=\"768\" height=\"1024\" src=\"http:\/\/ipoweb.bruxelles.be\/emileandre\/wp-content\/uploads\/2021\/08\/Reims-768x1024.jpg\" alt=\"\" class=\"wp-image-3040\" srcset=\"https:\/\/ipoweb.bruxelles.be\/emileandre\/wp-content\/uploads\/2021\/08\/Reims-768x1024.jpg 768w, https:\/\/ipoweb.bruxelles.be\/emileandre\/wp-content\/uploads\/2021\/08\/Reims-225x300.jpg 225w, https:\/\/ipoweb.bruxelles.be\/emileandre\/wp-content\/uploads\/2021\/08\/Reims.jpg 960w\" sizes=\"(max-width: 768px) 100vw, 768px\" \/><figcaption>Se retrouver &#8230;&#8230;&#8230;. mais pas que &#8230;&#8230;.<\/figcaption><\/figure>\n\n\n\n<figure class=\"wp-block-image\"><img decoding=\"async\" loading=\"lazy\" width=\"1024\" height=\"726\" src=\"http:\/\/ipoweb.bruxelles.be\/emileandre\/wp-content\/uploads\/2021\/08\/Congr\u00e8s-1024x726.jpg\" alt=\"\" class=\"wp-image-3038\" srcset=\"https:\/\/ipoweb.bruxelles.be\/emileandre\/wp-content\/uploads\/2021\/08\/Congr\u00e8s-1024x726.jpg 1024w, https:\/\/ipoweb.bruxelles.be\/emileandre\/wp-content\/uploads\/2021\/08\/Congr\u00e8s-300x213.jpg 300w, https:\/\/ipoweb.bruxelles.be\/emileandre\/wp-content\/uploads\/2021\/08\/Congr\u00e8s-768x544.jpg 768w, https:\/\/ipoweb.bruxelles.be\/emileandre\/wp-content\/uploads\/2021\/08\/Congr\u00e8s.jpg 1280w\" sizes=\"(max-width: 1024px) 100vw, 1024px\" \/><\/figure>\n\n\n\n<p>Nous replonger pendant 4 jours dans la p\u00e9dagogique Freinet. <br>Des promenades p\u00e9dagogiques, des partages d&rsquo;exp\u00e9riences en m\u00e9thode naturelle tant pour la lecture que pour le th\u00e9\u00e2tre, des t\u00e2tonnements en sciences ou en math\u00e9matique, &#8230;<br>Des rencontres, des contacts, des id\u00e9es, des lectures, &#8230;&#8230;&#8230;<br>Nous en revenons gonfl\u00e9.e.s \u00e0 bloc pour cette nouvelle ann\u00e9e scolaire !<br><br><\/p>\n","protected":false},"excerpt":{"rendered":"<p>Ne confondez pas la cath\u00e9drale et la basilique ! Mais qu&rsquo;allions-nous faire l\u00e0 ? Nous replonger pendant 4 jours dans la p\u00e9dagogique Freinet. Des promenades p\u00e9dagogiques, des partages d&rsquo;exp\u00e9riences en m\u00e9thode naturelle tant pour la lecture que pour le th\u00e9\u00e2tre, des t\u00e2tonnements en sciences ou en math\u00e9matique, &#8230;Des rencontres, des contacts, des id\u00e9es, des lectures, [&hellip;]<\/p>\n","protected":false},"author":2,"featured_media":0,"comment_status":"closed","ping_status":"open","sticky":false,"template":"","format":"standard","meta":{"footnotes":""},"categories":[15],"tags":[],"_links":{"self":[{"href":"https:\/\/ipoweb.bruxelles.be\/emileandre\/index.php?rest_route=\/wp\/v2\/posts\/3041"}],"collection":[{"href":"https:\/\/ipoweb.bruxelles.be\/emileandre\/index.php?rest_route=\/wp\/v2\/posts"}],"about":[{"href":"https:\/\/ipoweb.bruxelles.be\/emileandre\/index.php?rest_route=\/wp\/v2\/types\/post"}],"author":[{"embeddable":true,"href":"https:\/\/ipoweb.bruxelles.be\/emileandre\/index.php?rest_route=\/wp\/v2\/users\/2"}],"replies":[{"embeddable":true,"href":"https:\/\/ipoweb.bruxelles.be\/emileandre\/index.php?rest_route=%2Fwp%2Fv2%2Fcomments&post=3041"}],"version-history":[{"count":1,"href":"https:\/\/ipoweb.bruxelles.be\/emileandre\/index.php?rest_route=\/wp\/v2\/posts\/3041\/revisions"}],"predecessor-version":[{"id":3042,"href":"https:\/\/ipoweb.bruxelles.be\/emileandre\/index.php?rest_route=\/wp\/v2\/posts\/3041\/revisions\/3042"}],"wp:attachment":[{"href":"https:\/\/ipoweb.bruxelles.be\/emileandre\/index.php?rest_route=%2Fwp%2Fv2%2Fmedia&parent=3041"}],"wp:term":[{"taxonomy":"category","embeddable":true,"href":"https:\/\/ipoweb.bruxelles.be\/emileandre\/index.php?rest_route=%2Fwp%2Fv2%2Fcategories&post=3041"},{"taxonomy":"post_tag","embeddable":true,"href":"https:\/\/ipoweb.bruxelles.be\/emileandre\/index.php?rest_route=%2Fwp%2Fv2%2Ftags&post=3041"}],"curies":[{"name":"wp","href":"https:\/\/api.w.org\/{rel}","templated":true}]}}