{"id":316,"date":"2019-05-07T10:44:47","date_gmt":"2019-05-07T08:44:47","guid":{"rendered":"http:\/\/ipoweb.bruxelles.be\/emileandre\/?p=316"},"modified":"2019-05-07T10:48:33","modified_gmt":"2019-05-07T08:48:33","slug":"p3-isabelle","status":"publish","type":"post","link":"https:\/\/ipoweb.bruxelles.be\/emileandre\/?p=316","title":{"rendered":"P3 Isabelle"},"content":{"rendered":"\n<p class=\"has-large-font-size\">Activit\u00e9s de cette fin d&rsquo;ann\u00e9e<\/p>\n\n\n\n<p class=\"has-large-font-size\">Mai<\/p>\n\n\n\n<p>7\/05 : visite chez nos correspondants \u00e0 Auderghem<br>15\/5 : piscine<br>22\/5 : atelier contes &#8211; on s&rsquo;entra\u00eene \u00e0 conter notre histoire<br>27\/5 : atelier contes &#8211; la suite<br>28\/5 : sortie \u00e0 la ferme d&rsquo;Uccle &#8211; l&rsquo;\u00e9t\u00e9 \u00e0 la ferme&nbsp;\u200b(pique-nique)<br>29\/5 : piscine<br>30\/5 : cong\u00e9<br>31\/5 : cong\u00e9 formation des enseignants<\/p>\n\n\n\n<p class=\"has-large-font-size\">Juin<\/p>\n\n\n\n<p>6\/6 :&nbsp; atelier conte &#8211; balade cont\u00e9e<strong> pour<\/strong> nos correspondants \u200b(pique-nique)<br>10\/6 : cong\u00e9<br>12\/6 : piscine<br>14\/6 : balade cont\u00e9e <strong>de<\/strong> nos correspondants&nbsp;\u200b(pique-nique)<br>18\/6 : derni\u00e8re rencontre autour du portfolio<br>26\/6 : spectacle de fin d&rsquo;ann\u00e9e<\/p>\n","protected":false},"excerpt":{"rendered":"<p>Activit\u00e9s de cette fin d&rsquo;ann\u00e9e Mai 7\/05 : visite chez nos correspondants \u00e0 Auderghem15\/5 : piscine22\/5 : atelier contes &#8211; on s&rsquo;entra\u00eene \u00e0 conter notre histoire27\/5 : atelier contes &#8211; la suite28\/5 : sortie \u00e0 la ferme d&rsquo;Uccle &#8211; l&rsquo;\u00e9t\u00e9 \u00e0 la ferme&nbsp;\u200b(pique-nique)29\/5 : piscine30\/5 : cong\u00e931\/5 : cong\u00e9 formation des enseignants Juin 6\/6 :&nbsp; [&hellip;]<\/p>\n","protected":false},"author":2,"featured_media":0,"comment_status":"closed","ping_status":"open","sticky":false,"template":"","format":"standard","meta":{"footnotes":""},"categories":[1],"tags":[],"_links":{"self":[{"href":"https:\/\/ipoweb.bruxelles.be\/emileandre\/index.php?rest_route=\/wp\/v2\/posts\/316"}],"collection":[{"href":"https:\/\/ipoweb.bruxelles.be\/emileandre\/index.php?rest_route=\/wp\/v2\/posts"}],"about":[{"href":"https:\/\/ipoweb.bruxelles.be\/emileandre\/index.php?rest_route=\/wp\/v2\/types\/post"}],"author":[{"embeddable":true,"href":"https:\/\/ipoweb.bruxelles.be\/emileandre\/index.php?rest_route=\/wp\/v2\/users\/2"}],"replies":[{"embeddable":true,"href":"https:\/\/ipoweb.bruxelles.be\/emileandre\/index.php?rest_route=%2Fwp%2Fv2%2Fcomments&post=316"}],"version-history":[{"count":2,"href":"https:\/\/ipoweb.bruxelles.be\/emileandre\/index.php?rest_route=\/wp\/v2\/posts\/316\/revisions"}],"predecessor-version":[{"id":318,"href":"https:\/\/ipoweb.bruxelles.be\/emileandre\/index.php?rest_route=\/wp\/v2\/posts\/316\/revisions\/318"}],"wp:attachment":[{"href":"https:\/\/ipoweb.bruxelles.be\/emileandre\/index.php?rest_route=%2Fwp%2Fv2%2Fmedia&parent=316"}],"wp:term":[{"taxonomy":"category","embeddable":true,"href":"https:\/\/ipoweb.bruxelles.be\/emileandre\/index.php?rest_route=%2Fwp%2Fv2%2Fcategories&post=316"},{"taxonomy":"post_tag","embeddable":true,"href":"https:\/\/ipoweb.bruxelles.be\/emileandre\/index.php?rest_route=%2Fwp%2Fv2%2Ftags&post=316"}],"curies":[{"name":"wp","href":"https:\/\/api.w.org\/{rel}","templated":true}]}}