{"id":3203,"date":"2021-09-22T07:56:08","date_gmt":"2021-09-22T05:56:08","guid":{"rendered":"http:\/\/ipoweb.bruxelles.be\/emileandre\/?p=3203"},"modified":"2021-09-22T07:56:25","modified_gmt":"2021-09-22T05:56:25","slug":"plantations-dhiver-dans-le-potager","status":"publish","type":"post","link":"https:\/\/ipoweb.bruxelles.be\/emileandre\/?p=3203","title":{"rendered":"Plantations d\u2019hiver dans le potager"},"content":{"rendered":"\n<p>Dans le potager d\u2019Emile, \nnous avons plant\u00e9 du pourpier, des radis, des \u00e9pinards g\u00e9ants et du cresson.\nEst-ce que \u00e7a va pousser ?\nA suivre\u2026\n<\/p>\n\n\n\n<figure class=\"wp-block-image\"><img decoding=\"async\" loading=\"lazy\" width=\"549\" height=\"549\" src=\"http:\/\/ipoweb.bruxelles.be\/emileandre\/wp-content\/uploads\/2021\/09\/thumbnail_3D71F5052415488E93ABAF30FF0C3DD3.jpg\" alt=\"\" class=\"wp-image-3192\" srcset=\"https:\/\/ipoweb.bruxelles.be\/emileandre\/wp-content\/uploads\/2021\/09\/thumbnail_3D71F5052415488E93ABAF30FF0C3DD3.jpg 549w, https:\/\/ipoweb.bruxelles.be\/emileandre\/wp-content\/uploads\/2021\/09\/thumbnail_3D71F5052415488E93ABAF30FF0C3DD3-150x150.jpg 150w, https:\/\/ipoweb.bruxelles.be\/emileandre\/wp-content\/uploads\/2021\/09\/thumbnail_3D71F5052415488E93ABAF30FF0C3DD3-300x300.jpg 300w, https:\/\/ipoweb.bruxelles.be\/emileandre\/wp-content\/uploads\/2021\/09\/thumbnail_3D71F5052415488E93ABAF30FF0C3DD3-60x60.jpg 60w\" sizes=\"(max-width: 549px) 100vw, 549px\" \/><\/figure>\n\n\n\n<figure class=\"wp-block-image\"><img decoding=\"async\" loading=\"lazy\" width=\"562\" height=\"562\" src=\"http:\/\/ipoweb.bruxelles.be\/emileandre\/wp-content\/uploads\/2021\/09\/thumbnail_2C65F82E5A4942CAA955C73220AB854E.jpg\" alt=\"\" class=\"wp-image-3190\" srcset=\"https:\/\/ipoweb.bruxelles.be\/emileandre\/wp-content\/uploads\/2021\/09\/thumbnail_2C65F82E5A4942CAA955C73220AB854E.jpg 562w, https:\/\/ipoweb.bruxelles.be\/emileandre\/wp-content\/uploads\/2021\/09\/thumbnail_2C65F82E5A4942CAA955C73220AB854E-150x150.jpg 150w, https:\/\/ipoweb.bruxelles.be\/emileandre\/wp-content\/uploads\/2021\/09\/thumbnail_2C65F82E5A4942CAA955C73220AB854E-300x300.jpg 300w, https:\/\/ipoweb.bruxelles.be\/emileandre\/wp-content\/uploads\/2021\/09\/thumbnail_2C65F82E5A4942CAA955C73220AB854E-60x60.jpg 60w\" sizes=\"(max-width: 562px) 100vw, 562px\" \/><\/figure>\n\n\n\n<figure class=\"wp-block-image\"><img decoding=\"async\" loading=\"lazy\" width=\"528\" height=\"528\" src=\"http:\/\/ipoweb.bruxelles.be\/emileandre\/wp-content\/uploads\/2021\/09\/thumbnail_FC62A4004C3143BA8C77B3995F332FC7.jpg\" alt=\"\" class=\"wp-image-3200\" srcset=\"https:\/\/ipoweb.bruxelles.be\/emileandre\/wp-content\/uploads\/2021\/09\/thumbnail_FC62A4004C3143BA8C77B3995F332FC7.jpg 528w, https:\/\/ipoweb.bruxelles.be\/emileandre\/wp-content\/uploads\/2021\/09\/thumbnail_FC62A4004C3143BA8C77B3995F332FC7-150x150.jpg 150w, https:\/\/ipoweb.bruxelles.be\/emileandre\/wp-content\/uploads\/2021\/09\/thumbnail_FC62A4004C3143BA8C77B3995F332FC7-300x300.jpg 300w, https:\/\/ipoweb.bruxelles.be\/emileandre\/wp-content\/uploads\/2021\/09\/thumbnail_FC62A4004C3143BA8C77B3995F332FC7-60x60.jpg 60w\" sizes=\"(max-width: 528px) 100vw, 528px\" \/><\/figure>\n\n\n\n<figure class=\"wp-block-image\"><img decoding=\"async\" loading=\"lazy\" width=\"509\" height=\"561\" src=\"http:\/\/ipoweb.bruxelles.be\/emileandre\/wp-content\/uploads\/2021\/09\/thumbnail_A487B20068594508A0F3418F3DB1C621.jpg\" alt=\"\" class=\"wp-image-3195\" srcset=\"https:\/\/ipoweb.bruxelles.be\/emileandre\/wp-content\/uploads\/2021\/09\/thumbnail_A487B20068594508A0F3418F3DB1C621.jpg 509w, https:\/\/ipoweb.bruxelles.be\/emileandre\/wp-content\/uploads\/2021\/09\/thumbnail_A487B20068594508A0F3418F3DB1C621-272x300.jpg 272w\" sizes=\"(max-width: 509px) 100vw, 509px\" \/><\/figure>\n","protected":false},"excerpt":{"rendered":"<p>Dans le potager d\u2019Emile, nous avons plant\u00e9 du pourpier, des radis, des \u00e9pinards g\u00e9ants et du cresson. Est-ce que \u00e7a va pousser ? A suivre\u2026<\/p>\n","protected":false},"author":11,"featured_media":0,"comment_status":"closed","ping_status":"open","sticky":false,"template":"","format":"standard","meta":{"footnotes":""},"categories":[8],"tags":[],"_links":{"self":[{"href":"https:\/\/ipoweb.bruxelles.be\/emileandre\/index.php?rest_route=\/wp\/v2\/posts\/3203"}],"collection":[{"href":"https:\/\/ipoweb.bruxelles.be\/emileandre\/index.php?rest_route=\/wp\/v2\/posts"}],"about":[{"href":"https:\/\/ipoweb.bruxelles.be\/emileandre\/index.php?rest_route=\/wp\/v2\/types\/post"}],"author":[{"embeddable":true,"href":"https:\/\/ipoweb.bruxelles.be\/emileandre\/index.php?rest_route=\/wp\/v2\/users\/11"}],"replies":[{"embeddable":true,"href":"https:\/\/ipoweb.bruxelles.be\/emileandre\/index.php?rest_route=%2Fwp%2Fv2%2Fcomments&post=3203"}],"version-history":[{"count":1,"href":"https:\/\/ipoweb.bruxelles.be\/emileandre\/index.php?rest_route=\/wp\/v2\/posts\/3203\/revisions"}],"predecessor-version":[{"id":3204,"href":"https:\/\/ipoweb.bruxelles.be\/emileandre\/index.php?rest_route=\/wp\/v2\/posts\/3203\/revisions\/3204"}],"wp:attachment":[{"href":"https:\/\/ipoweb.bruxelles.be\/emileandre\/index.php?rest_route=%2Fwp%2Fv2%2Fmedia&parent=3203"}],"wp:term":[{"taxonomy":"category","embeddable":true,"href":"https:\/\/ipoweb.bruxelles.be\/emileandre\/index.php?rest_route=%2Fwp%2Fv2%2Fcategories&post=3203"},{"taxonomy":"post_tag","embeddable":true,"href":"https:\/\/ipoweb.bruxelles.be\/emileandre\/index.php?rest_route=%2Fwp%2Fv2%2Ftags&post=3203"}],"curies":[{"name":"wp","href":"https:\/\/api.w.org\/{rel}","templated":true}]}}