{"id":3476,"date":"2021-12-06T13:43:44","date_gmt":"2021-12-06T12:43:44","guid":{"rendered":"http:\/\/ipoweb.bruxelles.be\/emileandre\/?p=3476"},"modified":"2021-12-14T17:49:16","modified_gmt":"2021-12-14T16:49:16","slug":"nouvelles-mesures","status":"publish","type":"post","link":"https:\/\/ipoweb.bruxelles.be\/emileandre\/?p=3476","title":{"rendered":"Nouvelles mesures"},"content":{"rendered":"\n<p>Concr\u00e8tement, plusieurs d\u00e9cisions concernent les \u00e9coles primaires :\u00a0<br>&#8211; Les enfants doivent porter le masque \u00e0 partir de l&rsquo;\u00e2ge de 6 ans<br>&#8211; Les \u00e9coles seront ferm\u00e9es \u00e0 partir du 20 d\u00e9cembre 2021. ( Un accueil pour les parents n\u2019ayant pas de solution de garde sera organis\u00e9)<br>&#8211; Les vacances d&rsquo;hiver dureront donc trois semaines, dans l&rsquo;espoir de faire diminuer la circulation du virus pour la rentr\u00e9e de janvier <br>&#8211; A partir de deux enfants contamin\u00e9s dans une classe (et non plus trois), la classe enti\u00e8re sera automatiquement ferm\u00e9e et mise en quarantaine.<\/p>\n\n\n\n<p>Il est \u00e9vident que le bien-\u00eatre des enfants est pour nous aussi une question primordiale. Les masques peuvent \u00eatre \u00f4t\u00e9s dans la cour de r\u00e9cr\u00e9ation, pendant le cours de gymnastique et lorsque les enfants sont install\u00e9s, si les distances et la ventilation des locaux sont optimales, ce \u00e0 quoi nous veillons en mesurant la qualit\u00e9 de l&rsquo;air.<\/p>\n\n\n\n<p>Voici le texte complet :<\/p>\n\n\n\n<div class=\"wp-block-file\"><a href=\"http:\/\/ipoweb.bruxelles.be\/emileandre\/wp-content\/uploads\/2021\/12\/Pand\u00e9mie.pdf\">Pand\u00e9mie<\/a><a href=\"http:\/\/ipoweb.bruxelles.be\/emileandre\/wp-content\/uploads\/2021\/12\/Pand\u00e9mie.pdf\" class=\"wp-block-file__button\" download>T\u00e9l\u00e9charger<\/a><\/div>\n\n\n\n<p><\/p>\n","protected":false},"excerpt":{"rendered":"<p>Concr\u00e8tement, plusieurs d\u00e9cisions concernent les \u00e9coles primaires :\u00a0&#8211; Les enfants doivent porter le masque \u00e0 partir de l&rsquo;\u00e2ge de 6 ans&#8211; Les \u00e9coles seront ferm\u00e9es \u00e0 partir du 20 d\u00e9cembre 2021. ( Un accueil pour les parents n\u2019ayant pas de solution de garde sera organis\u00e9)&#8211; Les vacances d&rsquo;hiver dureront donc trois semaines, dans l&rsquo;espoir de [&hellip;]<\/p>\n","protected":false},"author":11,"featured_media":0,"comment_status":"closed","ping_status":"open","sticky":false,"template":"","format":"standard","meta":{"footnotes":""},"categories":[8,9,10,15],"tags":[],"_links":{"self":[{"href":"https:\/\/ipoweb.bruxelles.be\/emileandre\/index.php?rest_route=\/wp\/v2\/posts\/3476"}],"collection":[{"href":"https:\/\/ipoweb.bruxelles.be\/emileandre\/index.php?rest_route=\/wp\/v2\/posts"}],"about":[{"href":"https:\/\/ipoweb.bruxelles.be\/emileandre\/index.php?rest_route=\/wp\/v2\/types\/post"}],"author":[{"embeddable":true,"href":"https:\/\/ipoweb.bruxelles.be\/emileandre\/index.php?rest_route=\/wp\/v2\/users\/11"}],"replies":[{"embeddable":true,"href":"https:\/\/ipoweb.bruxelles.be\/emileandre\/index.php?rest_route=%2Fwp%2Fv2%2Fcomments&post=3476"}],"version-history":[{"count":2,"href":"https:\/\/ipoweb.bruxelles.be\/emileandre\/index.php?rest_route=\/wp\/v2\/posts\/3476\/revisions"}],"predecessor-version":[{"id":3478,"href":"https:\/\/ipoweb.bruxelles.be\/emileandre\/index.php?rest_route=\/wp\/v2\/posts\/3476\/revisions\/3478"}],"wp:attachment":[{"href":"https:\/\/ipoweb.bruxelles.be\/emileandre\/index.php?rest_route=%2Fwp%2Fv2%2Fmedia&parent=3476"}],"wp:term":[{"taxonomy":"category","embeddable":true,"href":"https:\/\/ipoweb.bruxelles.be\/emileandre\/index.php?rest_route=%2Fwp%2Fv2%2Fcategories&post=3476"},{"taxonomy":"post_tag","embeddable":true,"href":"https:\/\/ipoweb.bruxelles.be\/emileandre\/index.php?rest_route=%2Fwp%2Fv2%2Ftags&post=3476"}],"curies":[{"name":"wp","href":"https:\/\/api.w.org\/{rel}","templated":true}]}}