{"id":3582,"date":"2022-01-11T08:58:01","date_gmt":"2022-01-11T07:58:01","guid":{"rendered":"http:\/\/ipoweb.bruxelles.be\/emileandre\/?p=3582"},"modified":"2022-01-20T19:45:19","modified_gmt":"2022-01-20T18:45:19","slug":"conference-pedagogique","status":"publish","type":"post","link":"https:\/\/ipoweb.bruxelles.be\/emileandre\/?p=3582","title":{"rendered":"Conf\u00e9rence p\u00e9dagogique"},"content":{"rendered":"\n<p>La conf\u00e9rence p\u00e9dagogique qui \u00e9tait programm\u00e9e pour le mardi 18 janvier est supprim\u00e9e et report\u00e9e \u00e0 une date ult\u00e9rieure lorsque la situation sanitaire sera peut-\u00eatre un peu moins difficile.<\/p>\n","protected":false},"excerpt":{"rendered":"<p>La conf\u00e9rence p\u00e9dagogique qui \u00e9tait programm\u00e9e pour le mardi 18 janvier est supprim\u00e9e et report\u00e9e \u00e0 une date ult\u00e9rieure lorsque la situation sanitaire sera peut-\u00eatre un peu moins difficile.<\/p>\n","protected":false},"author":11,"featured_media":0,"comment_status":"closed","ping_status":"open","sticky":false,"template":"","format":"standard","meta":{"footnotes":""},"categories":[1],"tags":[],"_links":{"self":[{"href":"https:\/\/ipoweb.bruxelles.be\/emileandre\/index.php?rest_route=\/wp\/v2\/posts\/3582"}],"collection":[{"href":"https:\/\/ipoweb.bruxelles.be\/emileandre\/index.php?rest_route=\/wp\/v2\/posts"}],"about":[{"href":"https:\/\/ipoweb.bruxelles.be\/emileandre\/index.php?rest_route=\/wp\/v2\/types\/post"}],"author":[{"embeddable":true,"href":"https:\/\/ipoweb.bruxelles.be\/emileandre\/index.php?rest_route=\/wp\/v2\/users\/11"}],"replies":[{"embeddable":true,"href":"https:\/\/ipoweb.bruxelles.be\/emileandre\/index.php?rest_route=%2Fwp%2Fv2%2Fcomments&post=3582"}],"version-history":[{"count":1,"href":"https:\/\/ipoweb.bruxelles.be\/emileandre\/index.php?rest_route=\/wp\/v2\/posts\/3582\/revisions"}],"predecessor-version":[{"id":3583,"href":"https:\/\/ipoweb.bruxelles.be\/emileandre\/index.php?rest_route=\/wp\/v2\/posts\/3582\/revisions\/3583"}],"wp:attachment":[{"href":"https:\/\/ipoweb.bruxelles.be\/emileandre\/index.php?rest_route=%2Fwp%2Fv2%2Fmedia&parent=3582"}],"wp:term":[{"taxonomy":"category","embeddable":true,"href":"https:\/\/ipoweb.bruxelles.be\/emileandre\/index.php?rest_route=%2Fwp%2Fv2%2Fcategories&post=3582"},{"taxonomy":"post_tag","embeddable":true,"href":"https:\/\/ipoweb.bruxelles.be\/emileandre\/index.php?rest_route=%2Fwp%2Fv2%2Ftags&post=3582"}],"curies":[{"name":"wp","href":"https:\/\/api.w.org\/{rel}","templated":true}]}}