{"id":363,"date":"2019-04-30T12:55:11","date_gmt":"2019-04-30T10:55:11","guid":{"rendered":"http:\/\/ipoweb.bruxelles.be\/emileandre\/?p=363"},"modified":"2019-05-08T13:21:25","modified_gmt":"2019-05-08T11:21:25","slug":"a-la-ferme-duccle","status":"publish","type":"post","link":"https:\/\/ipoweb.bruxelles.be\/emileandre\/?p=363","title":{"rendered":"A la ferme d&rsquo;Uccle"},"content":{"rendered":"\n<p class=\"has-large-font-size\">Quatre saisons, quatre visites!<\/p>\n\n\n\n<p>Pour la troisi\u00e8me visite \u00e0 la ferme d&rsquo;Uccle, les \u00e9l\u00e8ves d\u00e9couvrent les arbres fleuris du verger. Le printemps est arriv\u00e9, le ciel est tout bleu! <br>Au programme de la journ\u00e9e, dessins d&rsquo;arbre, observation des fleurs \u00e0 la loupe, d\u00e9couverte des parties de la fleur, d\u00e9gustation de miel (mmmmh!), plantation de graines, soin des animaux et promenade avec l&rsquo;\u00e2ne.<\/p>\n\n\n\n<ul class=\"wp-block-gallery columns-3 is-cropped wp-block-gallery-1 is-layout-flex wp-block-gallery-is-layout-flex\"><li class=\"blocks-gallery-item\"><figure><img decoding=\"async\" loading=\"lazy\" width=\"480\" height=\"640\" src=\"http:\/\/ipoweb.bruxelles.be\/emileandre\/wp-content\/uploads\/2019\/05\/IMG_2398-e1557312615119.jpg\" alt=\"\" data-id=\"362\" data-link=\"http:\/\/ipoweb.bruxelles.be\/emileandre\/?attachment_id=362\" class=\"wp-image-362\" srcset=\"https:\/\/ipoweb.bruxelles.be\/emileandre\/wp-content\/uploads\/2019\/05\/IMG_2398-e1557312615119.jpg 480w, https:\/\/ipoweb.bruxelles.be\/emileandre\/wp-content\/uploads\/2019\/05\/IMG_2398-e1557312615119-225x300.jpg 225w\" sizes=\"(max-width: 480px) 100vw, 480px\" \/><\/figure><\/li><li class=\"blocks-gallery-item\"><figure><img decoding=\"async\" loading=\"lazy\" width=\"480\" height=\"640\" src=\"http:\/\/ipoweb.bruxelles.be\/emileandre\/wp-content\/uploads\/2019\/05\/IMG_2390-e1557312600658.jpg\" alt=\"\" data-id=\"361\" data-link=\"http:\/\/ipoweb.bruxelles.be\/emileandre\/?attachment_id=361\" class=\"wp-image-361\" srcset=\"https:\/\/ipoweb.bruxelles.be\/emileandre\/wp-content\/uploads\/2019\/05\/IMG_2390-e1557312600658.jpg 480w, https:\/\/ipoweb.bruxelles.be\/emileandre\/wp-content\/uploads\/2019\/05\/IMG_2390-e1557312600658-225x300.jpg 225w\" sizes=\"(max-width: 480px) 100vw, 480px\" \/><\/figure><\/li><li class=\"blocks-gallery-item\"><figure><img decoding=\"async\" loading=\"lazy\" width=\"480\" height=\"640\" src=\"http:\/\/ipoweb.bruxelles.be\/emileandre\/wp-content\/uploads\/2019\/05\/IMG_2365-e1557312583653.jpg\" alt=\"\" data-id=\"360\" data-link=\"http:\/\/ipoweb.bruxelles.be\/emileandre\/?attachment_id=360\" class=\"wp-image-360\" srcset=\"https:\/\/ipoweb.bruxelles.be\/emileandre\/wp-content\/uploads\/2019\/05\/IMG_2365-e1557312583653.jpg 480w, https:\/\/ipoweb.bruxelles.be\/emileandre\/wp-content\/uploads\/2019\/05\/IMG_2365-e1557312583653-225x300.jpg 225w\" sizes=\"(max-width: 480px) 100vw, 480px\" \/><\/figure><\/li><li class=\"blocks-gallery-item\"><figure><img decoding=\"async\" loading=\"lazy\" width=\"480\" height=\"640\" src=\"http:\/\/ipoweb.bruxelles.be\/emileandre\/wp-content\/uploads\/2019\/05\/IMG_2345-e1557312566282.jpg\" alt=\"\" data-id=\"359\" data-link=\"http:\/\/ipoweb.bruxelles.be\/emileandre\/?attachment_id=359\" class=\"wp-image-359\" srcset=\"https:\/\/ipoweb.bruxelles.be\/emileandre\/wp-content\/uploads\/2019\/05\/IMG_2345-e1557312566282.jpg 480w, https:\/\/ipoweb.bruxelles.be\/emileandre\/wp-content\/uploads\/2019\/05\/IMG_2345-e1557312566282-225x300.jpg 225w\" sizes=\"(max-width: 480px) 100vw, 480px\" \/><\/figure><\/li><li class=\"blocks-gallery-item\"><figure><img decoding=\"async\" loading=\"lazy\" width=\"480\" height=\"640\" src=\"http:\/\/ipoweb.bruxelles.be\/emileandre\/wp-content\/uploads\/2019\/05\/IMG_2339-e1557312537819.jpg\" alt=\"\" data-id=\"358\" data-link=\"http:\/\/ipoweb.bruxelles.be\/emileandre\/?attachment_id=358\" class=\"wp-image-358\" srcset=\"https:\/\/ipoweb.bruxelles.be\/emileandre\/wp-content\/uploads\/2019\/05\/IMG_2339-e1557312537819.jpg 480w, https:\/\/ipoweb.bruxelles.be\/emileandre\/wp-content\/uploads\/2019\/05\/IMG_2339-e1557312537819-225x300.jpg 225w\" sizes=\"(max-width: 480px) 100vw, 480px\" \/><\/figure><\/li><li class=\"blocks-gallery-item\"><figure><img decoding=\"async\" loading=\"lazy\" width=\"640\" height=\"480\" src=\"http:\/\/ipoweb.bruxelles.be\/emileandre\/wp-content\/uploads\/2019\/05\/IMG_2333.jpg\" alt=\"\" data-id=\"357\" data-link=\"http:\/\/ipoweb.bruxelles.be\/emileandre\/?attachment_id=357\" class=\"wp-image-357\" srcset=\"https:\/\/ipoweb.bruxelles.be\/emileandre\/wp-content\/uploads\/2019\/05\/IMG_2333.jpg 640w, https:\/\/ipoweb.bruxelles.be\/emileandre\/wp-content\/uploads\/2019\/05\/IMG_2333-300x225.jpg 300w\" sizes=\"(max-width: 640px) 100vw, 640px\" \/><\/figure><\/li><li class=\"blocks-gallery-item\"><figure><img decoding=\"async\" loading=\"lazy\" width=\"640\" height=\"480\" src=\"http:\/\/ipoweb.bruxelles.be\/emileandre\/wp-content\/uploads\/2019\/05\/IMG_2417.jpg\" alt=\"\" data-id=\"356\" data-link=\"http:\/\/ipoweb.bruxelles.be\/emileandre\/?attachment_id=356\" class=\"wp-image-356\" srcset=\"https:\/\/ipoweb.bruxelles.be\/emileandre\/wp-content\/uploads\/2019\/05\/IMG_2417.jpg 640w, https:\/\/ipoweb.bruxelles.be\/emileandre\/wp-content\/uploads\/2019\/05\/IMG_2417-300x225.jpg 300w\" sizes=\"(max-width: 640px) 100vw, 640px\" \/><\/figure><\/li><\/ul>\n\n\n\n<ul class=\"wp-block-gallery columns-3 is-cropped wp-block-gallery-3 is-layout-flex wp-block-gallery-is-layout-flex\"><li class=\"blocks-gallery-item\"><figure><img decoding=\"async\" loading=\"lazy\" width=\"640\" height=\"480\" src=\"http:\/\/ipoweb.bruxelles.be\/emileandre\/wp-content\/uploads\/2019\/05\/IMG_2422.jpg\" alt=\"\" data-id=\"379\" data-link=\"http:\/\/ipoweb.bruxelles.be\/emileandre\/?attachment_id=379\" class=\"wp-image-379\" srcset=\"https:\/\/ipoweb.bruxelles.be\/emileandre\/wp-content\/uploads\/2019\/05\/IMG_2422.jpg 640w, https:\/\/ipoweb.bruxelles.be\/emileandre\/wp-content\/uploads\/2019\/05\/IMG_2422-300x225.jpg 300w\" sizes=\"(max-width: 640px) 100vw, 640px\" \/><\/figure><\/li><li class=\"blocks-gallery-item\"><figure><img decoding=\"async\" loading=\"lazy\" width=\"640\" height=\"480\" src=\"http:\/\/ipoweb.bruxelles.be\/emileandre\/wp-content\/uploads\/2019\/05\/IMG_2402.jpg\" alt=\"\" data-id=\"377\" data-link=\"http:\/\/ipoweb.bruxelles.be\/emileandre\/?attachment_id=377\" class=\"wp-image-377\" srcset=\"https:\/\/ipoweb.bruxelles.be\/emileandre\/wp-content\/uploads\/2019\/05\/IMG_2402.jpg 640w, https:\/\/ipoweb.bruxelles.be\/emileandre\/wp-content\/uploads\/2019\/05\/IMG_2402-300x225.jpg 300w\" sizes=\"(max-width: 640px) 100vw, 640px\" \/><\/figure><\/li><li class=\"blocks-gallery-item\"><figure><img decoding=\"async\" loading=\"lazy\" width=\"640\" height=\"480\" src=\"http:\/\/ipoweb.bruxelles.be\/emileandre\/wp-content\/uploads\/2019\/05\/IMG_2396.jpg\" alt=\"\" data-id=\"375\" data-link=\"http:\/\/ipoweb.bruxelles.be\/emileandre\/?attachment_id=375\" class=\"wp-image-375\" srcset=\"https:\/\/ipoweb.bruxelles.be\/emileandre\/wp-content\/uploads\/2019\/05\/IMG_2396.jpg 640w, https:\/\/ipoweb.bruxelles.be\/emileandre\/wp-content\/uploads\/2019\/05\/IMG_2396-300x225.jpg 300w\" sizes=\"(max-width: 640px) 100vw, 640px\" \/><\/figure><\/li><li class=\"blocks-gallery-item\"><figure><img decoding=\"async\" loading=\"lazy\" width=\"480\" height=\"640\" src=\"http:\/\/ipoweb.bruxelles.be\/emileandre\/wp-content\/uploads\/2019\/05\/IMG_2394-e1557314384230.jpg\" alt=\"\" data-id=\"374\" data-link=\"http:\/\/ipoweb.bruxelles.be\/emileandre\/?attachment_id=374\" class=\"wp-image-374\" srcset=\"https:\/\/ipoweb.bruxelles.be\/emileandre\/wp-content\/uploads\/2019\/05\/IMG_2394-e1557314384230.jpg 480w, https:\/\/ipoweb.bruxelles.be\/emileandre\/wp-content\/uploads\/2019\/05\/IMG_2394-e1557314384230-225x300.jpg 225w\" sizes=\"(max-width: 480px) 100vw, 480px\" \/><\/figure><\/li><\/ul>\n","protected":false},"excerpt":{"rendered":"<p>Quatre saisons, quatre visites! Pour la troisi\u00e8me visite \u00e0 la ferme d&rsquo;Uccle, les \u00e9l\u00e8ves d\u00e9couvrent les arbres fleuris du verger. Le printemps est arriv\u00e9, le ciel est tout bleu! Au programme de la journ\u00e9e, dessins d&rsquo;arbre, observation des fleurs \u00e0 la loupe, d\u00e9couverte des parties de la fleur, d\u00e9gustation de miel (mmmmh!), plantation de graines, [&hellip;]<\/p>\n","protected":false},"author":2,"featured_media":0,"comment_status":"closed","ping_status":"open","sticky":false,"template":"","format":"standard","meta":{"footnotes":""},"categories":[9],"tags":[],"_links":{"self":[{"href":"https:\/\/ipoweb.bruxelles.be\/emileandre\/index.php?rest_route=\/wp\/v2\/posts\/363"}],"collection":[{"href":"https:\/\/ipoweb.bruxelles.be\/emileandre\/index.php?rest_route=\/wp\/v2\/posts"}],"about":[{"href":"https:\/\/ipoweb.bruxelles.be\/emileandre\/index.php?rest_route=\/wp\/v2\/types\/post"}],"author":[{"embeddable":true,"href":"https:\/\/ipoweb.bruxelles.be\/emileandre\/index.php?rest_route=\/wp\/v2\/users\/2"}],"replies":[{"embeddable":true,"href":"https:\/\/ipoweb.bruxelles.be\/emileandre\/index.php?rest_route=%2Fwp%2Fv2%2Fcomments&post=363"}],"version-history":[{"count":2,"href":"https:\/\/ipoweb.bruxelles.be\/emileandre\/index.php?rest_route=\/wp\/v2\/posts\/363\/revisions"}],"predecessor-version":[{"id":380,"href":"https:\/\/ipoweb.bruxelles.be\/emileandre\/index.php?rest_route=\/wp\/v2\/posts\/363\/revisions\/380"}],"wp:attachment":[{"href":"https:\/\/ipoweb.bruxelles.be\/emileandre\/index.php?rest_route=%2Fwp%2Fv2%2Fmedia&parent=363"}],"wp:term":[{"taxonomy":"category","embeddable":true,"href":"https:\/\/ipoweb.bruxelles.be\/emileandre\/index.php?rest_route=%2Fwp%2Fv2%2Fcategories&post=363"},{"taxonomy":"post_tag","embeddable":true,"href":"https:\/\/ipoweb.bruxelles.be\/emileandre\/index.php?rest_route=%2Fwp%2Fv2%2Ftags&post=363"}],"curies":[{"name":"wp","href":"https:\/\/api.w.org\/{rel}","templated":true}]}}