{"id":371,"date":"2019-05-07T13:08:40","date_gmt":"2019-05-07T11:08:40","guid":{"rendered":"http:\/\/ipoweb.bruxelles.be\/emileandre\/?p=371"},"modified":"2019-05-08T13:09:17","modified_gmt":"2019-05-08T11:09:17","slug":"art-et-marges","status":"publish","type":"post","link":"https:\/\/ipoweb.bruxelles.be\/emileandre\/?p=371","title":{"rendered":"Art et marges"},"content":{"rendered":"\n<p>Ce n&rsquo;est pas le premi\u00e8re fois que les \u00e9l\u00e8ves de la classe d&rsquo;Astrid visitent le mus\u00e9e Art et Marges, une institution dans le quartier! <br>Cette fois, ils ont d\u00e9couvert\u00a0l&rsquo;exposition \u00ab\u00a0Rencontres intergalactiques\u00a0\u00bb, point de d\u00e9part d&rsquo;un travail de recherche  sur l&rsquo;espace.  <br><\/p>\n\n\n\n<ul class=\"wp-block-gallery columns-3 is-cropped wp-block-gallery-1 is-layout-flex wp-block-gallery-is-layout-flex\"><li class=\"blocks-gallery-item\"><figure><img decoding=\"async\" loading=\"lazy\" width=\"480\" height=\"640\" src=\"http:\/\/ipoweb.bruxelles.be\/emileandre\/wp-content\/uploads\/2019\/05\/IMG_2616-e1557313400584.jpg\" alt=\"\" data-id=\"366\" data-link=\"http:\/\/ipoweb.bruxelles.be\/emileandre\/?attachment_id=366\" class=\"wp-image-366\" srcset=\"https:\/\/ipoweb.bruxelles.be\/emileandre\/wp-content\/uploads\/2019\/05\/IMG_2616-e1557313400584.jpg 480w, https:\/\/ipoweb.bruxelles.be\/emileandre\/wp-content\/uploads\/2019\/05\/IMG_2616-e1557313400584-225x300.jpg 225w\" sizes=\"(max-width: 480px) 100vw, 480px\" \/><\/figure><\/li><li class=\"blocks-gallery-item\"><figure><img decoding=\"async\" loading=\"lazy\" width=\"640\" height=\"480\" src=\"http:\/\/ipoweb.bruxelles.be\/emileandre\/wp-content\/uploads\/2019\/05\/IMG_2622.jpg\" alt=\"\" data-id=\"368\" data-link=\"http:\/\/ipoweb.bruxelles.be\/emileandre\/?attachment_id=368\" class=\"wp-image-368\" srcset=\"https:\/\/ipoweb.bruxelles.be\/emileandre\/wp-content\/uploads\/2019\/05\/IMG_2622.jpg 640w, https:\/\/ipoweb.bruxelles.be\/emileandre\/wp-content\/uploads\/2019\/05\/IMG_2622-300x225.jpg 300w\" sizes=\"(max-width: 640px) 100vw, 640px\" \/><\/figure><\/li><li class=\"blocks-gallery-item\"><figure><img decoding=\"async\" loading=\"lazy\" width=\"640\" height=\"480\" src=\"http:\/\/ipoweb.bruxelles.be\/emileandre\/wp-content\/uploads\/2019\/05\/IMG_2614.jpg\" alt=\"\" data-id=\"365\" data-link=\"http:\/\/ipoweb.bruxelles.be\/emileandre\/?attachment_id=365\" class=\"wp-image-365\" srcset=\"https:\/\/ipoweb.bruxelles.be\/emileandre\/wp-content\/uploads\/2019\/05\/IMG_2614.jpg 640w, https:\/\/ipoweb.bruxelles.be\/emileandre\/wp-content\/uploads\/2019\/05\/IMG_2614-300x225.jpg 300w\" sizes=\"(max-width: 640px) 100vw, 640px\" \/><\/figure><\/li><li class=\"blocks-gallery-item\"><figure><img decoding=\"async\" loading=\"lazy\" width=\"480\" height=\"640\" src=\"http:\/\/ipoweb.bruxelles.be\/emileandre\/wp-content\/uploads\/2019\/05\/IMG_2617-e1557313421810.jpg\" alt=\"\" data-id=\"367\" data-link=\"http:\/\/ipoweb.bruxelles.be\/emileandre\/?attachment_id=367\" class=\"wp-image-367\" srcset=\"https:\/\/ipoweb.bruxelles.be\/emileandre\/wp-content\/uploads\/2019\/05\/IMG_2617-e1557313421810.jpg 480w, https:\/\/ipoweb.bruxelles.be\/emileandre\/wp-content\/uploads\/2019\/05\/IMG_2617-e1557313421810-225x300.jpg 225w\" sizes=\"(max-width: 480px) 100vw, 480px\" \/><\/figure><\/li><\/ul>\n\n\n\n<p>A&nbsp;la fin de la visite, les enfants ont pu cr\u00e9er leur propre \u00ab\u00a0engin spatial\u00a0\u00bb \u00e0 l&rsquo;aide de mat\u00e9riel de r\u00e9cup\u00e9ration.<\/p>\n\n\n\n<ul class=\"wp-block-gallery columns-2 is-cropped wp-block-gallery-3 is-layout-flex wp-block-gallery-is-layout-flex\"><li class=\"blocks-gallery-item\"><figure><img decoding=\"async\" loading=\"lazy\" width=\"480\" height=\"640\" src=\"http:\/\/ipoweb.bruxelles.be\/emileandre\/wp-content\/uploads\/2019\/05\/IMG_2627-e1557313438106.jpg\" alt=\"\" data-id=\"370\" data-link=\"http:\/\/ipoweb.bruxelles.be\/emileandre\/?attachment_id=370\" class=\"wp-image-370\" srcset=\"https:\/\/ipoweb.bruxelles.be\/emileandre\/wp-content\/uploads\/2019\/05\/IMG_2627-e1557313438106.jpg 480w, https:\/\/ipoweb.bruxelles.be\/emileandre\/wp-content\/uploads\/2019\/05\/IMG_2627-e1557313438106-225x300.jpg 225w\" sizes=\"(max-width: 480px) 100vw, 480px\" \/><\/figure><\/li><li class=\"blocks-gallery-item\"><figure><img decoding=\"async\" loading=\"lazy\" width=\"640\" height=\"480\" src=\"http:\/\/ipoweb.bruxelles.be\/emileandre\/wp-content\/uploads\/2019\/05\/IMG_2626.jpg\" alt=\"\" data-id=\"369\" data-link=\"http:\/\/ipoweb.bruxelles.be\/emileandre\/?attachment_id=369\" class=\"wp-image-369\" srcset=\"https:\/\/ipoweb.bruxelles.be\/emileandre\/wp-content\/uploads\/2019\/05\/IMG_2626.jpg 640w, https:\/\/ipoweb.bruxelles.be\/emileandre\/wp-content\/uploads\/2019\/05\/IMG_2626-300x225.jpg 300w\" sizes=\"(max-width: 640px) 100vw, 640px\" \/><\/figure><\/li><\/ul>\n","protected":false},"excerpt":{"rendered":"<p>Ce n&rsquo;est pas le premi\u00e8re fois que les \u00e9l\u00e8ves de la classe d&rsquo;Astrid visitent le mus\u00e9e Art et Marges, une institution dans le quartier! Cette fois, ils ont d\u00e9couvert\u00a0l&rsquo;exposition \u00ab\u00a0Rencontres intergalactiques\u00a0\u00bb, point de d\u00e9part d&rsquo;un travail de recherche sur l&rsquo;espace. A&nbsp;la fin de la visite, les enfants ont pu cr\u00e9er leur propre \u00ab\u00a0engin spatial\u00a0\u00bb \u00e0 [&hellip;]<\/p>\n","protected":false},"author":2,"featured_media":0,"comment_status":"closed","ping_status":"open","sticky":false,"template":"","format":"standard","meta":{"footnotes":""},"categories":[9],"tags":[],"_links":{"self":[{"href":"https:\/\/ipoweb.bruxelles.be\/emileandre\/index.php?rest_route=\/wp\/v2\/posts\/371"}],"collection":[{"href":"https:\/\/ipoweb.bruxelles.be\/emileandre\/index.php?rest_route=\/wp\/v2\/posts"}],"about":[{"href":"https:\/\/ipoweb.bruxelles.be\/emileandre\/index.php?rest_route=\/wp\/v2\/types\/post"}],"author":[{"embeddable":true,"href":"https:\/\/ipoweb.bruxelles.be\/emileandre\/index.php?rest_route=\/wp\/v2\/users\/2"}],"replies":[{"embeddable":true,"href":"https:\/\/ipoweb.bruxelles.be\/emileandre\/index.php?rest_route=%2Fwp%2Fv2%2Fcomments&post=371"}],"version-history":[{"count":1,"href":"https:\/\/ipoweb.bruxelles.be\/emileandre\/index.php?rest_route=\/wp\/v2\/posts\/371\/revisions"}],"predecessor-version":[{"id":372,"href":"https:\/\/ipoweb.bruxelles.be\/emileandre\/index.php?rest_route=\/wp\/v2\/posts\/371\/revisions\/372"}],"wp:attachment":[{"href":"https:\/\/ipoweb.bruxelles.be\/emileandre\/index.php?rest_route=%2Fwp%2Fv2%2Fmedia&parent=371"}],"wp:term":[{"taxonomy":"category","embeddable":true,"href":"https:\/\/ipoweb.bruxelles.be\/emileandre\/index.php?rest_route=%2Fwp%2Fv2%2Fcategories&post=371"},{"taxonomy":"post_tag","embeddable":true,"href":"https:\/\/ipoweb.bruxelles.be\/emileandre\/index.php?rest_route=%2Fwp%2Fv2%2Ftags&post=371"}],"curies":[{"name":"wp","href":"https:\/\/api.w.org\/{rel}","templated":true}]}}