{"id":3819,"date":"2022-03-10T20:23:09","date_gmt":"2022-03-10T19:23:09","guid":{"rendered":"http:\/\/ipoweb.bruxelles.be\/emileandre\/?p=3819"},"modified":"2022-03-10T20:27:24","modified_gmt":"2022-03-10T19:27:24","slug":"le-centieme-jour-decole-en-deuxieme-annee","status":"publish","type":"post","link":"https:\/\/ipoweb.bruxelles.be\/emileandre\/?p=3819","title":{"rendered":"Le centi\u00e8me jour d&rsquo;\u00e9cole en deuxi\u00e8me ann\u00e9e."},"content":{"rendered":"\n<figure class=\"wp-block-image\"><img decoding=\"async\" loading=\"lazy\" width=\"567\" height=\"342\" src=\"http:\/\/ipoweb.bruxelles.be\/emileandre\/wp-content\/uploads\/2022\/03\/IMG_20220310_163125-1.jpg\" alt=\"\" class=\"wp-image-3818\" srcset=\"https:\/\/ipoweb.bruxelles.be\/emileandre\/wp-content\/uploads\/2022\/03\/IMG_20220310_163125-1.jpg 567w, https:\/\/ipoweb.bruxelles.be\/emileandre\/wp-content\/uploads\/2022\/03\/IMG_20220310_163125-1-300x181.jpg 300w\" sizes=\"(max-width: 567px) 100vw, 567px\" \/><\/figure>\n\n\n\n<p>Nous avons f\u00eat\u00e9 le 100\u00e8me jour d&rsquo;\u00e9cole en 2<sup>\u00e8me<\/sup> ann\u00e9e  chez Isabelle et Christine.<\/p>\n\n\n\n<p>Les enfants ont collectionn\u00e9 100 tr\u00e9sors, r\u00e9alis\u00e9 des constructions de 100 objets et ils ont \u00e9crit 100 choses qui les rendent heureux dans la vie de tous les jours.<\/p>\n\n\n\n<figure class=\"wp-block-image\"><img decoding=\"async\" loading=\"lazy\" width=\"758\" height=\"567\" src=\"http:\/\/ipoweb.bruxelles.be\/emileandre\/wp-content\/uploads\/2022\/03\/IMG_20220307_144349-e1646940217588.jpg\" alt=\"\" class=\"wp-image-3812\" srcset=\"https:\/\/ipoweb.bruxelles.be\/emileandre\/wp-content\/uploads\/2022\/03\/IMG_20220307_144349-e1646940217588.jpg 758w, https:\/\/ipoweb.bruxelles.be\/emileandre\/wp-content\/uploads\/2022\/03\/IMG_20220307_144349-e1646940217588-300x224.jpg 300w\" sizes=\"(max-width: 758px) 100vw, 758px\" \/><\/figure>\n\n\n\n<figure class=\"wp-block-image\"><img decoding=\"async\" loading=\"lazy\" width=\"567\" height=\"515\" src=\"http:\/\/ipoweb.bruxelles.be\/emileandre\/wp-content\/uploads\/2022\/03\/IMG_20220308_112250.jpg\" alt=\"\" class=\"wp-image-3815\" srcset=\"https:\/\/ipoweb.bruxelles.be\/emileandre\/wp-content\/uploads\/2022\/03\/IMG_20220308_112250.jpg 567w, https:\/\/ipoweb.bruxelles.be\/emileandre\/wp-content\/uploads\/2022\/03\/IMG_20220308_112250-300x272.jpg 300w\" sizes=\"(max-width: 567px) 100vw, 567px\" \/><\/figure>\n\n\n\n<figure class=\"wp-block-image\"><img decoding=\"async\" loading=\"lazy\" width=\"567\" height=\"513\" src=\"http:\/\/ipoweb.bruxelles.be\/emileandre\/wp-content\/uploads\/2022\/03\/IMG_20220308_112408.jpg\" alt=\"\" class=\"wp-image-3816\" srcset=\"https:\/\/ipoweb.bruxelles.be\/emileandre\/wp-content\/uploads\/2022\/03\/IMG_20220308_112408.jpg 567w, https:\/\/ipoweb.bruxelles.be\/emileandre\/wp-content\/uploads\/2022\/03\/IMG_20220308_112408-300x271.jpg 300w\" sizes=\"(max-width: 567px) 100vw, 567px\" \/><\/figure>\n\n\n\n<figure class=\"wp-block-image\"><img decoding=\"async\" loading=\"lazy\" width=\"567\" height=\"758\" src=\"http:\/\/ipoweb.bruxelles.be\/emileandre\/wp-content\/uploads\/2022\/03\/IMG_20220308_111642.jpg\" alt=\"\" class=\"wp-image-3814\" srcset=\"https:\/\/ipoweb.bruxelles.be\/emileandre\/wp-content\/uploads\/2022\/03\/IMG_20220308_111642.jpg 567w, https:\/\/ipoweb.bruxelles.be\/emileandre\/wp-content\/uploads\/2022\/03\/IMG_20220308_111642-224x300.jpg 224w\" sizes=\"(max-width: 567px) 100vw, 567px\" \/><\/figure>\n\n\n\n<figure class=\"wp-block-image\"><img decoding=\"async\" loading=\"lazy\" width=\"567\" height=\"758\" src=\"http:\/\/ipoweb.bruxelles.be\/emileandre\/wp-content\/uploads\/2022\/03\/IMG_20220308_111622.jpg\" alt=\"\" class=\"wp-image-3813\" srcset=\"https:\/\/ipoweb.bruxelles.be\/emileandre\/wp-content\/uploads\/2022\/03\/IMG_20220308_111622.jpg 567w, https:\/\/ipoweb.bruxelles.be\/emileandre\/wp-content\/uploads\/2022\/03\/IMG_20220308_111622-224x300.jpg 224w\" sizes=\"(max-width: 567px) 100vw, 567px\" \/><\/figure>\n\n\n\n<figure class=\"wp-block-image\"><img decoding=\"async\" loading=\"lazy\" width=\"567\" height=\"333\" src=\"http:\/\/ipoweb.bruxelles.be\/emileandre\/wp-content\/uploads\/2022\/03\/IMG_20220308_112455.jpg\" alt=\"\" class=\"wp-image-3817\" srcset=\"https:\/\/ipoweb.bruxelles.be\/emileandre\/wp-content\/uploads\/2022\/03\/IMG_20220308_112455.jpg 567w, https:\/\/ipoweb.bruxelles.be\/emileandre\/wp-content\/uploads\/2022\/03\/IMG_20220308_112455-300x176.jpg 300w\" sizes=\"(max-width: 567px) 100vw, 567px\" \/><\/figure>\n","protected":false},"excerpt":{"rendered":"<p>Nous avons f\u00eat\u00e9 le 100\u00e8me jour d&rsquo;\u00e9cole en 2\u00e8me ann\u00e9e chez Isabelle et Christine. Les enfants ont collectionn\u00e9 100 tr\u00e9sors, r\u00e9alis\u00e9 des constructions de 100 objets et ils ont \u00e9crit 100 choses qui les rendent heureux dans la vie de tous les jours.<\/p>\n","protected":false},"author":2,"featured_media":0,"comment_status":"closed","ping_status":"open","sticky":false,"template":"","format":"standard","meta":{"footnotes":""},"categories":[8],"tags":[],"_links":{"self":[{"href":"https:\/\/ipoweb.bruxelles.be\/emileandre\/index.php?rest_route=\/wp\/v2\/posts\/3819"}],"collection":[{"href":"https:\/\/ipoweb.bruxelles.be\/emileandre\/index.php?rest_route=\/wp\/v2\/posts"}],"about":[{"href":"https:\/\/ipoweb.bruxelles.be\/emileandre\/index.php?rest_route=\/wp\/v2\/types\/post"}],"author":[{"embeddable":true,"href":"https:\/\/ipoweb.bruxelles.be\/emileandre\/index.php?rest_route=\/wp\/v2\/users\/2"}],"replies":[{"embeddable":true,"href":"https:\/\/ipoweb.bruxelles.be\/emileandre\/index.php?rest_route=%2Fwp%2Fv2%2Fcomments&post=3819"}],"version-history":[{"count":2,"href":"https:\/\/ipoweb.bruxelles.be\/emileandre\/index.php?rest_route=\/wp\/v2\/posts\/3819\/revisions"}],"predecessor-version":[{"id":3821,"href":"https:\/\/ipoweb.bruxelles.be\/emileandre\/index.php?rest_route=\/wp\/v2\/posts\/3819\/revisions\/3821"}],"wp:attachment":[{"href":"https:\/\/ipoweb.bruxelles.be\/emileandre\/index.php?rest_route=%2Fwp%2Fv2%2Fmedia&parent=3819"}],"wp:term":[{"taxonomy":"category","embeddable":true,"href":"https:\/\/ipoweb.bruxelles.be\/emileandre\/index.php?rest_route=%2Fwp%2Fv2%2Fcategories&post=3819"},{"taxonomy":"post_tag","embeddable":true,"href":"https:\/\/ipoweb.bruxelles.be\/emileandre\/index.php?rest_route=%2Fwp%2Fv2%2Ftags&post=3819"}],"curies":[{"name":"wp","href":"https:\/\/api.w.org\/{rel}","templated":true}]}}