{"id":3852,"date":"2022-03-13T17:42:49","date_gmt":"2022-03-13T16:42:49","guid":{"rendered":"http:\/\/ipoweb.bruxelles.be\/emileandre\/?p=3852"},"modified":"2022-09-09T10:36:01","modified_gmt":"2022-09-09T08:36:01","slug":"travail-artisanal","status":"publish","type":"post","link":"https:\/\/ipoweb.bruxelles.be\/emileandre\/?p=3852","title":{"rendered":"Travail artisanal"},"content":{"rendered":"\n<p>Mais que viennent faire tous les parents si heureux de pouvoir enfin revenir \u00e0 l&rsquo;\u00e9cole ? C&rsquo;est un caf\u00e9 des parents sp\u00e9cial \u00e0 plus d&rsquo;un titre.<\/p>\n\n\n\n<ul class=\"wp-block-gallery columns-2 is-cropped wp-block-gallery-1 is-layout-flex wp-block-gallery-is-layout-flex\"><li class=\"blocks-gallery-item\"><figure><img decoding=\"async\" loading=\"lazy\" width=\"1024\" height=\"768\" src=\"http:\/\/ipoweb.bruxelles.be\/emileandre\/wp-content\/uploads\/2022\/03\/IMG-20220313-WA0011-1024x768.jpg\" alt=\"\" data-id=\"3851\" data-link=\"http:\/\/ipoweb.bruxelles.be\/emileandre\/?attachment_id=3851\" class=\"wp-image-3851\" srcset=\"https:\/\/ipoweb.bruxelles.be\/emileandre\/wp-content\/uploads\/2022\/03\/IMG-20220313-WA0011.jpg 1024w, https:\/\/ipoweb.bruxelles.be\/emileandre\/wp-content\/uploads\/2022\/03\/IMG-20220313-WA0011-300x225.jpg 300w, https:\/\/ipoweb.bruxelles.be\/emileandre\/wp-content\/uploads\/2022\/03\/IMG-20220313-WA0011-768x576.jpg 768w\" sizes=\"(max-width: 1024px) 100vw, 1024px\" \/><\/figure><\/li><li class=\"blocks-gallery-item\"><figure><img decoding=\"async\" loading=\"lazy\" width=\"1024\" height=\"1024\" src=\"http:\/\/ipoweb.bruxelles.be\/emileandre\/wp-content\/uploads\/2022\/03\/20220311_081658-1024x1024.jpg\" alt=\"\" data-id=\"3831\" data-link=\"http:\/\/ipoweb.bruxelles.be\/emileandre\/?attachment_id=3831\" class=\"wp-image-3831\" srcset=\"https:\/\/ipoweb.bruxelles.be\/emileandre\/wp-content\/uploads\/2022\/03\/20220311_081658-1024x1024.jpg 1024w, https:\/\/ipoweb.bruxelles.be\/emileandre\/wp-content\/uploads\/2022\/03\/20220311_081658-150x150.jpg 150w, https:\/\/ipoweb.bruxelles.be\/emileandre\/wp-content\/uploads\/2022\/03\/20220311_081658-300x300.jpg 300w, https:\/\/ipoweb.bruxelles.be\/emileandre\/wp-content\/uploads\/2022\/03\/20220311_081658-768x768.jpg 768w, https:\/\/ipoweb.bruxelles.be\/emileandre\/wp-content\/uploads\/2022\/03\/20220311_081658-60x60.jpg 60w\" sizes=\"(max-width: 1024px) 100vw, 1024px\" \/><\/figure><\/li><\/ul>\n\n\n\n<p>Qu&rsquo;attendent ces \u00e9l\u00e8ves ? Regardent-ils un film ?<\/p>\n\n\n\n<ul class=\"wp-block-gallery columns-2 is-cropped wp-block-gallery-3 is-layout-flex wp-block-gallery-is-layout-flex\"><li class=\"blocks-gallery-item\"><figure><img decoding=\"async\" loading=\"lazy\" width=\"1024\" height=\"1024\" src=\"http:\/\/ipoweb.bruxelles.be\/emileandre\/wp-content\/uploads\/2022\/03\/20220311_100856-1024x1024.jpg\" alt=\"\" data-id=\"3838\" data-link=\"http:\/\/ipoweb.bruxelles.be\/emileandre\/?attachment_id=3838\" class=\"wp-image-3838\" srcset=\"https:\/\/ipoweb.bruxelles.be\/emileandre\/wp-content\/uploads\/2022\/03\/20220311_100856-1024x1024.jpg 1024w, https:\/\/ipoweb.bruxelles.be\/emileandre\/wp-content\/uploads\/2022\/03\/20220311_100856-150x150.jpg 150w, https:\/\/ipoweb.bruxelles.be\/emileandre\/wp-content\/uploads\/2022\/03\/20220311_100856-300x300.jpg 300w, https:\/\/ipoweb.bruxelles.be\/emileandre\/wp-content\/uploads\/2022\/03\/20220311_100856-768x768.jpg 768w, https:\/\/ipoweb.bruxelles.be\/emileandre\/wp-content\/uploads\/2022\/03\/20220311_100856-60x60.jpg 60w\" sizes=\"(max-width: 1024px) 100vw, 1024px\" \/><\/figure><\/li><li class=\"blocks-gallery-item\"><figure><img decoding=\"async\" loading=\"lazy\" width=\"1024\" height=\"1024\" src=\"http:\/\/ipoweb.bruxelles.be\/emileandre\/wp-content\/uploads\/2022\/03\/20220311_100827-1024x1024.jpg\" alt=\"\" data-id=\"3837\" data-link=\"http:\/\/ipoweb.bruxelles.be\/emileandre\/?attachment_id=3837\" class=\"wp-image-3837\" srcset=\"https:\/\/ipoweb.bruxelles.be\/emileandre\/wp-content\/uploads\/2022\/03\/20220311_100827-1024x1024.jpg 1024w, https:\/\/ipoweb.bruxelles.be\/emileandre\/wp-content\/uploads\/2022\/03\/20220311_100827-150x150.jpg 150w, https:\/\/ipoweb.bruxelles.be\/emileandre\/wp-content\/uploads\/2022\/03\/20220311_100827-300x300.jpg 300w, https:\/\/ipoweb.bruxelles.be\/emileandre\/wp-content\/uploads\/2022\/03\/20220311_100827-768x768.jpg 768w, https:\/\/ipoweb.bruxelles.be\/emileandre\/wp-content\/uploads\/2022\/03\/20220311_100827-60x60.jpg 60w\" sizes=\"(max-width: 1024px) 100vw, 1024px\" \/><\/figure><\/li><\/ul>\n\n\n\n<p>Mamoudou nous parle de la surprise cach\u00e9e derri\u00e8re ce drap.<\/p>\n\n\n\n<figure class=\"wp-block-image\"><img decoding=\"async\" loading=\"lazy\" width=\"444\" height=\"474\" src=\"http:\/\/ipoweb.bruxelles.be\/emileandre\/wp-content\/uploads\/2022\/03\/mamoudou.jpg\" alt=\"\" class=\"wp-image-3858\" srcset=\"https:\/\/ipoweb.bruxelles.be\/emileandre\/wp-content\/uploads\/2022\/03\/mamoudou.jpg 444w, https:\/\/ipoweb.bruxelles.be\/emileandre\/wp-content\/uploads\/2022\/03\/mamoudou-281x300.jpg 281w\" sizes=\"(max-width: 444px) 100vw, 444px\" \/><\/figure>\n\n\n\n<p>Et voil\u00e0 le r\u00e9sultat d&rsquo;une semaine de d\u00e9couvertes, d&rsquo;essais, de collaboration, &#8230; simplement remarquable !<\/p>\n\n\n\n<figure class=\"wp-block-image\"><img decoding=\"async\" loading=\"lazy\" width=\"1024\" height=\"744\" src=\"http:\/\/ipoweb.bruxelles.be\/emileandre\/wp-content\/uploads\/2022\/03\/mosaique-1024x744.jpg\" alt=\"\" class=\"wp-image-3854\" srcset=\"https:\/\/ipoweb.bruxelles.be\/emileandre\/wp-content\/uploads\/2022\/03\/mosaique-1024x744.jpg 1024w, https:\/\/ipoweb.bruxelles.be\/emileandre\/wp-content\/uploads\/2022\/03\/mosaique-300x218.jpg 300w, https:\/\/ipoweb.bruxelles.be\/emileandre\/wp-content\/uploads\/2022\/03\/mosaique-768x558.jpg 768w, https:\/\/ipoweb.bruxelles.be\/emileandre\/wp-content\/uploads\/2022\/03\/mosaique.jpg 1885w\" sizes=\"(max-width: 1024px) 100vw, 1024px\" \/><\/figure>\n\n\n\n<ul class=\"wp-block-gallery columns-2 is-cropped wp-block-gallery-5 is-layout-flex wp-block-gallery-is-layout-flex\"><li class=\"blocks-gallery-item\"><figure><img decoding=\"async\" loading=\"lazy\" width=\"1024\" height=\"1024\" src=\"http:\/\/ipoweb.bruxelles.be\/emileandre\/wp-content\/uploads\/2022\/03\/20220311_112001-e1647191245668-1024x1024.jpg\" alt=\"\" data-id=\"3839\" data-link=\"http:\/\/ipoweb.bruxelles.be\/emileandre\/?attachment_id=3839\" class=\"wp-image-3839\" srcset=\"https:\/\/ipoweb.bruxelles.be\/emileandre\/wp-content\/uploads\/2022\/03\/20220311_112001-e1647191245668-1024x1024.jpg 1024w, https:\/\/ipoweb.bruxelles.be\/emileandre\/wp-content\/uploads\/2022\/03\/20220311_112001-e1647191245668-150x150.jpg 150w, https:\/\/ipoweb.bruxelles.be\/emileandre\/wp-content\/uploads\/2022\/03\/20220311_112001-e1647191245668-300x300.jpg 300w, https:\/\/ipoweb.bruxelles.be\/emileandre\/wp-content\/uploads\/2022\/03\/20220311_112001-e1647191245668-768x768.jpg 768w, https:\/\/ipoweb.bruxelles.be\/emileandre\/wp-content\/uploads\/2022\/03\/20220311_112001-e1647191245668-60x60.jpg 60w\" sizes=\"(max-width: 1024px) 100vw, 1024px\" \/><\/figure><\/li><li class=\"blocks-gallery-item\"><figure><img decoding=\"async\" loading=\"lazy\" width=\"1024\" height=\"1024\" src=\"http:\/\/ipoweb.bruxelles.be\/emileandre\/wp-content\/uploads\/2022\/03\/20220311_081952-1024x1024.jpg\" alt=\"\" data-id=\"3833\" data-link=\"http:\/\/ipoweb.bruxelles.be\/emileandre\/?attachment_id=3833\" class=\"wp-image-3833\" srcset=\"https:\/\/ipoweb.bruxelles.be\/emileandre\/wp-content\/uploads\/2022\/03\/20220311_081952-1024x1024.jpg 1024w, https:\/\/ipoweb.bruxelles.be\/emileandre\/wp-content\/uploads\/2022\/03\/20220311_081952-150x150.jpg 150w, https:\/\/ipoweb.bruxelles.be\/emileandre\/wp-content\/uploads\/2022\/03\/20220311_081952-300x300.jpg 300w, https:\/\/ipoweb.bruxelles.be\/emileandre\/wp-content\/uploads\/2022\/03\/20220311_081952-768x768.jpg 768w, https:\/\/ipoweb.bruxelles.be\/emileandre\/wp-content\/uploads\/2022\/03\/20220311_081952-60x60.jpg 60w\" sizes=\"(max-width: 1024px) 100vw, 1024px\" \/><\/figure><\/li><\/ul>\n\n\n\n<p>Pendant cette semaine de construction de la mosa\u00efque, les \u00e9l\u00e8ves d&rsquo;Arnaud ont aussi d\u00e9couvert tous les m\u00e9tiers de la r\u00e9novation. Ils ont aussi visit\u00e9 la maison Horta et approch\u00e9 l&rsquo;Art Nouveau.<br>Ils ont racont\u00e9 tout cela aux \u00e9l\u00e8ves de l&rsquo;\u00e9cole, ce vendredi.<\/p>\n\n\n\n<ul class=\"wp-block-gallery columns-3 is-cropped wp-block-gallery-7 is-layout-flex wp-block-gallery-is-layout-flex\"><li class=\"blocks-gallery-item\"><figure><img decoding=\"async\" loading=\"lazy\" width=\"768\" height=\"1024\" src=\"http:\/\/ipoweb.bruxelles.be\/emileandre\/wp-content\/uploads\/2022\/03\/IMG-20220313-WA0009-768x1024.jpg\" alt=\"\" data-id=\"3849\" data-link=\"http:\/\/ipoweb.bruxelles.be\/emileandre\/?attachment_id=3849\" class=\"wp-image-3849\" srcset=\"https:\/\/ipoweb.bruxelles.be\/emileandre\/wp-content\/uploads\/2022\/03\/IMG-20220313-WA0009.jpg 768w, https:\/\/ipoweb.bruxelles.be\/emileandre\/wp-content\/uploads\/2022\/03\/IMG-20220313-WA0009-225x300.jpg 225w\" sizes=\"(max-width: 768px) 100vw, 768px\" \/><\/figure><\/li><li class=\"blocks-gallery-item\"><figure><img decoding=\"async\" loading=\"lazy\" width=\"768\" height=\"1024\" src=\"http:\/\/ipoweb.bruxelles.be\/emileandre\/wp-content\/uploads\/2022\/03\/IMG-20220313-WA0008-768x1024.jpg\" alt=\"\" data-id=\"3848\" data-link=\"http:\/\/ipoweb.bruxelles.be\/emileandre\/?attachment_id=3848\" class=\"wp-image-3848\" srcset=\"https:\/\/ipoweb.bruxelles.be\/emileandre\/wp-content\/uploads\/2022\/03\/IMG-20220313-WA0008.jpg 768w, https:\/\/ipoweb.bruxelles.be\/emileandre\/wp-content\/uploads\/2022\/03\/IMG-20220313-WA0008-225x300.jpg 225w\" sizes=\"(max-width: 768px) 100vw, 768px\" \/><\/figure><\/li><li class=\"blocks-gallery-item\"><figure><img decoding=\"async\" loading=\"lazy\" width=\"768\" height=\"1024\" src=\"http:\/\/ipoweb.bruxelles.be\/emileandre\/wp-content\/uploads\/2022\/03\/IMG-20220313-WA0005-768x1024.jpg\" alt=\"\" data-id=\"3847\" data-link=\"http:\/\/ipoweb.bruxelles.be\/emileandre\/?attachment_id=3847\" class=\"wp-image-3847\" srcset=\"https:\/\/ipoweb.bruxelles.be\/emileandre\/wp-content\/uploads\/2022\/03\/IMG-20220313-WA0005.jpg 768w, https:\/\/ipoweb.bruxelles.be\/emileandre\/wp-content\/uploads\/2022\/03\/IMG-20220313-WA0005-225x300.jpg 225w\" sizes=\"(max-width: 768px) 100vw, 768px\" \/><\/figure><\/li><li class=\"blocks-gallery-item\"><figure><img decoding=\"async\" loading=\"lazy\" width=\"1024\" height=\"1024\" src=\"http:\/\/ipoweb.bruxelles.be\/emileandre\/wp-content\/uploads\/2022\/03\/20220311_112025-1024x1024.jpg\" alt=\"\" data-id=\"3843\" data-link=\"http:\/\/ipoweb.bruxelles.be\/emileandre\/?attachment_id=3843\" class=\"wp-image-3843\" srcset=\"https:\/\/ipoweb.bruxelles.be\/emileandre\/wp-content\/uploads\/2022\/03\/20220311_112025-1024x1024.jpg 1024w, https:\/\/ipoweb.bruxelles.be\/emileandre\/wp-content\/uploads\/2022\/03\/20220311_112025-150x150.jpg 150w, https:\/\/ipoweb.bruxelles.be\/emileandre\/wp-content\/uploads\/2022\/03\/20220311_112025-300x300.jpg 300w, https:\/\/ipoweb.bruxelles.be\/emileandre\/wp-content\/uploads\/2022\/03\/20220311_112025-768x768.jpg 768w, https:\/\/ipoweb.bruxelles.be\/emileandre\/wp-content\/uploads\/2022\/03\/20220311_112025-60x60.jpg 60w\" sizes=\"(max-width: 1024px) 100vw, 1024px\" \/><\/figure><\/li><li class=\"blocks-gallery-item\"><figure><img decoding=\"async\" loading=\"lazy\" width=\"1024\" height=\"1024\" src=\"http:\/\/ipoweb.bruxelles.be\/emileandre\/wp-content\/uploads\/2022\/03\/20220311_112015-1024x1024.jpg\" alt=\"\" data-id=\"3842\" data-link=\"http:\/\/ipoweb.bruxelles.be\/emileandre\/?attachment_id=3842\" class=\"wp-image-3842\" srcset=\"https:\/\/ipoweb.bruxelles.be\/emileandre\/wp-content\/uploads\/2022\/03\/20220311_112015-1024x1024.jpg 1024w, https:\/\/ipoweb.bruxelles.be\/emileandre\/wp-content\/uploads\/2022\/03\/20220311_112015-150x150.jpg 150w, https:\/\/ipoweb.bruxelles.be\/emileandre\/wp-content\/uploads\/2022\/03\/20220311_112015-300x300.jpg 300w, https:\/\/ipoweb.bruxelles.be\/emileandre\/wp-content\/uploads\/2022\/03\/20220311_112015-768x768.jpg 768w, https:\/\/ipoweb.bruxelles.be\/emileandre\/wp-content\/uploads\/2022\/03\/20220311_112015-60x60.jpg 60w\" sizes=\"(max-width: 1024px) 100vw, 1024px\" \/><\/figure><\/li><li class=\"blocks-gallery-item\"><figure><img decoding=\"async\" loading=\"lazy\" width=\"1024\" height=\"1024\" src=\"http:\/\/ipoweb.bruxelles.be\/emileandre\/wp-content\/uploads\/2022\/03\/20220311_112008-1024x1024.jpg\" alt=\"\" data-id=\"3841\" data-link=\"http:\/\/ipoweb.bruxelles.be\/emileandre\/?attachment_id=3841\" class=\"wp-image-3841\" srcset=\"https:\/\/ipoweb.bruxelles.be\/emileandre\/wp-content\/uploads\/2022\/03\/20220311_112008-1024x1024.jpg 1024w, https:\/\/ipoweb.bruxelles.be\/emileandre\/wp-content\/uploads\/2022\/03\/20220311_112008-150x150.jpg 150w, https:\/\/ipoweb.bruxelles.be\/emileandre\/wp-content\/uploads\/2022\/03\/20220311_112008-300x300.jpg 300w, https:\/\/ipoweb.bruxelles.be\/emileandre\/wp-content\/uploads\/2022\/03\/20220311_112008-768x768.jpg 768w, https:\/\/ipoweb.bruxelles.be\/emileandre\/wp-content\/uploads\/2022\/03\/20220311_112008-60x60.jpg 60w\" sizes=\"(max-width: 1024px) 100vw, 1024px\" \/><\/figure><\/li><\/ul>\n\n\n\n<p>N&rsquo;oubliez pas de passer par le pr\u00e9au pour admirer ce chef d&rsquo;\u0153uvre !<\/p>\n","protected":false},"excerpt":{"rendered":"<p>Mais que viennent faire tous les parents si heureux de pouvoir enfin revenir \u00e0 l&rsquo;\u00e9cole ? C&rsquo;est un caf\u00e9 des parents sp\u00e9cial \u00e0 plus d&rsquo;un titre. Qu&rsquo;attendent ces \u00e9l\u00e8ves ? Regardent-ils un film ? Mamoudou nous parle de la surprise cach\u00e9e derri\u00e8re ce drap. Et voil\u00e0 le r\u00e9sultat d&rsquo;une semaine de d\u00e9couvertes, d&rsquo;essais, de collaboration, [&hellip;]<\/p>\n","protected":false},"author":2,"featured_media":0,"comment_status":"closed","ping_status":"open","sticky":false,"template":"","format":"standard","meta":{"footnotes":""},"categories":[10],"tags":[],"_links":{"self":[{"href":"https:\/\/ipoweb.bruxelles.be\/emileandre\/index.php?rest_route=\/wp\/v2\/posts\/3852"}],"collection":[{"href":"https:\/\/ipoweb.bruxelles.be\/emileandre\/index.php?rest_route=\/wp\/v2\/posts"}],"about":[{"href":"https:\/\/ipoweb.bruxelles.be\/emileandre\/index.php?rest_route=\/wp\/v2\/types\/post"}],"author":[{"embeddable":true,"href":"https:\/\/ipoweb.bruxelles.be\/emileandre\/index.php?rest_route=\/wp\/v2\/users\/2"}],"replies":[{"embeddable":true,"href":"https:\/\/ipoweb.bruxelles.be\/emileandre\/index.php?rest_route=%2Fwp%2Fv2%2Fcomments&post=3852"}],"version-history":[{"count":6,"href":"https:\/\/ipoweb.bruxelles.be\/emileandre\/index.php?rest_route=\/wp\/v2\/posts\/3852\/revisions"}],"predecessor-version":[{"id":4475,"href":"https:\/\/ipoweb.bruxelles.be\/emileandre\/index.php?rest_route=\/wp\/v2\/posts\/3852\/revisions\/4475"}],"wp:attachment":[{"href":"https:\/\/ipoweb.bruxelles.be\/emileandre\/index.php?rest_route=%2Fwp%2Fv2%2Fmedia&parent=3852"}],"wp:term":[{"taxonomy":"category","embeddable":true,"href":"https:\/\/ipoweb.bruxelles.be\/emileandre\/index.php?rest_route=%2Fwp%2Fv2%2Fcategories&post=3852"},{"taxonomy":"post_tag","embeddable":true,"href":"https:\/\/ipoweb.bruxelles.be\/emileandre\/index.php?rest_route=%2Fwp%2Fv2%2Ftags&post=3852"}],"curies":[{"name":"wp","href":"https:\/\/api.w.org\/{rel}","templated":true}]}}