{"id":3869,"date":"2022-03-17T20:29:55","date_gmt":"2022-03-17T19:29:55","guid":{"rendered":"http:\/\/ipoweb.bruxelles.be\/emileandre\/?p=3869"},"modified":"2022-03-17T20:32:56","modified_gmt":"2022-03-17T19:32:56","slug":"les-animaux-dans-la-ville","status":"publish","type":"post","link":"https:\/\/ipoweb.bruxelles.be\/emileandre\/?p=3869","title":{"rendered":"Les animaux dans la ville"},"content":{"rendered":"\n<p>Ce jeudi apr\u00e8s-midi, les \u00e9l\u00e8ves de deuxi\u00e8me ann\u00e9e sont all\u00e9s \u00e0 la Grand-Place pour y retrouver les animaux.<\/p>\n\n\n\n<p>Des animaux sur la Grand-Place ?<\/p>\n\n\n\n<div class=\"wp-block-image\"><figure class=\"aligncenter\"><img decoding=\"async\" src=\"http:\/\/ipoweb.bruxelles.be\/emileandre\/wp-content\/uploads\/2022\/03\/lion.jpg\" alt=\"\" class=\"wp-image-3867\"\/><\/figure><\/div>\n\n\n\n<p>Mais oui ! On y trouve beaucoup de statues d&rsquo;animaux ! Suivons le plan !<\/p>\n\n\n\n<ul class=\"wp-block-gallery columns-2 is-cropped wp-block-gallery-1 is-layout-flex wp-block-gallery-is-layout-flex\"><li class=\"blocks-gallery-item\"><figure><img decoding=\"async\" loading=\"lazy\" width=\"567\" height=\"758\" src=\"http:\/\/ipoweb.bruxelles.be\/emileandre\/wp-content\/uploads\/2022\/03\/IMG_20220317_140415.jpg\" alt=\"\" data-id=\"3866\" data-link=\"http:\/\/ipoweb.bruxelles.be\/emileandre\/?attachment_id=3866\" class=\"wp-image-3866\" srcset=\"https:\/\/ipoweb.bruxelles.be\/emileandre\/wp-content\/uploads\/2022\/03\/IMG_20220317_140415.jpg 567w, https:\/\/ipoweb.bruxelles.be\/emileandre\/wp-content\/uploads\/2022\/03\/IMG_20220317_140415-224x300.jpg 224w\" sizes=\"(max-width: 567px) 100vw, 567px\" \/><\/figure><\/li><li class=\"blocks-gallery-item\"><figure><img decoding=\"async\" loading=\"lazy\" width=\"567\" height=\"758\" src=\"http:\/\/ipoweb.bruxelles.be\/emileandre\/wp-content\/uploads\/2022\/03\/IMG_20220317_140400.jpg\" alt=\"\" data-id=\"3865\" data-link=\"http:\/\/ipoweb.bruxelles.be\/emileandre\/?attachment_id=3865\" class=\"wp-image-3865\" srcset=\"https:\/\/ipoweb.bruxelles.be\/emileandre\/wp-content\/uploads\/2022\/03\/IMG_20220317_140400.jpg 567w, https:\/\/ipoweb.bruxelles.be\/emileandre\/wp-content\/uploads\/2022\/03\/IMG_20220317_140400-224x300.jpg 224w\" sizes=\"(max-width: 567px) 100vw, 567px\" \/><\/figure><\/li><\/ul>\n\n\n\n<p>Voici quelques animaux retrouv\u00e9s &#8230;.<\/p>\n\n\n\n<ul class=\"wp-block-gallery columns-3 is-cropped wp-block-gallery-3 is-layout-flex wp-block-gallery-is-layout-flex\"><li class=\"blocks-gallery-item\"><figure><img decoding=\"async\" src=\"http:\/\/ipoweb.bruxelles.be\/emileandre\/wp-content\/uploads\/2022\/03\/cygne.jpg\" alt=\"\" data-id=\"3864\" data-link=\"http:\/\/ipoweb.bruxelles.be\/emileandre\/?attachment_id=3864\" class=\"wp-image-3864\"\/><\/figure><\/li><li class=\"blocks-gallery-item\"><figure><img decoding=\"async\" src=\"http:\/\/ipoweb.bruxelles.be\/emileandre\/wp-content\/uploads\/2022\/03\/cheval.jpg\" alt=\"\" data-id=\"3863\" data-link=\"http:\/\/ipoweb.bruxelles.be\/emileandre\/?attachment_id=3863\" class=\"wp-image-3863\"\/><\/figure><\/li><li class=\"blocks-gallery-item\"><figure><img decoding=\"async\" src=\"http:\/\/ipoweb.bruxelles.be\/emileandre\/wp-content\/uploads\/2022\/03\/aigle.jpg\" alt=\"\" data-id=\"3862\" data-link=\"http:\/\/ipoweb.bruxelles.be\/emileandre\/?attachment_id=3862\" class=\"wp-image-3862\"\/><\/figure><\/li><li class=\"blocks-gallery-item\"><figure><img decoding=\"async\" src=\"http:\/\/ipoweb.bruxelles.be\/emileandre\/wp-content\/uploads\/2022\/03\/louve.jpg\" alt=\"\" data-id=\"3868\" data-link=\"http:\/\/ipoweb.bruxelles.be\/emileandre\/?attachment_id=3868\" class=\"wp-image-3868\"\/><\/figure><\/li><\/ul>\n\n\n\n<p>Et un peu plus haut &#8230;&#8230;&#8230;&#8230;. L&rsquo;avez-vous reconnu ?<\/p>\n\n\n\n<div class=\"wp-block-image\"><figure class=\"aligncenter\"><img decoding=\"async\" src=\"http:\/\/ipoweb.bruxelles.be\/emileandre\/wp-content\/uploads\/2022\/03\/dragon.jpg\" alt=\"\" class=\"wp-image-3871\"\/><\/figure><\/div>\n\n\n\n<p>De tr\u00e8s chouettes d\u00e9couvertes !!!<\/p>\n\n\n\n<p><\/p>\n","protected":false},"excerpt":{"rendered":"<p>Ce jeudi apr\u00e8s-midi, les \u00e9l\u00e8ves de deuxi\u00e8me ann\u00e9e sont all\u00e9s \u00e0 la Grand-Place pour y retrouver les animaux. Des animaux sur la Grand-Place ? Mais oui ! On y trouve beaucoup de statues d&rsquo;animaux ! Suivons le plan ! Voici quelques animaux retrouv\u00e9s &#8230;. Et un peu plus haut &#8230;&#8230;&#8230;&#8230;. L&rsquo;avez-vous reconnu ? De tr\u00e8s [&hellip;]<\/p>\n","protected":false},"author":2,"featured_media":0,"comment_status":"closed","ping_status":"open","sticky":false,"template":"","format":"standard","meta":{"footnotes":""},"categories":[8],"tags":[],"_links":{"self":[{"href":"https:\/\/ipoweb.bruxelles.be\/emileandre\/index.php?rest_route=\/wp\/v2\/posts\/3869"}],"collection":[{"href":"https:\/\/ipoweb.bruxelles.be\/emileandre\/index.php?rest_route=\/wp\/v2\/posts"}],"about":[{"href":"https:\/\/ipoweb.bruxelles.be\/emileandre\/index.php?rest_route=\/wp\/v2\/types\/post"}],"author":[{"embeddable":true,"href":"https:\/\/ipoweb.bruxelles.be\/emileandre\/index.php?rest_route=\/wp\/v2\/users\/2"}],"replies":[{"embeddable":true,"href":"https:\/\/ipoweb.bruxelles.be\/emileandre\/index.php?rest_route=%2Fwp%2Fv2%2Fcomments&post=3869"}],"version-history":[{"count":2,"href":"https:\/\/ipoweb.bruxelles.be\/emileandre\/index.php?rest_route=\/wp\/v2\/posts\/3869\/revisions"}],"predecessor-version":[{"id":3872,"href":"https:\/\/ipoweb.bruxelles.be\/emileandre\/index.php?rest_route=\/wp\/v2\/posts\/3869\/revisions\/3872"}],"wp:attachment":[{"href":"https:\/\/ipoweb.bruxelles.be\/emileandre\/index.php?rest_route=%2Fwp%2Fv2%2Fmedia&parent=3869"}],"wp:term":[{"taxonomy":"category","embeddable":true,"href":"https:\/\/ipoweb.bruxelles.be\/emileandre\/index.php?rest_route=%2Fwp%2Fv2%2Fcategories&post=3869"},{"taxonomy":"post_tag","embeddable":true,"href":"https:\/\/ipoweb.bruxelles.be\/emileandre\/index.php?rest_route=%2Fwp%2Fv2%2Ftags&post=3869"}],"curies":[{"name":"wp","href":"https:\/\/api.w.org\/{rel}","templated":true}]}}