{"id":3879,"date":"2022-03-28T13:10:25","date_gmt":"2022-03-28T11:10:25","guid":{"rendered":"http:\/\/ipoweb.bruxelles.be\/emileandre\/?p=3879"},"modified":"2022-03-28T13:10:47","modified_gmt":"2022-03-28T11:10:47","slug":"les-p2-tissage-a-la-fonderie","status":"publish","type":"post","link":"https:\/\/ipoweb.bruxelles.be\/emileandre\/?p=3879","title":{"rendered":"Les P2, tissage \u00e0 la Fonderie"},"content":{"rendered":"\n<p>Ce jeudi, les P2 ont tiss\u00e9. <br>\u00c0 La Fonderie, un atelier de tissage o\u00f9 ils ont confectionn\u00e9 de magnifiques poissons pour le 1\u00b0 avril qui approche.<br>Ils se d\u00e9brouill\u00e9s comme de vrais petits tisserands. <\/p>\n\n\n\n<figure class=\"wp-block-image\"><img decoding=\"async\" loading=\"lazy\" width=\"766\" height=\"1024\" src=\"http:\/\/ipoweb.bruxelles.be\/emileandre\/wp-content\/uploads\/2022\/03\/processed-b77608c5-5af1-4931-a6e6-6e8dbec91e63_iCxrRWla-766x1024.jpeg\" alt=\"\" class=\"wp-image-3877\" srcset=\"https:\/\/ipoweb.bruxelles.be\/emileandre\/wp-content\/uploads\/2022\/03\/processed-b77608c5-5af1-4931-a6e6-6e8dbec91e63_iCxrRWla-766x1024.jpeg 766w, https:\/\/ipoweb.bruxelles.be\/emileandre\/wp-content\/uploads\/2022\/03\/processed-b77608c5-5af1-4931-a6e6-6e8dbec91e63_iCxrRWla-224x300.jpeg 224w, https:\/\/ipoweb.bruxelles.be\/emileandre\/wp-content\/uploads\/2022\/03\/processed-b77608c5-5af1-4931-a6e6-6e8dbec91e63_iCxrRWla-768x1027.jpeg 768w\" sizes=\"(max-width: 766px) 100vw, 766px\" \/><\/figure>\n\n\n\n<ul class=\"wp-block-gallery columns-3 is-cropped wp-block-gallery-1 is-layout-flex wp-block-gallery-is-layout-flex\"><li class=\"blocks-gallery-item\"><figure><img decoding=\"async\" loading=\"lazy\" width=\"766\" height=\"1024\" src=\"http:\/\/ipoweb.bruxelles.be\/emileandre\/wp-content\/uploads\/2022\/03\/processed-e1b9a7e5-50c6-4e5b-8121-256a6538e5ad_EyZpFfHA-766x1024.jpeg\" alt=\"\" data-id=\"3878\" data-link=\"http:\/\/ipoweb.bruxelles.be\/emileandre\/?attachment_id=3878\" class=\"wp-image-3878\" srcset=\"https:\/\/ipoweb.bruxelles.be\/emileandre\/wp-content\/uploads\/2022\/03\/processed-e1b9a7e5-50c6-4e5b-8121-256a6538e5ad_EyZpFfHA-766x1024.jpeg 766w, https:\/\/ipoweb.bruxelles.be\/emileandre\/wp-content\/uploads\/2022\/03\/processed-e1b9a7e5-50c6-4e5b-8121-256a6538e5ad_EyZpFfHA-224x300.jpeg 224w, https:\/\/ipoweb.bruxelles.be\/emileandre\/wp-content\/uploads\/2022\/03\/processed-e1b9a7e5-50c6-4e5b-8121-256a6538e5ad_EyZpFfHA-768x1027.jpeg 768w\" sizes=\"(max-width: 766px) 100vw, 766px\" \/><\/figure><\/li><li class=\"blocks-gallery-item\"><figure><img decoding=\"async\" loading=\"lazy\" width=\"766\" height=\"1024\" src=\"http:\/\/ipoweb.bruxelles.be\/emileandre\/wp-content\/uploads\/2022\/03\/processed-221753be-3a67-47a8-8e0e-33b3f4f0523f_S3SEdtoO-766x1024.jpeg\" alt=\"\" data-id=\"3876\" data-link=\"http:\/\/ipoweb.bruxelles.be\/emileandre\/?attachment_id=3876\" class=\"wp-image-3876\" srcset=\"https:\/\/ipoweb.bruxelles.be\/emileandre\/wp-content\/uploads\/2022\/03\/processed-221753be-3a67-47a8-8e0e-33b3f4f0523f_S3SEdtoO-766x1024.jpeg 766w, https:\/\/ipoweb.bruxelles.be\/emileandre\/wp-content\/uploads\/2022\/03\/processed-221753be-3a67-47a8-8e0e-33b3f4f0523f_S3SEdtoO-224x300.jpeg 224w, https:\/\/ipoweb.bruxelles.be\/emileandre\/wp-content\/uploads\/2022\/03\/processed-221753be-3a67-47a8-8e0e-33b3f4f0523f_S3SEdtoO-768x1027.jpeg 768w\" sizes=\"(max-width: 766px) 100vw, 766px\" \/><\/figure><\/li><li class=\"blocks-gallery-item\"><figure><img decoding=\"async\" loading=\"lazy\" width=\"766\" height=\"1024\" src=\"http:\/\/ipoweb.bruxelles.be\/emileandre\/wp-content\/uploads\/2022\/03\/processed-50e9c5cd-9659-4bb6-ab72-fd17d835d90d_r5RkOwex-766x1024.jpeg\" alt=\"\" data-id=\"3874\" data-link=\"http:\/\/ipoweb.bruxelles.be\/emileandre\/?attachment_id=3874\" class=\"wp-image-3874\" srcset=\"https:\/\/ipoweb.bruxelles.be\/emileandre\/wp-content\/uploads\/2022\/03\/processed-50e9c5cd-9659-4bb6-ab72-fd17d835d90d_r5RkOwex-766x1024.jpeg 766w, https:\/\/ipoweb.bruxelles.be\/emileandre\/wp-content\/uploads\/2022\/03\/processed-50e9c5cd-9659-4bb6-ab72-fd17d835d90d_r5RkOwex-224x300.jpeg 224w, https:\/\/ipoweb.bruxelles.be\/emileandre\/wp-content\/uploads\/2022\/03\/processed-50e9c5cd-9659-4bb6-ab72-fd17d835d90d_r5RkOwex-768x1027.jpeg 768w\" sizes=\"(max-width: 766px) 100vw, 766px\" \/><\/figure><\/li><\/ul>\n\n\n\n<ul class=\"wp-block-gallery columns-2 is-cropped wp-block-gallery-3 is-layout-flex wp-block-gallery-is-layout-flex\"><li class=\"blocks-gallery-item\"><figure><img decoding=\"async\" loading=\"lazy\" width=\"766\" height=\"1024\" src=\"http:\/\/ipoweb.bruxelles.be\/emileandre\/wp-content\/uploads\/2022\/03\/processed-8e65fc60-6f2a-49d0-845e-4d1390dc026f_jEkhlzwp-766x1024.jpeg\" alt=\"\" data-id=\"3873\" data-link=\"http:\/\/ipoweb.bruxelles.be\/emileandre\/?attachment_id=3873\" class=\"wp-image-3873\" srcset=\"https:\/\/ipoweb.bruxelles.be\/emileandre\/wp-content\/uploads\/2022\/03\/processed-8e65fc60-6f2a-49d0-845e-4d1390dc026f_jEkhlzwp-766x1024.jpeg 766w, https:\/\/ipoweb.bruxelles.be\/emileandre\/wp-content\/uploads\/2022\/03\/processed-8e65fc60-6f2a-49d0-845e-4d1390dc026f_jEkhlzwp-224x300.jpeg 224w, https:\/\/ipoweb.bruxelles.be\/emileandre\/wp-content\/uploads\/2022\/03\/processed-8e65fc60-6f2a-49d0-845e-4d1390dc026f_jEkhlzwp-768x1027.jpeg 768w\" sizes=\"(max-width: 766px) 100vw, 766px\" \/><\/figure><\/li><li class=\"blocks-gallery-item\"><figure><img decoding=\"async\" loading=\"lazy\" width=\"766\" height=\"1024\" src=\"http:\/\/ipoweb.bruxelles.be\/emileandre\/wp-content\/uploads\/2022\/03\/processed-72d73a5e-467f-4b8f-8bf3-2f701fc379f5_JiNSmJlT-766x1024.jpeg\" alt=\"\" data-id=\"3875\" data-link=\"http:\/\/ipoweb.bruxelles.be\/emileandre\/?attachment_id=3875\" class=\"wp-image-3875\" srcset=\"https:\/\/ipoweb.bruxelles.be\/emileandre\/wp-content\/uploads\/2022\/03\/processed-72d73a5e-467f-4b8f-8bf3-2f701fc379f5_JiNSmJlT-766x1024.jpeg 766w, https:\/\/ipoweb.bruxelles.be\/emileandre\/wp-content\/uploads\/2022\/03\/processed-72d73a5e-467f-4b8f-8bf3-2f701fc379f5_JiNSmJlT-224x300.jpeg 224w, https:\/\/ipoweb.bruxelles.be\/emileandre\/wp-content\/uploads\/2022\/03\/processed-72d73a5e-467f-4b8f-8bf3-2f701fc379f5_JiNSmJlT-768x1027.jpeg 768w\" sizes=\"(max-width: 766px) 100vw, 766px\" \/><\/figure><\/li><\/ul>\n","protected":false},"excerpt":{"rendered":"<p>Ce jeudi, les P2 ont tiss\u00e9. \u00c0 La Fonderie, un atelier de tissage o\u00f9 ils ont confectionn\u00e9 de magnifiques poissons pour le 1\u00b0 avril qui approche.Ils se d\u00e9brouill\u00e9s comme de vrais petits tisserands.<\/p>\n","protected":false},"author":11,"featured_media":0,"comment_status":"closed","ping_status":"open","sticky":false,"template":"","format":"standard","meta":{"footnotes":""},"categories":[8],"tags":[],"_links":{"self":[{"href":"https:\/\/ipoweb.bruxelles.be\/emileandre\/index.php?rest_route=\/wp\/v2\/posts\/3879"}],"collection":[{"href":"https:\/\/ipoweb.bruxelles.be\/emileandre\/index.php?rest_route=\/wp\/v2\/posts"}],"about":[{"href":"https:\/\/ipoweb.bruxelles.be\/emileandre\/index.php?rest_route=\/wp\/v2\/types\/post"}],"author":[{"embeddable":true,"href":"https:\/\/ipoweb.bruxelles.be\/emileandre\/index.php?rest_route=\/wp\/v2\/users\/11"}],"replies":[{"embeddable":true,"href":"https:\/\/ipoweb.bruxelles.be\/emileandre\/index.php?rest_route=%2Fwp%2Fv2%2Fcomments&post=3879"}],"version-history":[{"count":1,"href":"https:\/\/ipoweb.bruxelles.be\/emileandre\/index.php?rest_route=\/wp\/v2\/posts\/3879\/revisions"}],"predecessor-version":[{"id":3880,"href":"https:\/\/ipoweb.bruxelles.be\/emileandre\/index.php?rest_route=\/wp\/v2\/posts\/3879\/revisions\/3880"}],"wp:attachment":[{"href":"https:\/\/ipoweb.bruxelles.be\/emileandre\/index.php?rest_route=%2Fwp%2Fv2%2Fmedia&parent=3879"}],"wp:term":[{"taxonomy":"category","embeddable":true,"href":"https:\/\/ipoweb.bruxelles.be\/emileandre\/index.php?rest_route=%2Fwp%2Fv2%2Fcategories&post=3879"},{"taxonomy":"post_tag","embeddable":true,"href":"https:\/\/ipoweb.bruxelles.be\/emileandre\/index.php?rest_route=%2Fwp%2Fv2%2Ftags&post=3879"}],"curies":[{"name":"wp","href":"https:\/\/api.w.org\/{rel}","templated":true}]}}