{"id":3889,"date":"2022-04-19T12:18:50","date_gmt":"2022-04-19T10:18:50","guid":{"rendered":"http:\/\/ipoweb.bruxelles.be\/emileandre\/?p=3889"},"modified":"2022-04-19T12:19:35","modified_gmt":"2022-04-19T10:19:35","slug":"la-presentation-des-defis","status":"publish","type":"post","link":"https:\/\/ipoweb.bruxelles.be\/emileandre\/?p=3889","title":{"rendered":"La pr\u00e9sentation des d\u00e9fis"},"content":{"rendered":"\n<p>Ce vendredi chaque enfant a pr\u00e9sent\u00e9 son d\u00e9fi au reste de la classe. <br>Un moment de partage et de valorisation des enfants.\u00a0\u00a0<br>Lors de la pr\u00e9sentation aux parents du premier portfolio et bulletin de comp\u00e9tences, chacun a choisi un d\u00e9fi \u00e0 relever et au second nous le pr\u00e9sentons.  <br>Les d\u00e9fis \u00e9taient tr\u00e8s diversifi\u00e9s: organiser un tournoi de basket, r\u00e9aliser un origami , une recette de cuisine, travailler sa confiance en soi, \u00eatre tuteur d un \u00e9l\u00e8ve\u2026 <\/p>\n\n\n\n<p>Voici quelques photos des pr\u00e9sentations:<\/p>\n\n\n\n<ul class=\"wp-block-gallery columns-3 is-cropped wp-block-gallery-1 is-layout-flex wp-block-gallery-is-layout-flex\"><li class=\"blocks-gallery-item\"><figure><img decoding=\"async\" loading=\"lazy\" width=\"768\" height=\"1024\" src=\"http:\/\/ipoweb.bruxelles.be\/emileandre\/wp-content\/uploads\/2022\/04\/isa3-e1650363256200-768x1024.jpg\" alt=\"\" data-id=\"3887\" data-link=\"http:\/\/ipoweb.bruxelles.be\/emileandre\/?attachment_id=3887\" class=\"wp-image-3887\" srcset=\"https:\/\/ipoweb.bruxelles.be\/emileandre\/wp-content\/uploads\/2022\/04\/isa3-e1650363256200-768x1024.jpg 768w, https:\/\/ipoweb.bruxelles.be\/emileandre\/wp-content\/uploads\/2022\/04\/isa3-e1650363256200-225x300.jpg 225w, https:\/\/ipoweb.bruxelles.be\/emileandre\/wp-content\/uploads\/2022\/04\/isa3-e1650363256200.jpg 1512w\" sizes=\"(max-width: 768px) 100vw, 768px\" \/><\/figure><\/li><li class=\"blocks-gallery-item\"><figure><img decoding=\"async\" loading=\"lazy\" width=\"768\" height=\"1024\" src=\"http:\/\/ipoweb.bruxelles.be\/emileandre\/wp-content\/uploads\/2022\/04\/isa4-e1650363238706-768x1024.jpg\" alt=\"\" data-id=\"3888\" data-link=\"http:\/\/ipoweb.bruxelles.be\/emileandre\/?attachment_id=3888\" class=\"wp-image-3888\" srcset=\"https:\/\/ipoweb.bruxelles.be\/emileandre\/wp-content\/uploads\/2022\/04\/isa4-e1650363238706-768x1024.jpg 768w, https:\/\/ipoweb.bruxelles.be\/emileandre\/wp-content\/uploads\/2022\/04\/isa4-e1650363238706-225x300.jpg 225w, https:\/\/ipoweb.bruxelles.be\/emileandre\/wp-content\/uploads\/2022\/04\/isa4-e1650363238706.jpg 1512w\" sizes=\"(max-width: 768px) 100vw, 768px\" \/><\/figure><\/li><li class=\"blocks-gallery-item\"><figure><img decoding=\"async\" loading=\"lazy\" width=\"1024\" height=\"768\" src=\"http:\/\/ipoweb.bruxelles.be\/emileandre\/wp-content\/uploads\/2022\/04\/isa2-1024x768.jpg\" alt=\"\" data-id=\"3886\" data-link=\"http:\/\/ipoweb.bruxelles.be\/emileandre\/?attachment_id=3886\" class=\"wp-image-3886\" srcset=\"https:\/\/ipoweb.bruxelles.be\/emileandre\/wp-content\/uploads\/2022\/04\/isa2-1024x768.jpg 1024w, https:\/\/ipoweb.bruxelles.be\/emileandre\/wp-content\/uploads\/2022\/04\/isa2-300x225.jpg 300w, https:\/\/ipoweb.bruxelles.be\/emileandre\/wp-content\/uploads\/2022\/04\/isa2-768x576.jpg 768w, https:\/\/ipoweb.bruxelles.be\/emileandre\/wp-content\/uploads\/2022\/04\/isa2.jpg 2016w\" sizes=\"(max-width: 1024px) 100vw, 1024px\" \/><\/figure><\/li><li class=\"blocks-gallery-item\"><figure><img decoding=\"async\" loading=\"lazy\" width=\"768\" height=\"1024\" src=\"http:\/\/ipoweb.bruxelles.be\/emileandre\/wp-content\/uploads\/2022\/04\/isa1-e1650363283687-768x1024.jpg\" alt=\"\" data-id=\"3885\" data-link=\"http:\/\/ipoweb.bruxelles.be\/emileandre\/?attachment_id=3885\" class=\"wp-image-3885\" srcset=\"https:\/\/ipoweb.bruxelles.be\/emileandre\/wp-content\/uploads\/2022\/04\/isa1-e1650363283687-768x1024.jpg 768w, https:\/\/ipoweb.bruxelles.be\/emileandre\/wp-content\/uploads\/2022\/04\/isa1-e1650363283687-225x300.jpg 225w, https:\/\/ipoweb.bruxelles.be\/emileandre\/wp-content\/uploads\/2022\/04\/isa1-e1650363283687.jpg 1512w\" sizes=\"(max-width: 768px) 100vw, 768px\" \/><\/figure><\/li><\/ul>\n","protected":false},"excerpt":{"rendered":"<p>Ce vendredi chaque enfant a pr\u00e9sent\u00e9 son d\u00e9fi au reste de la classe. Un moment de partage et de valorisation des enfants.\u00a0\u00a0Lors de la pr\u00e9sentation aux parents du premier portfolio et bulletin de comp\u00e9tences, chacun a choisi un d\u00e9fi \u00e0 relever et au second nous le pr\u00e9sentons. Les d\u00e9fis \u00e9taient tr\u00e8s diversifi\u00e9s: organiser un tournoi [&hellip;]<\/p>\n","protected":false},"author":11,"featured_media":0,"comment_status":"closed","ping_status":"open","sticky":false,"template":"","format":"standard","meta":{"footnotes":""},"categories":[8],"tags":[],"_links":{"self":[{"href":"https:\/\/ipoweb.bruxelles.be\/emileandre\/index.php?rest_route=\/wp\/v2\/posts\/3889"}],"collection":[{"href":"https:\/\/ipoweb.bruxelles.be\/emileandre\/index.php?rest_route=\/wp\/v2\/posts"}],"about":[{"href":"https:\/\/ipoweb.bruxelles.be\/emileandre\/index.php?rest_route=\/wp\/v2\/types\/post"}],"author":[{"embeddable":true,"href":"https:\/\/ipoweb.bruxelles.be\/emileandre\/index.php?rest_route=\/wp\/v2\/users\/11"}],"replies":[{"embeddable":true,"href":"https:\/\/ipoweb.bruxelles.be\/emileandre\/index.php?rest_route=%2Fwp%2Fv2%2Fcomments&post=3889"}],"version-history":[{"count":1,"href":"https:\/\/ipoweb.bruxelles.be\/emileandre\/index.php?rest_route=\/wp\/v2\/posts\/3889\/revisions"}],"predecessor-version":[{"id":3890,"href":"https:\/\/ipoweb.bruxelles.be\/emileandre\/index.php?rest_route=\/wp\/v2\/posts\/3889\/revisions\/3890"}],"wp:attachment":[{"href":"https:\/\/ipoweb.bruxelles.be\/emileandre\/index.php?rest_route=%2Fwp%2Fv2%2Fmedia&parent=3889"}],"wp:term":[{"taxonomy":"category","embeddable":true,"href":"https:\/\/ipoweb.bruxelles.be\/emileandre\/index.php?rest_route=%2Fwp%2Fv2%2Fcategories&post=3889"},{"taxonomy":"post_tag","embeddable":true,"href":"https:\/\/ipoweb.bruxelles.be\/emileandre\/index.php?rest_route=%2Fwp%2Fv2%2Ftags&post=3889"}],"curies":[{"name":"wp","href":"https:\/\/api.w.org\/{rel}","templated":true}]}}