{"id":389,"date":"2019-04-30T13:27:20","date_gmt":"2019-04-30T11:27:20","guid":{"rendered":"http:\/\/ipoweb.bruxelles.be\/emileandre\/?p=389"},"modified":"2019-05-08T13:32:02","modified_gmt":"2019-05-08T11:32:02","slug":"au-zwin","status":"publish","type":"post","link":"https:\/\/ipoweb.bruxelles.be\/emileandre\/?p=389","title":{"rendered":"Au Zwin"},"content":{"rendered":"\n<p>Cette ann\u00e9e, madame Bara a invit\u00e9 les classes de 3\u00e8me ann\u00e9e au Zwin.\nLes \u00e9l\u00e8ves d\u00e9couvrent la faune et la flore de ce magnifique parc naturel, a\u00e9roport international pour les oiseaux&#8230;<\/p>\n\n\n\n<ul class=\"wp-block-gallery columns-3 is-cropped wp-block-gallery-1 is-layout-flex wp-block-gallery-is-layout-flex\"><li class=\"blocks-gallery-item\"><figure><img decoding=\"async\" loading=\"lazy\" width=\"640\" height=\"480\" src=\"http:\/\/ipoweb.bruxelles.be\/emileandre\/wp-content\/uploads\/2019\/05\/IMG_2314.jpg\" alt=\"\" data-id=\"388\" data-link=\"http:\/\/ipoweb.bruxelles.be\/emileandre\/?attachment_id=388\" class=\"wp-image-388\" srcset=\"https:\/\/ipoweb.bruxelles.be\/emileandre\/wp-content\/uploads\/2019\/05\/IMG_2314.jpg 640w, https:\/\/ipoweb.bruxelles.be\/emileandre\/wp-content\/uploads\/2019\/05\/IMG_2314-300x225.jpg 300w\" sizes=\"(max-width: 640px) 100vw, 640px\" \/><\/figure><\/li><li class=\"blocks-gallery-item\"><figure><img decoding=\"async\" loading=\"lazy\" width=\"640\" height=\"480\" src=\"http:\/\/ipoweb.bruxelles.be\/emileandre\/wp-content\/uploads\/2019\/05\/IMG_2313.jpg\" alt=\"\" data-id=\"387\" data-link=\"http:\/\/ipoweb.bruxelles.be\/emileandre\/?attachment_id=387\" class=\"wp-image-387\" srcset=\"https:\/\/ipoweb.bruxelles.be\/emileandre\/wp-content\/uploads\/2019\/05\/IMG_2313.jpg 640w, https:\/\/ipoweb.bruxelles.be\/emileandre\/wp-content\/uploads\/2019\/05\/IMG_2313-300x225.jpg 300w\" sizes=\"(max-width: 640px) 100vw, 640px\" \/><\/figure><\/li><li class=\"blocks-gallery-item\"><figure><img decoding=\"async\" loading=\"lazy\" width=\"640\" height=\"480\" src=\"http:\/\/ipoweb.bruxelles.be\/emileandre\/wp-content\/uploads\/2019\/05\/IMG_2311.jpg\" alt=\"\" data-id=\"385\" data-link=\"http:\/\/ipoweb.bruxelles.be\/emileandre\/?attachment_id=385\" class=\"wp-image-385\" srcset=\"https:\/\/ipoweb.bruxelles.be\/emileandre\/wp-content\/uploads\/2019\/05\/IMG_2311.jpg 640w, https:\/\/ipoweb.bruxelles.be\/emileandre\/wp-content\/uploads\/2019\/05\/IMG_2311-300x225.jpg 300w\" sizes=\"(max-width: 640px) 100vw, 640px\" \/><\/figure><\/li><li class=\"blocks-gallery-item\"><figure><img decoding=\"async\" loading=\"lazy\" width=\"640\" height=\"480\" src=\"http:\/\/ipoweb.bruxelles.be\/emileandre\/wp-content\/uploads\/2019\/05\/IMG_2306.jpg\" alt=\"\" data-id=\"384\" data-link=\"http:\/\/ipoweb.bruxelles.be\/emileandre\/?attachment_id=384\" class=\"wp-image-384\" srcset=\"https:\/\/ipoweb.bruxelles.be\/emileandre\/wp-content\/uploads\/2019\/05\/IMG_2306.jpg 640w, https:\/\/ipoweb.bruxelles.be\/emileandre\/wp-content\/uploads\/2019\/05\/IMG_2306-300x225.jpg 300w\" sizes=\"(max-width: 640px) 100vw, 640px\" \/><\/figure><\/li><li class=\"blocks-gallery-item\"><figure><img decoding=\"async\" loading=\"lazy\" width=\"640\" height=\"480\" src=\"http:\/\/ipoweb.bruxelles.be\/emileandre\/wp-content\/uploads\/2019\/05\/IMG_2280.jpg\" alt=\"\" data-id=\"382\" data-link=\"http:\/\/ipoweb.bruxelles.be\/emileandre\/?attachment_id=382\" class=\"wp-image-382\" srcset=\"https:\/\/ipoweb.bruxelles.be\/emileandre\/wp-content\/uploads\/2019\/05\/IMG_2280.jpg 640w, https:\/\/ipoweb.bruxelles.be\/emileandre\/wp-content\/uploads\/2019\/05\/IMG_2280-300x225.jpg 300w\" sizes=\"(max-width: 640px) 100vw, 640px\" \/><\/figure><\/li><li class=\"blocks-gallery-item\"><figure><img decoding=\"async\" loading=\"lazy\" width=\"640\" height=\"480\" src=\"http:\/\/ipoweb.bruxelles.be\/emileandre\/wp-content\/uploads\/2019\/05\/IMG_2270.jpg\" alt=\"\" data-id=\"381\" data-link=\"http:\/\/ipoweb.bruxelles.be\/emileandre\/?attachment_id=381\" class=\"wp-image-381\" srcset=\"https:\/\/ipoweb.bruxelles.be\/emileandre\/wp-content\/uploads\/2019\/05\/IMG_2270.jpg 640w, https:\/\/ipoweb.bruxelles.be\/emileandre\/wp-content\/uploads\/2019\/05\/IMG_2270-300x225.jpg 300w\" sizes=\"(max-width: 640px) 100vw, 640px\" \/><\/figure><\/li><li class=\"blocks-gallery-item\"><figure><img decoding=\"async\" loading=\"lazy\" width=\"480\" height=\"640\" src=\"http:\/\/ipoweb.bruxelles.be\/emileandre\/wp-content\/uploads\/2019\/05\/IMG_2312-e1557314703983.jpg\" alt=\"\" data-id=\"386\" data-link=\"http:\/\/ipoweb.bruxelles.be\/emileandre\/?attachment_id=386\" class=\"wp-image-386\" srcset=\"https:\/\/ipoweb.bruxelles.be\/emileandre\/wp-content\/uploads\/2019\/05\/IMG_2312-e1557314703983.jpg 480w, https:\/\/ipoweb.bruxelles.be\/emileandre\/wp-content\/uploads\/2019\/05\/IMG_2312-e1557314703983-225x300.jpg 225w\" sizes=\"(max-width: 480px) 100vw, 480px\" \/><\/figure><\/li><li class=\"blocks-gallery-item\"><figure><img decoding=\"async\" loading=\"lazy\" width=\"480\" height=\"640\" src=\"http:\/\/ipoweb.bruxelles.be\/emileandre\/wp-content\/uploads\/2019\/05\/IMG_2300-e1557314717796.jpg\" alt=\"\" data-id=\"383\" data-link=\"http:\/\/ipoweb.bruxelles.be\/emileandre\/?attachment_id=383\" class=\"wp-image-383\" srcset=\"https:\/\/ipoweb.bruxelles.be\/emileandre\/wp-content\/uploads\/2019\/05\/IMG_2300-e1557314717796.jpg 480w, https:\/\/ipoweb.bruxelles.be\/emileandre\/wp-content\/uploads\/2019\/05\/IMG_2300-e1557314717796-225x300.jpg 225w\" sizes=\"(max-width: 480px) 100vw, 480px\" \/><\/figure><\/li><\/ul>\n","protected":false},"excerpt":{"rendered":"<p>Cette ann\u00e9e, madame Bara a invit\u00e9 les classes de 3\u00e8me ann\u00e9e au Zwin. Les \u00e9l\u00e8ves d\u00e9couvrent la faune et la flore de ce magnifique parc naturel, a\u00e9roport international pour les oiseaux&#8230;<\/p>\n","protected":false},"author":2,"featured_media":0,"comment_status":"closed","ping_status":"open","sticky":false,"template":"","format":"standard","meta":{"footnotes":""},"categories":[9],"tags":[],"_links":{"self":[{"href":"https:\/\/ipoweb.bruxelles.be\/emileandre\/index.php?rest_route=\/wp\/v2\/posts\/389"}],"collection":[{"href":"https:\/\/ipoweb.bruxelles.be\/emileandre\/index.php?rest_route=\/wp\/v2\/posts"}],"about":[{"href":"https:\/\/ipoweb.bruxelles.be\/emileandre\/index.php?rest_route=\/wp\/v2\/types\/post"}],"author":[{"embeddable":true,"href":"https:\/\/ipoweb.bruxelles.be\/emileandre\/index.php?rest_route=\/wp\/v2\/users\/2"}],"replies":[{"embeddable":true,"href":"https:\/\/ipoweb.bruxelles.be\/emileandre\/index.php?rest_route=%2Fwp%2Fv2%2Fcomments&post=389"}],"version-history":[{"count":1,"href":"https:\/\/ipoweb.bruxelles.be\/emileandre\/index.php?rest_route=\/wp\/v2\/posts\/389\/revisions"}],"predecessor-version":[{"id":390,"href":"https:\/\/ipoweb.bruxelles.be\/emileandre\/index.php?rest_route=\/wp\/v2\/posts\/389\/revisions\/390"}],"wp:attachment":[{"href":"https:\/\/ipoweb.bruxelles.be\/emileandre\/index.php?rest_route=%2Fwp%2Fv2%2Fmedia&parent=389"}],"wp:term":[{"taxonomy":"category","embeddable":true,"href":"https:\/\/ipoweb.bruxelles.be\/emileandre\/index.php?rest_route=%2Fwp%2Fv2%2Fcategories&post=389"},{"taxonomy":"post_tag","embeddable":true,"href":"https:\/\/ipoweb.bruxelles.be\/emileandre\/index.php?rest_route=%2Fwp%2Fv2%2Ftags&post=389"}],"curies":[{"name":"wp","href":"https:\/\/api.w.org\/{rel}","templated":true}]}}