{"id":4101,"date":"2022-06-04T08:19:46","date_gmt":"2022-06-04T06:19:46","guid":{"rendered":"http:\/\/ipoweb.bruxelles.be\/emileandre\/?p=4101"},"modified":"2022-06-04T08:39:53","modified_gmt":"2022-06-04T06:39:53","slug":"une-ecole-droits-des-enfants","status":"publish","type":"post","link":"https:\/\/ipoweb.bruxelles.be\/emileandre\/?p=4101","title":{"rendered":"Une \u00e9cole \u00ab\u00a0Droits de l&rsquo;enfant\u00a0\u00bb"},"content":{"rendered":"\n<p>Ce vendredi 3 juin, nous avons officiellement \u00e9t\u00e9 reconnu \u00e9cole des \u00ab\u00a0droits de l&rsquo;enfant\u00a0\u00bb par l&rsquo;Unicef. Une fiert\u00e9 mais surtout un engagement.<\/p>\n\n\n\n<p>Des droits que les enfants ont appris \u00e0 conna\u00eetre, ils en parlent ou les ont dessin\u00e9s.<\/p>\n\n\n\n<figure class=\"wp-block-image\"><img decoding=\"async\" loading=\"lazy\" width=\"1024\" height=\"461\" src=\"http:\/\/ipoweb.bruxelles.be\/emileandre\/wp-content\/uploads\/2022\/06\/thumbnail_20220603_083443-1024x461.jpg\" alt=\"\" class=\"wp-image-4094\" srcset=\"https:\/\/ipoweb.bruxelles.be\/emileandre\/wp-content\/uploads\/2022\/06\/thumbnail_20220603_083443-1024x461.jpg 1024w, https:\/\/ipoweb.bruxelles.be\/emileandre\/wp-content\/uploads\/2022\/06\/thumbnail_20220603_083443-300x135.jpg 300w, https:\/\/ipoweb.bruxelles.be\/emileandre\/wp-content\/uploads\/2022\/06\/thumbnail_20220603_083443-768x346.jpg 768w, https:\/\/ipoweb.bruxelles.be\/emileandre\/wp-content\/uploads\/2022\/06\/thumbnail_20220603_083443.jpg 1280w\" sizes=\"(max-width: 1024px) 100vw, 1024px\" \/><\/figure>\n\n\n\n<figure class=\"wp-block-image\"><img decoding=\"async\" loading=\"lazy\" width=\"1024\" height=\"768\" src=\"http:\/\/ipoweb.bruxelles.be\/emileandre\/wp-content\/uploads\/2022\/06\/thumbnail_IMG-20220603-WA0014-1024x768.jpg\" alt=\"\" class=\"wp-image-4100\" srcset=\"https:\/\/ipoweb.bruxelles.be\/emileandre\/wp-content\/uploads\/2022\/06\/thumbnail_IMG-20220603-WA0014-1024x768.jpg 1024w, https:\/\/ipoweb.bruxelles.be\/emileandre\/wp-content\/uploads\/2022\/06\/thumbnail_IMG-20220603-WA0014-300x225.jpg 300w, https:\/\/ipoweb.bruxelles.be\/emileandre\/wp-content\/uploads\/2022\/06\/thumbnail_IMG-20220603-WA0014-768x576.jpg 768w, https:\/\/ipoweb.bruxelles.be\/emileandre\/wp-content\/uploads\/2022\/06\/thumbnail_IMG-20220603-WA0014.jpg 1280w\" sizes=\"(max-width: 1024px) 100vw, 1024px\" \/><\/figure>\n\n\n\n<ul class=\"wp-block-gallery columns-3 is-cropped wp-block-gallery-1 is-layout-flex wp-block-gallery-is-layout-flex\"><li class=\"blocks-gallery-item\"><figure><img decoding=\"async\" loading=\"lazy\" width=\"730\" height=\"447\" src=\"http:\/\/ipoweb.bruxelles.be\/emileandre\/wp-content\/uploads\/2022\/06\/famille.jpg\" alt=\"\" data-id=\"4091\" data-link=\"http:\/\/ipoweb.bruxelles.be\/emileandre\/?attachment_id=4091\" class=\"wp-image-4091\" srcset=\"https:\/\/ipoweb.bruxelles.be\/emileandre\/wp-content\/uploads\/2022\/06\/famille.jpg 730w, https:\/\/ipoweb.bruxelles.be\/emileandre\/wp-content\/uploads\/2022\/06\/famille-300x184.jpg 300w\" sizes=\"(max-width: 730px) 100vw, 730px\" \/><\/figure><\/li><li class=\"blocks-gallery-item\"><figure><img decoding=\"async\" loading=\"lazy\" width=\"182\" height=\"152\" src=\"http:\/\/ipoweb.bruxelles.be\/emileandre\/wp-content\/uploads\/2022\/06\/droits3.jpg\" alt=\"\" data-id=\"4090\" data-link=\"http:\/\/ipoweb.bruxelles.be\/emileandre\/?attachment_id=4090\" class=\"wp-image-4090\"\/><\/figure><\/li><li class=\"blocks-gallery-item\"><figure><img decoding=\"async\" loading=\"lazy\" width=\"307\" height=\"256\" src=\"http:\/\/ipoweb.bruxelles.be\/emileandre\/wp-content\/uploads\/2022\/06\/droit4.jpg\" alt=\"\" data-id=\"4089\" data-link=\"http:\/\/ipoweb.bruxelles.be\/emileandre\/?attachment_id=4089\" class=\"wp-image-4089\" srcset=\"https:\/\/ipoweb.bruxelles.be\/emileandre\/wp-content\/uploads\/2022\/06\/droit4.jpg 307w, https:\/\/ipoweb.bruxelles.be\/emileandre\/wp-content\/uploads\/2022\/06\/droit4-300x250.jpg 300w\" sizes=\"(max-width: 307px) 100vw, 307px\" \/><\/figure><\/li><li class=\"blocks-gallery-item\"><figure><img decoding=\"async\" loading=\"lazy\" width=\"960\" height=\"802\" src=\"http:\/\/ipoweb.bruxelles.be\/emileandre\/wp-content\/uploads\/2022\/06\/memesdroits.jpg\" alt=\"\" data-id=\"4093\" data-link=\"http:\/\/ipoweb.bruxelles.be\/emileandre\/?attachment_id=4093\" class=\"wp-image-4093\" srcset=\"https:\/\/ipoweb.bruxelles.be\/emileandre\/wp-content\/uploads\/2022\/06\/memesdroits.jpg 960w, https:\/\/ipoweb.bruxelles.be\/emileandre\/wp-content\/uploads\/2022\/06\/memesdroits-300x251.jpg 300w, https:\/\/ipoweb.bruxelles.be\/emileandre\/wp-content\/uploads\/2022\/06\/memesdroits-768x642.jpg 768w\" sizes=\"(max-width: 960px) 100vw, 960px\" \/><\/figure><\/li><\/ul>\n\n\n\n<p>Avec les parents invit\u00e9s pour l&rsquo;occasion, nous d\u00e9voilons la plaque \u00e0 l&rsquo;entr\u00e9e de l&rsquo;\u00e9cole.<\/p>\n\n\n\n<figure class=\"wp-block-image\"><img decoding=\"async\" loading=\"lazy\" width=\"1024\" height=\"461\" src=\"http:\/\/ipoweb.bruxelles.be\/emileandre\/wp-content\/uploads\/2022\/06\/thumbnail_20220603_083449-1024x461.jpg\" alt=\"\" class=\"wp-image-4095\" srcset=\"https:\/\/ipoweb.bruxelles.be\/emileandre\/wp-content\/uploads\/2022\/06\/thumbnail_20220603_083449-1024x461.jpg 1024w, https:\/\/ipoweb.bruxelles.be\/emileandre\/wp-content\/uploads\/2022\/06\/thumbnail_20220603_083449-300x135.jpg 300w, https:\/\/ipoweb.bruxelles.be\/emileandre\/wp-content\/uploads\/2022\/06\/thumbnail_20220603_083449-768x346.jpg 768w, https:\/\/ipoweb.bruxelles.be\/emileandre\/wp-content\/uploads\/2022\/06\/thumbnail_20220603_083449.jpg 1280w\" sizes=\"(max-width: 1024px) 100vw, 1024px\" \/><\/figure>\n\n\n\n<ul class=\"wp-block-gallery columns-3 is-cropped wp-block-gallery-3 is-layout-flex wp-block-gallery-is-layout-flex\"><li class=\"blocks-gallery-item\"><figure><img decoding=\"async\" loading=\"lazy\" width=\"1024\" height=\"461\" src=\"http:\/\/ipoweb.bruxelles.be\/emileandre\/wp-content\/uploads\/2022\/06\/thumbnail_20220603_084534-1024x461.jpg\" alt=\"\" data-id=\"4096\" data-link=\"http:\/\/ipoweb.bruxelles.be\/emileandre\/?attachment_id=4096\" class=\"wp-image-4096\" srcset=\"https:\/\/ipoweb.bruxelles.be\/emileandre\/wp-content\/uploads\/2022\/06\/thumbnail_20220603_084534-1024x461.jpg 1024w, https:\/\/ipoweb.bruxelles.be\/emileandre\/wp-content\/uploads\/2022\/06\/thumbnail_20220603_084534-300x135.jpg 300w, https:\/\/ipoweb.bruxelles.be\/emileandre\/wp-content\/uploads\/2022\/06\/thumbnail_20220603_084534-768x346.jpg 768w, https:\/\/ipoweb.bruxelles.be\/emileandre\/wp-content\/uploads\/2022\/06\/thumbnail_20220603_084534.jpg 1280w\" sizes=\"(max-width: 1024px) 100vw, 1024px\" \/><\/figure><\/li><li class=\"blocks-gallery-item\"><figure><img decoding=\"async\" loading=\"lazy\" width=\"461\" height=\"1024\" src=\"http:\/\/ipoweb.bruxelles.be\/emileandre\/wp-content\/uploads\/2022\/06\/thumbnail_20220603_084625-461x1024.jpg\" alt=\"\" data-id=\"4097\" data-link=\"http:\/\/ipoweb.bruxelles.be\/emileandre\/?attachment_id=4097\" class=\"wp-image-4097\" srcset=\"https:\/\/ipoweb.bruxelles.be\/emileandre\/wp-content\/uploads\/2022\/06\/thumbnail_20220603_084625-461x1024.jpg 461w, https:\/\/ipoweb.bruxelles.be\/emileandre\/wp-content\/uploads\/2022\/06\/thumbnail_20220603_084625-135x300.jpg 135w, https:\/\/ipoweb.bruxelles.be\/emileandre\/wp-content\/uploads\/2022\/06\/thumbnail_20220603_084625.jpg 576w\" sizes=\"(max-width: 461px) 100vw, 461px\" \/><\/figure><\/li><li class=\"blocks-gallery-item\"><figure><img decoding=\"async\" loading=\"lazy\" width=\"461\" height=\"1024\" src=\"http:\/\/ipoweb.bruxelles.be\/emileandre\/wp-content\/uploads\/2022\/06\/thumbnail_20220603_084626-461x1024.jpg\" alt=\"\" data-id=\"4098\" data-link=\"http:\/\/ipoweb.bruxelles.be\/emileandre\/?attachment_id=4098\" class=\"wp-image-4098\" srcset=\"https:\/\/ipoweb.bruxelles.be\/emileandre\/wp-content\/uploads\/2022\/06\/thumbnail_20220603_084626-461x1024.jpg 461w, https:\/\/ipoweb.bruxelles.be\/emileandre\/wp-content\/uploads\/2022\/06\/thumbnail_20220603_084626-135x300.jpg 135w, https:\/\/ipoweb.bruxelles.be\/emileandre\/wp-content\/uploads\/2022\/06\/thumbnail_20220603_084626.jpg 576w\" sizes=\"(max-width: 461px) 100vw, 461px\" \/><\/figure><\/li><\/ul>\n\n\n\n<figure class=\"wp-block-image\"><img decoding=\"async\" loading=\"lazy\" width=\"487\" height=\"433\" src=\"http:\/\/ipoweb.bruxelles.be\/emileandre\/wp-content\/uploads\/2022\/06\/label.jpg\" alt=\"\" class=\"wp-image-4092\" srcset=\"https:\/\/ipoweb.bruxelles.be\/emileandre\/wp-content\/uploads\/2022\/06\/label.jpg 487w, https:\/\/ipoweb.bruxelles.be\/emileandre\/wp-content\/uploads\/2022\/06\/label-300x267.jpg 300w\" sizes=\"(max-width: 487px) 100vw, 487px\" \/><\/figure>\n\n\n\n<p>Nous nous sommes engag\u00e9s \u00e0 faire des droits de l&rsquo;enfant une r\u00e9alit\u00e9 quotidienne dans l&rsquo;\u00e9cole au moins jusqu&rsquo;en 2026 !<\/p>\n\n\n\n<p>Nous commen\u00e7ons par une animation dans la classe de C\u00e9line.<\/p>\n\n\n\n<figure class=\"wp-block-image\"><img decoding=\"async\" loading=\"lazy\" width=\"1024\" height=\"461\" src=\"http:\/\/ipoweb.bruxelles.be\/emileandre\/wp-content\/uploads\/2022\/06\/thumbnail_20220603_091033-1024x461.jpg\" alt=\"\" class=\"wp-image-4099\" srcset=\"https:\/\/ipoweb.bruxelles.be\/emileandre\/wp-content\/uploads\/2022\/06\/thumbnail_20220603_091033-1024x461.jpg 1024w, https:\/\/ipoweb.bruxelles.be\/emileandre\/wp-content\/uploads\/2022\/06\/thumbnail_20220603_091033-300x135.jpg 300w, https:\/\/ipoweb.bruxelles.be\/emileandre\/wp-content\/uploads\/2022\/06\/thumbnail_20220603_091033-768x346.jpg 768w, https:\/\/ipoweb.bruxelles.be\/emileandre\/wp-content\/uploads\/2022\/06\/thumbnail_20220603_091033.jpg 1280w\" sizes=\"(max-width: 1024px) 100vw, 1024px\" \/><\/figure>\n","protected":false},"excerpt":{"rendered":"<p>Ce vendredi 3 juin, nous avons officiellement \u00e9t\u00e9 reconnu \u00e9cole des \u00ab\u00a0droits de l&rsquo;enfant\u00a0\u00bb par l&rsquo;Unicef. Une fiert\u00e9 mais surtout un engagement. Des droits que les enfants ont appris \u00e0 conna\u00eetre, ils en parlent ou les ont dessin\u00e9s. Avec les parents invit\u00e9s pour l&rsquo;occasion, nous d\u00e9voilons la plaque \u00e0 l&rsquo;entr\u00e9e de l&rsquo;\u00e9cole. Nous nous sommes [&hellip;]<\/p>\n","protected":false},"author":2,"featured_media":0,"comment_status":"closed","ping_status":"open","sticky":false,"template":"","format":"standard","meta":{"footnotes":""},"categories":[1],"tags":[],"_links":{"self":[{"href":"https:\/\/ipoweb.bruxelles.be\/emileandre\/index.php?rest_route=\/wp\/v2\/posts\/4101"}],"collection":[{"href":"https:\/\/ipoweb.bruxelles.be\/emileandre\/index.php?rest_route=\/wp\/v2\/posts"}],"about":[{"href":"https:\/\/ipoweb.bruxelles.be\/emileandre\/index.php?rest_route=\/wp\/v2\/types\/post"}],"author":[{"embeddable":true,"href":"https:\/\/ipoweb.bruxelles.be\/emileandre\/index.php?rest_route=\/wp\/v2\/users\/2"}],"replies":[{"embeddable":true,"href":"https:\/\/ipoweb.bruxelles.be\/emileandre\/index.php?rest_route=%2Fwp%2Fv2%2Fcomments&post=4101"}],"version-history":[{"count":2,"href":"https:\/\/ipoweb.bruxelles.be\/emileandre\/index.php?rest_route=\/wp\/v2\/posts\/4101\/revisions"}],"predecessor-version":[{"id":4103,"href":"https:\/\/ipoweb.bruxelles.be\/emileandre\/index.php?rest_route=\/wp\/v2\/posts\/4101\/revisions\/4103"}],"wp:attachment":[{"href":"https:\/\/ipoweb.bruxelles.be\/emileandre\/index.php?rest_route=%2Fwp%2Fv2%2Fmedia&parent=4101"}],"wp:term":[{"taxonomy":"category","embeddable":true,"href":"https:\/\/ipoweb.bruxelles.be\/emileandre\/index.php?rest_route=%2Fwp%2Fv2%2Fcategories&post=4101"},{"taxonomy":"post_tag","embeddable":true,"href":"https:\/\/ipoweb.bruxelles.be\/emileandre\/index.php?rest_route=%2Fwp%2Fv2%2Ftags&post=4101"}],"curies":[{"name":"wp","href":"https:\/\/api.w.org\/{rel}","templated":true}]}}