{"id":4108,"date":"2022-06-12T08:30:19","date_gmt":"2022-06-12T06:30:19","guid":{"rendered":"http:\/\/ipoweb.bruxelles.be\/emileandre\/?p=4108"},"modified":"2022-06-12T09:33:16","modified_gmt":"2022-06-12T07:33:16","slug":"grand-concert-remua-2","status":"publish","type":"post","link":"https:\/\/ipoweb.bruxelles.be\/emileandre\/?p=4108","title":{"rendered":"Grand concert Remua"},"content":{"rendered":"\n<p>Samedi soir, la grande salle de Flagey accueillait les familles, les amis des musiciens, musiciennes, chanteurs et chanteuses de plusieurs \u00e9cole de Bruxelles.<\/p>\n\n\n\n<figure class=\"wp-block-image\"><img decoding=\"async\" loading=\"lazy\" width=\"1024\" height=\"462\" src=\"http:\/\/ipoweb.bruxelles.be\/emileandre\/wp-content\/uploads\/2022\/06\/20220611_192730-1024x462.jpg\" alt=\"\" class=\"wp-image-4105\" srcset=\"https:\/\/ipoweb.bruxelles.be\/emileandre\/wp-content\/uploads\/2022\/06\/20220611_192730-1024x462.jpg 1024w, https:\/\/ipoweb.bruxelles.be\/emileandre\/wp-content\/uploads\/2022\/06\/20220611_192730-300x135.jpg 300w, https:\/\/ipoweb.bruxelles.be\/emileandre\/wp-content\/uploads\/2022\/06\/20220611_192730-768x346.jpg 768w\" sizes=\"(max-width: 1024px) 100vw, 1024px\" \/><\/figure>\n\n\n\n<p>\u00ab\u00a0Jodie et le voyage de musique\u00a0\u00bb, un spectacle magnifique men\u00e9 par un chef d&rsquo;orchestre que nous connaissons bien, Francesc, nous a emmen\u00e9 en musique et en chansons aux quatre coins de la plan\u00e8te Remua.<\/p>\n\n\n\n<p>Merci \u00e0 toutes et tous pour ce merveilleux travail et sp\u00e9cialement \u00e0 Marjorie, Keysha, Rosanna, Adriana, Ceu, Coumba, Fatoumata, Loune et Margot !<\/p>\n\n\n\n<p>A l&rsquo;ann\u00e9e prochaine pour de nouvelles d\u00e9couvertes musicales.<\/p>\n\n\n\n<figure class=\"wp-block-image\"><img decoding=\"async\" loading=\"lazy\" width=\"1024\" height=\"462\" src=\"http:\/\/ipoweb.bruxelles.be\/emileandre\/wp-content\/uploads\/2022\/06\/20220611_195043-1024x462.jpg\" alt=\"\" class=\"wp-image-4106\" srcset=\"https:\/\/ipoweb.bruxelles.be\/emileandre\/wp-content\/uploads\/2022\/06\/20220611_195043-1024x462.jpg 1024w, https:\/\/ipoweb.bruxelles.be\/emileandre\/wp-content\/uploads\/2022\/06\/20220611_195043-300x135.jpg 300w, https:\/\/ipoweb.bruxelles.be\/emileandre\/wp-content\/uploads\/2022\/06\/20220611_195043-768x346.jpg 768w\" sizes=\"(max-width: 1024px) 100vw, 1024px\" \/><\/figure>\n","protected":false},"excerpt":{"rendered":"<p>Samedi soir, la grande salle de Flagey accueillait les familles, les amis des musiciens, musiciennes, chanteurs et chanteuses de plusieurs \u00e9cole de Bruxelles. \u00ab\u00a0Jodie et le voyage de musique\u00a0\u00bb, un spectacle magnifique men\u00e9 par un chef d&rsquo;orchestre que nous connaissons bien, Francesc, nous a emmen\u00e9 en musique et en chansons aux quatre coins de la [&hellip;]<\/p>\n","protected":false},"author":11,"featured_media":0,"comment_status":"closed","ping_status":"open","sticky":false,"template":"","format":"standard","meta":{"footnotes":""},"categories":[9,10],"tags":[],"_links":{"self":[{"href":"https:\/\/ipoweb.bruxelles.be\/emileandre\/index.php?rest_route=\/wp\/v2\/posts\/4108"}],"collection":[{"href":"https:\/\/ipoweb.bruxelles.be\/emileandre\/index.php?rest_route=\/wp\/v2\/posts"}],"about":[{"href":"https:\/\/ipoweb.bruxelles.be\/emileandre\/index.php?rest_route=\/wp\/v2\/types\/post"}],"author":[{"embeddable":true,"href":"https:\/\/ipoweb.bruxelles.be\/emileandre\/index.php?rest_route=\/wp\/v2\/users\/11"}],"replies":[{"embeddable":true,"href":"https:\/\/ipoweb.bruxelles.be\/emileandre\/index.php?rest_route=%2Fwp%2Fv2%2Fcomments&post=4108"}],"version-history":[{"count":2,"href":"https:\/\/ipoweb.bruxelles.be\/emileandre\/index.php?rest_route=\/wp\/v2\/posts\/4108\/revisions"}],"predecessor-version":[{"id":4112,"href":"https:\/\/ipoweb.bruxelles.be\/emileandre\/index.php?rest_route=\/wp\/v2\/posts\/4108\/revisions\/4112"}],"wp:attachment":[{"href":"https:\/\/ipoweb.bruxelles.be\/emileandre\/index.php?rest_route=%2Fwp%2Fv2%2Fmedia&parent=4108"}],"wp:term":[{"taxonomy":"category","embeddable":true,"href":"https:\/\/ipoweb.bruxelles.be\/emileandre\/index.php?rest_route=%2Fwp%2Fv2%2Fcategories&post=4108"},{"taxonomy":"post_tag","embeddable":true,"href":"https:\/\/ipoweb.bruxelles.be\/emileandre\/index.php?rest_route=%2Fwp%2Fv2%2Ftags&post=4108"}],"curies":[{"name":"wp","href":"https:\/\/api.w.org\/{rel}","templated":true}]}}