{"id":446,"date":"2019-05-09T12:38:32","date_gmt":"2019-05-09T10:38:32","guid":{"rendered":"http:\/\/ipoweb.bruxelles.be\/emileandre\/?p=446"},"modified":"2019-05-09T18:16:51","modified_gmt":"2019-05-09T16:16:51","slug":"notre-magasin","status":"publish","type":"post","link":"https:\/\/ipoweb.bruxelles.be\/emileandre\/?p=446","title":{"rendered":"Notre magasin"},"content":{"rendered":"\n<figure class=\"wp-block-image\"><img decoding=\"async\" loading=\"lazy\" width=\"954\" height=\"211\" src=\"http:\/\/ipoweb.bruxelles.be\/emileandre\/wp-content\/uploads\/2019\/05\/mag6.jpg\" alt=\"\" class=\"wp-image-455\" srcset=\"https:\/\/ipoweb.bruxelles.be\/emileandre\/wp-content\/uploads\/2019\/05\/mag6.jpg 954w, https:\/\/ipoweb.bruxelles.be\/emileandre\/wp-content\/uploads\/2019\/05\/mag6-300x66.jpg 300w, https:\/\/ipoweb.bruxelles.be\/emileandre\/wp-content\/uploads\/2019\/05\/mag6-768x170.jpg 768w\" sizes=\"(max-width: 954px) 100vw, 954px\" \/><\/figure>\n\n\n\n<p>Tous les jours \u00e0 la r\u00e9cr\u00e9ation de 10 heures, nous proposons une collation fruits aux \u00e9l\u00e8ves qui le d\u00e9sirent. <br>Poires, pommes, oranges, bananes et carottes. <br>Les classes vont se relayer pour la vente, les troisi\u00e8mes et surtout la quatri\u00e8me sont devenus de vrais mara\u00eechers!<\/p>\n\n\n\n<ul class=\"wp-block-gallery columns-3 is-cropped wp-block-gallery-1 is-layout-flex wp-block-gallery-is-layout-flex\"><li class=\"blocks-gallery-item\"><figure><img decoding=\"async\" loading=\"lazy\" width=\"1024\" height=\"768\" src=\"http:\/\/ipoweb.bruxelles.be\/emileandre\/wp-content\/uploads\/2019\/05\/mag2-e1557397818784-1024x768.jpg\" alt=\"\" data-id=\"442\" data-link=\"http:\/\/ipoweb.bruxelles.be\/emileandre\/?attachment_id=442\" class=\"wp-image-442\" srcset=\"https:\/\/ipoweb.bruxelles.be\/emileandre\/wp-content\/uploads\/2019\/05\/mag2-e1557397818784-1024x768.jpg 1024w, https:\/\/ipoweb.bruxelles.be\/emileandre\/wp-content\/uploads\/2019\/05\/mag2-e1557397818784-300x225.jpg 300w, https:\/\/ipoweb.bruxelles.be\/emileandre\/wp-content\/uploads\/2019\/05\/mag2-e1557397818784-768x576.jpg 768w\" sizes=\"(max-width: 1024px) 100vw, 1024px\" \/><\/figure><\/li><li class=\"blocks-gallery-item\"><figure><img decoding=\"async\" loading=\"lazy\" width=\"1024\" height=\"768\" src=\"http:\/\/ipoweb.bruxelles.be\/emileandre\/wp-content\/uploads\/2019\/05\/Mag4-1024x768.jpg\" alt=\"\" data-id=\"444\" data-link=\"http:\/\/ipoweb.bruxelles.be\/emileandre\/?attachment_id=444\" class=\"wp-image-444\" srcset=\"https:\/\/ipoweb.bruxelles.be\/emileandre\/wp-content\/uploads\/2019\/05\/Mag4-1024x768.jpg 1024w, https:\/\/ipoweb.bruxelles.be\/emileandre\/wp-content\/uploads\/2019\/05\/Mag4-300x225.jpg 300w, https:\/\/ipoweb.bruxelles.be\/emileandre\/wp-content\/uploads\/2019\/05\/Mag4-768x576.jpg 768w\" sizes=\"(max-width: 1024px) 100vw, 1024px\" \/><\/figure><\/li><li class=\"blocks-gallery-item\"><figure><img decoding=\"async\" loading=\"lazy\" width=\"1024\" height=\"768\" src=\"http:\/\/ipoweb.bruxelles.be\/emileandre\/wp-content\/uploads\/2019\/05\/mag1-1024x768.jpg\" alt=\"\" data-id=\"441\" data-link=\"http:\/\/ipoweb.bruxelles.be\/emileandre\/?attachment_id=441\" class=\"wp-image-441\" srcset=\"https:\/\/ipoweb.bruxelles.be\/emileandre\/wp-content\/uploads\/2019\/05\/mag1-1024x768.jpg 1024w, https:\/\/ipoweb.bruxelles.be\/emileandre\/wp-content\/uploads\/2019\/05\/mag1-300x225.jpg 300w, https:\/\/ipoweb.bruxelles.be\/emileandre\/wp-content\/uploads\/2019\/05\/mag1-768x576.jpg 768w\" sizes=\"(max-width: 1024px) 100vw, 1024px\" \/><\/figure><\/li><li class=\"blocks-gallery-item\"><figure><img decoding=\"async\" loading=\"lazy\" width=\"1024\" height=\"768\" src=\"http:\/\/ipoweb.bruxelles.be\/emileandre\/wp-content\/uploads\/2019\/05\/mag3-1024x768.jpg\" alt=\"\" data-id=\"443\" data-link=\"http:\/\/ipoweb.bruxelles.be\/emileandre\/?attachment_id=443\" class=\"wp-image-443\" srcset=\"https:\/\/ipoweb.bruxelles.be\/emileandre\/wp-content\/uploads\/2019\/05\/mag3-1024x768.jpg 1024w, https:\/\/ipoweb.bruxelles.be\/emileandre\/wp-content\/uploads\/2019\/05\/mag3-300x225.jpg 300w, https:\/\/ipoweb.bruxelles.be\/emileandre\/wp-content\/uploads\/2019\/05\/mag3-768x576.jpg 768w\" sizes=\"(max-width: 1024px) 100vw, 1024px\" \/><\/figure><\/li><\/ul>\n","protected":false},"excerpt":{"rendered":"<p>Tous les jours \u00e0 la r\u00e9cr\u00e9ation de 10 heures, nous proposons une collation fruits aux \u00e9l\u00e8ves qui le d\u00e9sirent. Poires, pommes, oranges, bananes et carottes. Les classes vont se relayer pour la vente, les troisi\u00e8mes et surtout la quatri\u00e8me sont devenus de vrais mara\u00eechers!<\/p>\n","protected":false},"author":7,"featured_media":0,"comment_status":"closed","ping_status":"open","sticky":false,"template":"","format":"standard","meta":{"footnotes":""},"categories":[9],"tags":[],"_links":{"self":[{"href":"https:\/\/ipoweb.bruxelles.be\/emileandre\/index.php?rest_route=\/wp\/v2\/posts\/446"}],"collection":[{"href":"https:\/\/ipoweb.bruxelles.be\/emileandre\/index.php?rest_route=\/wp\/v2\/posts"}],"about":[{"href":"https:\/\/ipoweb.bruxelles.be\/emileandre\/index.php?rest_route=\/wp\/v2\/types\/post"}],"author":[{"embeddable":true,"href":"https:\/\/ipoweb.bruxelles.be\/emileandre\/index.php?rest_route=\/wp\/v2\/users\/7"}],"replies":[{"embeddable":true,"href":"https:\/\/ipoweb.bruxelles.be\/emileandre\/index.php?rest_route=%2Fwp%2Fv2%2Fcomments&post=446"}],"version-history":[{"count":3,"href":"https:\/\/ipoweb.bruxelles.be\/emileandre\/index.php?rest_route=\/wp\/v2\/posts\/446\/revisions"}],"predecessor-version":[{"id":456,"href":"https:\/\/ipoweb.bruxelles.be\/emileandre\/index.php?rest_route=\/wp\/v2\/posts\/446\/revisions\/456"}],"wp:attachment":[{"href":"https:\/\/ipoweb.bruxelles.be\/emileandre\/index.php?rest_route=%2Fwp%2Fv2%2Fmedia&parent=446"}],"wp:term":[{"taxonomy":"category","embeddable":true,"href":"https:\/\/ipoweb.bruxelles.be\/emileandre\/index.php?rest_route=%2Fwp%2Fv2%2Fcategories&post=446"},{"taxonomy":"post_tag","embeddable":true,"href":"https:\/\/ipoweb.bruxelles.be\/emileandre\/index.php?rest_route=%2Fwp%2Fv2%2Ftags&post=446"}],"curies":[{"name":"wp","href":"https:\/\/api.w.org\/{rel}","templated":true}]}}