{"id":4462,"date":"2022-09-08T19:01:14","date_gmt":"2022-09-08T17:01:14","guid":{"rendered":"http:\/\/ipoweb.bruxelles.be\/emileandre\/?p=4462"},"modified":"2022-09-08T19:49:50","modified_gmt":"2022-09-08T17:49:50","slug":"les-p1-sont-de-sortie","status":"publish","type":"post","link":"https:\/\/ipoweb.bruxelles.be\/emileandre\/?p=4462","title":{"rendered":"Les P1 sont de sortie"},"content":{"rendered":"\n<p> Petite sortie au ch\u00e2teau de la Porte de Hal avec les P1.<br>Avec Christine, Chany, et Malika, nous d\u00e9corons des lettres avec des \u00e9l\u00e9ments de la nature.<\/p>\n\n\n\n<figure class=\"wp-block-image\"><img decoding=\"async\" loading=\"lazy\" width=\"1024\" height=\"1024\" src=\"http:\/\/ipoweb.bruxelles.be\/emileandre\/wp-content\/uploads\/2022\/09\/IMG-20220906-WA0006-1024x1024.jpg\" alt=\"\" class=\"wp-image-4454\" srcset=\"https:\/\/ipoweb.bruxelles.be\/emileandre\/wp-content\/uploads\/2022\/09\/IMG-20220906-WA0006-1024x1024.jpg 1024w, https:\/\/ipoweb.bruxelles.be\/emileandre\/wp-content\/uploads\/2022\/09\/IMG-20220906-WA0006-150x150.jpg 150w, https:\/\/ipoweb.bruxelles.be\/emileandre\/wp-content\/uploads\/2022\/09\/IMG-20220906-WA0006-300x300.jpg 300w, https:\/\/ipoweb.bruxelles.be\/emileandre\/wp-content\/uploads\/2022\/09\/IMG-20220906-WA0006-768x768.jpg 768w, https:\/\/ipoweb.bruxelles.be\/emileandre\/wp-content\/uploads\/2022\/09\/IMG-20220906-WA0006-60x60.jpg 60w, https:\/\/ipoweb.bruxelles.be\/emileandre\/wp-content\/uploads\/2022\/09\/IMG-20220906-WA0006.jpg 2048w\" sizes=\"(max-width: 1024px) 100vw, 1024px\" \/><\/figure>\n\n\n\n<figure class=\"wp-block-image\"><img decoding=\"async\" loading=\"lazy\" width=\"1024\" height=\"1024\" src=\"http:\/\/ipoweb.bruxelles.be\/emileandre\/wp-content\/uploads\/2022\/09\/IMG-20220906-WA0000-1024x1024.jpg\" alt=\"\" class=\"wp-image-4453\" srcset=\"https:\/\/ipoweb.bruxelles.be\/emileandre\/wp-content\/uploads\/2022\/09\/IMG-20220906-WA0000-1024x1024.jpg 1024w, https:\/\/ipoweb.bruxelles.be\/emileandre\/wp-content\/uploads\/2022\/09\/IMG-20220906-WA0000-150x150.jpg 150w, https:\/\/ipoweb.bruxelles.be\/emileandre\/wp-content\/uploads\/2022\/09\/IMG-20220906-WA0000-300x300.jpg 300w, https:\/\/ipoweb.bruxelles.be\/emileandre\/wp-content\/uploads\/2022\/09\/IMG-20220906-WA0000-768x768.jpg 768w, https:\/\/ipoweb.bruxelles.be\/emileandre\/wp-content\/uploads\/2022\/09\/IMG-20220906-WA0000-60x60.jpg 60w, https:\/\/ipoweb.bruxelles.be\/emileandre\/wp-content\/uploads\/2022\/09\/IMG-20220906-WA0000.jpg 2048w\" sizes=\"(max-width: 1024px) 100vw, 1024px\" \/><\/figure>\n\n\n\n<figure class=\"wp-block-image\"><img decoding=\"async\" loading=\"lazy\" width=\"1024\" height=\"1024\" src=\"http:\/\/ipoweb.bruxelles.be\/emileandre\/wp-content\/uploads\/2022\/09\/processed-62097833-82f8-4727-a0da-dfab0bebf59c_wOL5tThS-1024x1024.jpeg\" alt=\"\" class=\"wp-image-4461\" srcset=\"https:\/\/ipoweb.bruxelles.be\/emileandre\/wp-content\/uploads\/2022\/09\/processed-62097833-82f8-4727-a0da-dfab0bebf59c_wOL5tThS-1024x1024.jpeg 1024w, https:\/\/ipoweb.bruxelles.be\/emileandre\/wp-content\/uploads\/2022\/09\/processed-62097833-82f8-4727-a0da-dfab0bebf59c_wOL5tThS-150x150.jpeg 150w, https:\/\/ipoweb.bruxelles.be\/emileandre\/wp-content\/uploads\/2022\/09\/processed-62097833-82f8-4727-a0da-dfab0bebf59c_wOL5tThS-300x300.jpeg 300w, https:\/\/ipoweb.bruxelles.be\/emileandre\/wp-content\/uploads\/2022\/09\/processed-62097833-82f8-4727-a0da-dfab0bebf59c_wOL5tThS-768x768.jpeg 768w, https:\/\/ipoweb.bruxelles.be\/emileandre\/wp-content\/uploads\/2022\/09\/processed-62097833-82f8-4727-a0da-dfab0bebf59c_wOL5tThS-60x60.jpeg 60w, https:\/\/ipoweb.bruxelles.be\/emileandre\/wp-content\/uploads\/2022\/09\/processed-62097833-82f8-4727-a0da-dfab0bebf59c_wOL5tThS.jpeg 2048w\" sizes=\"(max-width: 1024px) 100vw, 1024px\" \/><\/figure>\n\n\n\n<figure class=\"wp-block-image\"><img decoding=\"async\" loading=\"lazy\" width=\"1024\" height=\"1024\" src=\"http:\/\/ipoweb.bruxelles.be\/emileandre\/wp-content\/uploads\/2022\/09\/IMG-20220906-WA0012-1024x1024.jpg\" alt=\"\" class=\"wp-image-4455\" srcset=\"https:\/\/ipoweb.bruxelles.be\/emileandre\/wp-content\/uploads\/2022\/09\/IMG-20220906-WA0012-1024x1024.jpg 1024w, https:\/\/ipoweb.bruxelles.be\/emileandre\/wp-content\/uploads\/2022\/09\/IMG-20220906-WA0012-150x150.jpg 150w, https:\/\/ipoweb.bruxelles.be\/emileandre\/wp-content\/uploads\/2022\/09\/IMG-20220906-WA0012-300x300.jpg 300w, https:\/\/ipoweb.bruxelles.be\/emileandre\/wp-content\/uploads\/2022\/09\/IMG-20220906-WA0012-768x768.jpg 768w, https:\/\/ipoweb.bruxelles.be\/emileandre\/wp-content\/uploads\/2022\/09\/IMG-20220906-WA0012-60x60.jpg 60w, https:\/\/ipoweb.bruxelles.be\/emileandre\/wp-content\/uploads\/2022\/09\/IMG-20220906-WA0012.jpg 2048w\" sizes=\"(max-width: 1024px) 100vw, 1024px\" \/><\/figure>\n","protected":false},"excerpt":{"rendered":"<p>Petite sortie au ch\u00e2teau de la Porte de Hal avec les P1.Avec Christine, Chany, et Malika, nous d\u00e9corons des lettres avec des \u00e9l\u00e9ments de la nature.<\/p>\n","protected":false},"author":2,"featured_media":0,"comment_status":"closed","ping_status":"open","sticky":false,"template":"","format":"standard","meta":{"footnotes":""},"categories":[8],"tags":[],"_links":{"self":[{"href":"https:\/\/ipoweb.bruxelles.be\/emileandre\/index.php?rest_route=\/wp\/v2\/posts\/4462"}],"collection":[{"href":"https:\/\/ipoweb.bruxelles.be\/emileandre\/index.php?rest_route=\/wp\/v2\/posts"}],"about":[{"href":"https:\/\/ipoweb.bruxelles.be\/emileandre\/index.php?rest_route=\/wp\/v2\/types\/post"}],"author":[{"embeddable":true,"href":"https:\/\/ipoweb.bruxelles.be\/emileandre\/index.php?rest_route=\/wp\/v2\/users\/2"}],"replies":[{"embeddable":true,"href":"https:\/\/ipoweb.bruxelles.be\/emileandre\/index.php?rest_route=%2Fwp%2Fv2%2Fcomments&post=4462"}],"version-history":[{"count":2,"href":"https:\/\/ipoweb.bruxelles.be\/emileandre\/index.php?rest_route=\/wp\/v2\/posts\/4462\/revisions"}],"predecessor-version":[{"id":4468,"href":"https:\/\/ipoweb.bruxelles.be\/emileandre\/index.php?rest_route=\/wp\/v2\/posts\/4462\/revisions\/4468"}],"wp:attachment":[{"href":"https:\/\/ipoweb.bruxelles.be\/emileandre\/index.php?rest_route=%2Fwp%2Fv2%2Fmedia&parent=4462"}],"wp:term":[{"taxonomy":"category","embeddable":true,"href":"https:\/\/ipoweb.bruxelles.be\/emileandre\/index.php?rest_route=%2Fwp%2Fv2%2Fcategories&post=4462"},{"taxonomy":"post_tag","embeddable":true,"href":"https:\/\/ipoweb.bruxelles.be\/emileandre\/index.php?rest_route=%2Fwp%2Fv2%2Ftags&post=4462"}],"curies":[{"name":"wp","href":"https:\/\/api.w.org\/{rel}","templated":true}]}}