{"id":4492,"date":"2022-09-20T20:14:56","date_gmt":"2022-09-20T18:14:56","guid":{"rendered":"http:\/\/ipoweb.bruxelles.be\/emileandre\/?p=4492"},"modified":"2022-09-23T13:02:18","modified_gmt":"2022-09-23T11:02:18","slug":"semaine-de-la-mobilite","status":"publish","type":"post","link":"https:\/\/ipoweb.bruxelles.be\/emileandre\/?p=4492","title":{"rendered":"Semaine de la mobilit\u00e9"},"content":{"rendered":"\n<figure class=\"wp-block-image\"><img decoding=\"async\" loading=\"lazy\" width=\"1024\" height=\"461\" src=\"http:\/\/ipoweb.bruxelles.be\/emileandre\/wp-content\/uploads\/2022\/09\/thumbnail_20220915_110705-1024x461.jpg\" alt=\"\" class=\"wp-image-4494\" srcset=\"https:\/\/ipoweb.bruxelles.be\/emileandre\/wp-content\/uploads\/2022\/09\/thumbnail_20220915_110705-1024x461.jpg 1024w, https:\/\/ipoweb.bruxelles.be\/emileandre\/wp-content\/uploads\/2022\/09\/thumbnail_20220915_110705-300x135.jpg 300w, https:\/\/ipoweb.bruxelles.be\/emileandre\/wp-content\/uploads\/2022\/09\/thumbnail_20220915_110705-768x346.jpg 768w, https:\/\/ipoweb.bruxelles.be\/emileandre\/wp-content\/uploads\/2022\/09\/thumbnail_20220915_110705.jpg 1280w\" sizes=\"(max-width: 1024px) 100vw, 1024px\" \/><\/figure>\n\n\n\n<p>L&rsquo;action men\u00e9e par les troisi\u00e8mes d&rsquo;Astrid a d\u00e9but\u00e9 par une information dans les classes. Les voici face aux \u00e9l\u00e8ves de premi\u00e8re de Chany.<\/p>\n\n\n\n<figure class=\"wp-block-image\"><img decoding=\"async\" loading=\"lazy\" width=\"1024\" height=\"1024\" src=\"http:\/\/ipoweb.bruxelles.be\/emileandre\/wp-content\/uploads\/2022\/09\/thumbnail_IMG-20220914-WA0000-1024x1024.jpg\" alt=\"\" class=\"wp-image-4491\" srcset=\"https:\/\/ipoweb.bruxelles.be\/emileandre\/wp-content\/uploads\/2022\/09\/thumbnail_IMG-20220914-WA0000-1024x1024.jpg 1024w, https:\/\/ipoweb.bruxelles.be\/emileandre\/wp-content\/uploads\/2022\/09\/thumbnail_IMG-20220914-WA0000-150x150.jpg 150w, https:\/\/ipoweb.bruxelles.be\/emileandre\/wp-content\/uploads\/2022\/09\/thumbnail_IMG-20220914-WA0000-300x300.jpg 300w, https:\/\/ipoweb.bruxelles.be\/emileandre\/wp-content\/uploads\/2022\/09\/thumbnail_IMG-20220914-WA0000-768x768.jpg 768w, https:\/\/ipoweb.bruxelles.be\/emileandre\/wp-content\/uploads\/2022\/09\/thumbnail_IMG-20220914-WA0000-60x60.jpg 60w, https:\/\/ipoweb.bruxelles.be\/emileandre\/wp-content\/uploads\/2022\/09\/thumbnail_IMG-20220914-WA0000.jpg 1280w\" sizes=\"(max-width: 1024px) 100vw, 1024px\" \/><\/figure>\n\n\n\n<figure class=\"wp-block-image\"><img decoding=\"async\" src=\"http:\/\/ipoweb.bruxelles.be\/emileandre\/wp-content\/uploads\/2022\/09\/Action.jpg\" alt=\"\" class=\"wp-image-4495\"\/><\/figure>\n\n\n\n<p>Nous dessinons des \u00e9toiles dans la cour de l&rsquo;\u00e9cole, les \u00e9toiles de notre moyen de transport habituel.<\/p>\n\n\n\n<figure class=\"wp-block-image\"><img decoding=\"async\" loading=\"lazy\" width=\"640\" height=\"480\" src=\"http:\/\/ipoweb.bruxelles.be\/emileandre\/wp-content\/uploads\/2022\/09\/et1.jpg\" alt=\"\" class=\"wp-image-4530\" srcset=\"https:\/\/ipoweb.bruxelles.be\/emileandre\/wp-content\/uploads\/2022\/09\/et1.jpg 640w, https:\/\/ipoweb.bruxelles.be\/emileandre\/wp-content\/uploads\/2022\/09\/et1-300x225.jpg 300w\" sizes=\"(max-width: 640px) 100vw, 640px\" \/><\/figure>\n\n\n\n<p>Tout est pr\u00eat ce mardi matin pour accueillir enfants et parents pour le grand comptage.<\/p>\n\n\n\n<ul class=\"wp-block-gallery columns-3 is-cropped wp-block-gallery-1 is-layout-flex wp-block-gallery-is-layout-flex\"><li class=\"blocks-gallery-item\"><figure><img decoding=\"async\" loading=\"lazy\" width=\"480\" height=\"640\" src=\"http:\/\/ipoweb.bruxelles.be\/emileandre\/wp-content\/uploads\/2022\/09\/et4.jpg\" alt=\"\" data-id=\"4533\" data-link=\"http:\/\/ipoweb.bruxelles.be\/emileandre\/?attachment_id=4533\" class=\"wp-image-4533\" srcset=\"https:\/\/ipoweb.bruxelles.be\/emileandre\/wp-content\/uploads\/2022\/09\/et4.jpg 480w, https:\/\/ipoweb.bruxelles.be\/emileandre\/wp-content\/uploads\/2022\/09\/et4-225x300.jpg 225w\" sizes=\"(max-width: 480px) 100vw, 480px\" \/><\/figure><\/li><li class=\"blocks-gallery-item\"><figure><img decoding=\"async\" loading=\"lazy\" width=\"480\" height=\"640\" src=\"http:\/\/ipoweb.bruxelles.be\/emileandre\/wp-content\/uploads\/2022\/09\/et5.jpg\" alt=\"\" data-id=\"4534\" data-link=\"http:\/\/ipoweb.bruxelles.be\/emileandre\/?attachment_id=4534\" class=\"wp-image-4534\" srcset=\"https:\/\/ipoweb.bruxelles.be\/emileandre\/wp-content\/uploads\/2022\/09\/et5.jpg 480w, https:\/\/ipoweb.bruxelles.be\/emileandre\/wp-content\/uploads\/2022\/09\/et5-225x300.jpg 225w\" sizes=\"(max-width: 480px) 100vw, 480px\" \/><\/figure><\/li><li class=\"blocks-gallery-item\"><figure><img decoding=\"async\" loading=\"lazy\" width=\"480\" height=\"640\" src=\"http:\/\/ipoweb.bruxelles.be\/emileandre\/wp-content\/uploads\/2022\/09\/et3.jpg\" alt=\"\" data-id=\"4532\" data-link=\"http:\/\/ipoweb.bruxelles.be\/emileandre\/?attachment_id=4532\" class=\"wp-image-4532\" srcset=\"https:\/\/ipoweb.bruxelles.be\/emileandre\/wp-content\/uploads\/2022\/09\/et3.jpg 480w, https:\/\/ipoweb.bruxelles.be\/emileandre\/wp-content\/uploads\/2022\/09\/et3-225x300.jpg 225w\" sizes=\"(max-width: 480px) 100vw, 480px\" \/><\/figure><\/li><li class=\"blocks-gallery-item\"><figure><img decoding=\"async\" loading=\"lazy\" width=\"480\" height=\"640\" src=\"http:\/\/ipoweb.bruxelles.be\/emileandre\/wp-content\/uploads\/2022\/09\/et2.jpg\" alt=\"\" data-id=\"4531\" data-link=\"http:\/\/ipoweb.bruxelles.be\/emileandre\/?attachment_id=4531\" class=\"wp-image-4531\" srcset=\"https:\/\/ipoweb.bruxelles.be\/emileandre\/wp-content\/uploads\/2022\/09\/et2.jpg 480w, https:\/\/ipoweb.bruxelles.be\/emileandre\/wp-content\/uploads\/2022\/09\/et2-225x300.jpg 225w\" sizes=\"(max-width: 480px) 100vw, 480px\" \/><\/figure><\/li><\/ul>\n\n\n\n<p>Nous sommes fiers du r\u00e9sultat ! Qu&rsquo;en pensez-vouS<\/p>\n\n\n\n<figure class=\"wp-block-image\"><img decoding=\"async\" loading=\"lazy\" width=\"640\" height=\"480\" src=\"http:\/\/ipoweb.bruxelles.be\/emileandre\/wp-content\/uploads\/2022\/09\/et7.jpg\" alt=\"\" class=\"wp-image-4535\" srcset=\"https:\/\/ipoweb.bruxelles.be\/emileandre\/wp-content\/uploads\/2022\/09\/et7.jpg 640w, https:\/\/ipoweb.bruxelles.be\/emileandre\/wp-content\/uploads\/2022\/09\/et7-300x225.jpg 300w\" sizes=\"(max-width: 640px) 100vw, 640px\" \/><\/figure>\n\n\n\n<figure class=\"wp-block-image\"><img decoding=\"async\" loading=\"lazy\" width=\"462\" height=\"1024\" src=\"http:\/\/ipoweb.bruxelles.be\/emileandre\/wp-content\/uploads\/2022\/09\/20220920_080308-e1663698018604-462x1024.jpg\" alt=\"\" class=\"wp-image-4510\" srcset=\"https:\/\/ipoweb.bruxelles.be\/emileandre\/wp-content\/uploads\/2022\/09\/20220920_080308-e1663698018604-462x1024.jpg 462w, https:\/\/ipoweb.bruxelles.be\/emileandre\/wp-content\/uploads\/2022\/09\/20220920_080308-e1663698018604-135x300.jpg 135w, https:\/\/ipoweb.bruxelles.be\/emileandre\/wp-content\/uploads\/2022\/09\/20220920_080308-e1663698018604-768x1704.jpg 768w, https:\/\/ipoweb.bruxelles.be\/emileandre\/wp-content\/uploads\/2022\/09\/20220920_080308-e1663698018604.jpg 1042w\" sizes=\"(max-width: 462px) 100vw, 462px\" \/><\/figure>\n\n\n\n<ul class=\"wp-block-gallery columns-1 is-cropped wp-block-gallery-3 is-layout-flex wp-block-gallery-is-layout-flex\"><li class=\"blocks-gallery-item\"><figure><img decoding=\"async\" loading=\"lazy\" width=\"1024\" height=\"462\" src=\"http:\/\/ipoweb.bruxelles.be\/emileandre\/wp-content\/uploads\/2022\/09\/20220920_081424-1024x462.jpg\" alt=\"\" data-id=\"4511\" data-link=\"http:\/\/ipoweb.bruxelles.be\/emileandre\/?attachment_id=4511\" class=\"wp-image-4511\" srcset=\"https:\/\/ipoweb.bruxelles.be\/emileandre\/wp-content\/uploads\/2022\/09\/20220920_081424-1024x462.jpg 1024w, https:\/\/ipoweb.bruxelles.be\/emileandre\/wp-content\/uploads\/2022\/09\/20220920_081424-300x135.jpg 300w, https:\/\/ipoweb.bruxelles.be\/emileandre\/wp-content\/uploads\/2022\/09\/20220920_081424-768x346.jpg 768w\" sizes=\"(max-width: 1024px) 100vw, 1024px\" \/><\/figure><\/li><\/ul>\n\n\n\n<p>V\u00e9los des parents qui repartiront tr\u00e8s bient\u00f4t &#8230;<\/p>\n\n\n\n<figure class=\"wp-block-image\"><img decoding=\"async\" loading=\"lazy\" width=\"1024\" height=\"462\" src=\"http:\/\/ipoweb.bruxelles.be\/emileandre\/wp-content\/uploads\/2022\/09\/20220920_082302-1024x462.jpg\" alt=\"\" class=\"wp-image-4515\" srcset=\"https:\/\/ipoweb.bruxelles.be\/emileandre\/wp-content\/uploads\/2022\/09\/20220920_082302-1024x462.jpg 1024w, https:\/\/ipoweb.bruxelles.be\/emileandre\/wp-content\/uploads\/2022\/09\/20220920_082302-300x135.jpg 300w, https:\/\/ipoweb.bruxelles.be\/emileandre\/wp-content\/uploads\/2022\/09\/20220920_082302-768x346.jpg 768w\" sizes=\"(max-width: 1024px) 100vw, 1024px\" \/><\/figure>\n\n\n\n<p>Et ceux des enfants qui resteront dans le parking v\u00e9lo toute la journ\u00e9e.<\/p>\n\n\n\n<figure class=\"wp-block-image\"><img decoding=\"async\" loading=\"lazy\" width=\"1024\" height=\"462\" src=\"http:\/\/ipoweb.bruxelles.be\/emileandre\/wp-content\/uploads\/2022\/09\/parking-1024x462.jpg\" alt=\"\" class=\"wp-image-4539\" srcset=\"https:\/\/ipoweb.bruxelles.be\/emileandre\/wp-content\/uploads\/2022\/09\/parking-1024x462.jpg 1024w, https:\/\/ipoweb.bruxelles.be\/emileandre\/wp-content\/uploads\/2022\/09\/parking-300x135.jpg 300w, https:\/\/ipoweb.bruxelles.be\/emileandre\/wp-content\/uploads\/2022\/09\/parking-768x346.jpg 768w\" sizes=\"(max-width: 1024px) 100vw, 1024px\" \/><\/figure>\n\n\n\n<p>Et bient\u00f4t &#8230;&#8230;&#8230;&#8230;. des rangs v\u00e9los dans l&rsquo;\u00e9cole !!!!<\/p>\n\n\n\n<div class=\"wp-block-file\"><a href=\"http:\/\/ipoweb.bruxelles.be\/emileandre\/wp-content\/uploads\/2022\/09\/graphique-mobilit\u00e9.pdf\">Voici les chiffres de la journ\u00e9e<\/a><a href=\"http:\/\/ipoweb.bruxelles.be\/emileandre\/wp-content\/uploads\/2022\/09\/graphique-mobilit\u00e9.pdf\" class=\"wp-block-file__button\" download>T\u00e9l\u00e9charger<\/a><\/div>\n","protected":false},"excerpt":{"rendered":"<p>L&rsquo;action men\u00e9e par les troisi\u00e8mes d&rsquo;Astrid a d\u00e9but\u00e9 par une information dans les classes. Les voici face aux \u00e9l\u00e8ves de premi\u00e8re de Chany. Nous dessinons des \u00e9toiles dans la cour de l&rsquo;\u00e9cole, les \u00e9toiles de notre moyen de transport habituel. Tout est pr\u00eat ce mardi matin pour accueillir enfants et parents pour le grand comptage. [&hellip;]<\/p>\n","protected":false},"author":2,"featured_media":0,"comment_status":"closed","ping_status":"open","sticky":false,"template":"","format":"standard","meta":{"footnotes":""},"categories":[16,8,9,10],"tags":[],"_links":{"self":[{"href":"https:\/\/ipoweb.bruxelles.be\/emileandre\/index.php?rest_route=\/wp\/v2\/posts\/4492"}],"collection":[{"href":"https:\/\/ipoweb.bruxelles.be\/emileandre\/index.php?rest_route=\/wp\/v2\/posts"}],"about":[{"href":"https:\/\/ipoweb.bruxelles.be\/emileandre\/index.php?rest_route=\/wp\/v2\/types\/post"}],"author":[{"embeddable":true,"href":"https:\/\/ipoweb.bruxelles.be\/emileandre\/index.php?rest_route=\/wp\/v2\/users\/2"}],"replies":[{"embeddable":true,"href":"https:\/\/ipoweb.bruxelles.be\/emileandre\/index.php?rest_route=%2Fwp%2Fv2%2Fcomments&post=4492"}],"version-history":[{"count":6,"href":"https:\/\/ipoweb.bruxelles.be\/emileandre\/index.php?rest_route=\/wp\/v2\/posts\/4492\/revisions"}],"predecessor-version":[{"id":4540,"href":"https:\/\/ipoweb.bruxelles.be\/emileandre\/index.php?rest_route=\/wp\/v2\/posts\/4492\/revisions\/4540"}],"wp:attachment":[{"href":"https:\/\/ipoweb.bruxelles.be\/emileandre\/index.php?rest_route=%2Fwp%2Fv2%2Fmedia&parent=4492"}],"wp:term":[{"taxonomy":"category","embeddable":true,"href":"https:\/\/ipoweb.bruxelles.be\/emileandre\/index.php?rest_route=%2Fwp%2Fv2%2Fcategories&post=4492"},{"taxonomy":"post_tag","embeddable":true,"href":"https:\/\/ipoweb.bruxelles.be\/emileandre\/index.php?rest_route=%2Fwp%2Fv2%2Ftags&post=4492"}],"curies":[{"name":"wp","href":"https:\/\/api.w.org\/{rel}","templated":true}]}}