{"id":4507,"date":"2022-09-19T20:30:05","date_gmt":"2022-09-19T18:30:05","guid":{"rendered":"http:\/\/ipoweb.bruxelles.be\/emileandre\/?p=4507"},"modified":"2022-09-19T20:30:06","modified_gmt":"2022-09-19T18:30:06","slug":"les-p5-participent-aux-lundis-du-patrimoine","status":"publish","type":"post","link":"https:\/\/ipoweb.bruxelles.be\/emileandre\/?p=4507","title":{"rendered":"Les P5 participent aux \u00ab\u00a0lundis du patrimoine\u00a0\u00bb."},"content":{"rendered":"\n<ul class=\"wp-block-gallery columns-3 is-cropped wp-block-gallery-1 is-layout-flex wp-block-gallery-is-layout-flex\"><li class=\"blocks-gallery-item\"><figure><img decoding=\"async\" loading=\"lazy\" width=\"461\" height=\"1024\" src=\"http:\/\/ipoweb.bruxelles.be\/emileandre\/wp-content\/uploads\/2022\/09\/20220919_134111_resized-461x1024.jpg\" alt=\"\" data-id=\"4499\" data-link=\"http:\/\/ipoweb.bruxelles.be\/emileandre\/?attachment_id=4499\" class=\"wp-image-4499\" srcset=\"https:\/\/ipoweb.bruxelles.be\/emileandre\/wp-content\/uploads\/2022\/09\/20220919_134111_resized-461x1024.jpg 461w, https:\/\/ipoweb.bruxelles.be\/emileandre\/wp-content\/uploads\/2022\/09\/20220919_134111_resized-135x300.jpg 135w, https:\/\/ipoweb.bruxelles.be\/emileandre\/wp-content\/uploads\/2022\/09\/20220919_134111_resized-768x1705.jpg 768w, https:\/\/ipoweb.bruxelles.be\/emileandre\/wp-content\/uploads\/2022\/09\/20220919_134111_resized.jpg 908w\" sizes=\"(max-width: 461px) 100vw, 461px\" \/><\/figure><\/li><li class=\"blocks-gallery-item\"><figure><img decoding=\"async\" loading=\"lazy\" width=\"1024\" height=\"461\" src=\"http:\/\/ipoweb.bruxelles.be\/emileandre\/wp-content\/uploads\/2022\/09\/20220919_132954_resized-1024x461.jpg\" alt=\"\" data-id=\"4497\" data-link=\"http:\/\/ipoweb.bruxelles.be\/emileandre\/?attachment_id=4497\" class=\"wp-image-4497\" srcset=\"https:\/\/ipoweb.bruxelles.be\/emileandre\/wp-content\/uploads\/2022\/09\/20220919_132954_resized-1024x461.jpg 1024w, https:\/\/ipoweb.bruxelles.be\/emileandre\/wp-content\/uploads\/2022\/09\/20220919_132954_resized-300x135.jpg 300w, https:\/\/ipoweb.bruxelles.be\/emileandre\/wp-content\/uploads\/2022\/09\/20220919_132954_resized-768x346.jpg 768w, https:\/\/ipoweb.bruxelles.be\/emileandre\/wp-content\/uploads\/2022\/09\/20220919_132954_resized.jpg 2016w\" sizes=\"(max-width: 1024px) 100vw, 1024px\" \/><\/figure><\/li><li class=\"blocks-gallery-item\"><figure><img decoding=\"async\" loading=\"lazy\" width=\"461\" height=\"1024\" src=\"http:\/\/ipoweb.bruxelles.be\/emileandre\/wp-content\/uploads\/2022\/09\/20220919_133556_resized-461x1024.jpg\" alt=\"\" data-id=\"4498\" data-link=\"http:\/\/ipoweb.bruxelles.be\/emileandre\/?attachment_id=4498\" class=\"wp-image-4498\" srcset=\"https:\/\/ipoweb.bruxelles.be\/emileandre\/wp-content\/uploads\/2022\/09\/20220919_133556_resized-461x1024.jpg 461w, https:\/\/ipoweb.bruxelles.be\/emileandre\/wp-content\/uploads\/2022\/09\/20220919_133556_resized-135x300.jpg 135w, https:\/\/ipoweb.bruxelles.be\/emileandre\/wp-content\/uploads\/2022\/09\/20220919_133556_resized-768x1705.jpg 768w, https:\/\/ipoweb.bruxelles.be\/emileandre\/wp-content\/uploads\/2022\/09\/20220919_133556_resized.jpg 908w\" sizes=\"(max-width: 461px) 100vw, 461px\" \/><\/figure><\/li><\/ul>\n\n\n\n<p>Une guide nous attendait devant l&rsquo;\u00e9glise Sainte-Catherine pour nous parler du commerce colonial \u00e0 Bruxelles.<\/p>\n\n\n\n<ul class=\"wp-block-gallery columns-3 is-cropped wp-block-gallery-3 is-layout-flex wp-block-gallery-is-layout-flex\"><li class=\"blocks-gallery-item\"><figure><img decoding=\"async\" loading=\"lazy\" width=\"1024\" height=\"461\" src=\"http:\/\/ipoweb.bruxelles.be\/emileandre\/wp-content\/uploads\/2022\/09\/20220919_135920_resized-1024x461.jpg\" alt=\"\" data-id=\"4501\" data-link=\"http:\/\/ipoweb.bruxelles.be\/emileandre\/?attachment_id=4501\" class=\"wp-image-4501\" srcset=\"https:\/\/ipoweb.bruxelles.be\/emileandre\/wp-content\/uploads\/2022\/09\/20220919_135920_resized-1024x461.jpg 1024w, https:\/\/ipoweb.bruxelles.be\/emileandre\/wp-content\/uploads\/2022\/09\/20220919_135920_resized-300x135.jpg 300w, https:\/\/ipoweb.bruxelles.be\/emileandre\/wp-content\/uploads\/2022\/09\/20220919_135920_resized-768x346.jpg 768w, https:\/\/ipoweb.bruxelles.be\/emileandre\/wp-content\/uploads\/2022\/09\/20220919_135920_resized.jpg 2016w\" sizes=\"(max-width: 1024px) 100vw, 1024px\" \/><\/figure><\/li><li class=\"blocks-gallery-item\"><figure><img decoding=\"async\" loading=\"lazy\" width=\"1024\" height=\"461\" src=\"http:\/\/ipoweb.bruxelles.be\/emileandre\/wp-content\/uploads\/2022\/09\/20220919_135527_resized-1024x461.jpg\" alt=\"\" data-id=\"4500\" data-link=\"http:\/\/ipoweb.bruxelles.be\/emileandre\/?attachment_id=4500\" class=\"wp-image-4500\" srcset=\"https:\/\/ipoweb.bruxelles.be\/emileandre\/wp-content\/uploads\/2022\/09\/20220919_135527_resized-1024x461.jpg 1024w, https:\/\/ipoweb.bruxelles.be\/emileandre\/wp-content\/uploads\/2022\/09\/20220919_135527_resized-300x135.jpg 300w, https:\/\/ipoweb.bruxelles.be\/emileandre\/wp-content\/uploads\/2022\/09\/20220919_135527_resized-768x346.jpg 768w, https:\/\/ipoweb.bruxelles.be\/emileandre\/wp-content\/uploads\/2022\/09\/20220919_135527_resized.jpg 2016w\" sizes=\"(max-width: 1024px) 100vw, 1024px\" \/><\/figure><\/li><li class=\"blocks-gallery-item\"><figure><img decoding=\"async\" loading=\"lazy\" width=\"1024\" height=\"461\" src=\"http:\/\/ipoweb.bruxelles.be\/emileandre\/wp-content\/uploads\/2022\/09\/20220919_142110_resized-1024x461.jpg\" alt=\"\" data-id=\"4503\" data-link=\"http:\/\/ipoweb.bruxelles.be\/emileandre\/?attachment_id=4503\" class=\"wp-image-4503\" srcset=\"https:\/\/ipoweb.bruxelles.be\/emileandre\/wp-content\/uploads\/2022\/09\/20220919_142110_resized-1024x461.jpg 1024w, https:\/\/ipoweb.bruxelles.be\/emileandre\/wp-content\/uploads\/2022\/09\/20220919_142110_resized-300x135.jpg 300w, https:\/\/ipoweb.bruxelles.be\/emileandre\/wp-content\/uploads\/2022\/09\/20220919_142110_resized-768x346.jpg 768w, https:\/\/ipoweb.bruxelles.be\/emileandre\/wp-content\/uploads\/2022\/09\/20220919_142110_resized.jpg 2016w\" sizes=\"(max-width: 1024px) 100vw, 1024px\" \/><\/figure><\/li><li class=\"blocks-gallery-item\"><figure><img decoding=\"async\" loading=\"lazy\" width=\"1024\" height=\"461\" src=\"http:\/\/ipoweb.bruxelles.be\/emileandre\/wp-content\/uploads\/2022\/09\/20220919_141419_resized-1024x461.jpg\" alt=\"\" data-id=\"4502\" data-link=\"http:\/\/ipoweb.bruxelles.be\/emileandre\/?attachment_id=4502\" class=\"wp-image-4502\" srcset=\"https:\/\/ipoweb.bruxelles.be\/emileandre\/wp-content\/uploads\/2022\/09\/20220919_141419_resized-1024x461.jpg 1024w, https:\/\/ipoweb.bruxelles.be\/emileandre\/wp-content\/uploads\/2022\/09\/20220919_141419_resized-300x135.jpg 300w, https:\/\/ipoweb.bruxelles.be\/emileandre\/wp-content\/uploads\/2022\/09\/20220919_141419_resized-768x346.jpg 768w, https:\/\/ipoweb.bruxelles.be\/emileandre\/wp-content\/uploads\/2022\/09\/20220919_141419_resized.jpg 2016w\" sizes=\"(max-width: 1024px) 100vw, 1024px\" \/><\/figure><\/li><\/ul>\n\n\n\n<p>Des enseignes et des fa\u00e7ades nous ont montr\u00e9 l&rsquo;existence de ce riche pass\u00e9.<\/p>\n\n\n\n<p>Une tr\u00e8s chouette activit\u00e9 au coeur de la ville&#8230;<\/p>\n","protected":false},"excerpt":{"rendered":"<p>Une guide nous attendait devant l&rsquo;\u00e9glise Sainte-Catherine pour nous parler du commerce colonial \u00e0 Bruxelles. Des enseignes et des fa\u00e7ades nous ont montr\u00e9 l&rsquo;existence de ce riche pass\u00e9. Une tr\u00e8s chouette activit\u00e9 au coeur de la ville&#8230;<\/p>\n","protected":false},"author":3,"featured_media":0,"comment_status":"closed","ping_status":"open","sticky":false,"template":"","format":"standard","meta":{"footnotes":""},"categories":[1,10],"tags":[],"_links":{"self":[{"href":"https:\/\/ipoweb.bruxelles.be\/emileandre\/index.php?rest_route=\/wp\/v2\/posts\/4507"}],"collection":[{"href":"https:\/\/ipoweb.bruxelles.be\/emileandre\/index.php?rest_route=\/wp\/v2\/posts"}],"about":[{"href":"https:\/\/ipoweb.bruxelles.be\/emileandre\/index.php?rest_route=\/wp\/v2\/types\/post"}],"author":[{"embeddable":true,"href":"https:\/\/ipoweb.bruxelles.be\/emileandre\/index.php?rest_route=\/wp\/v2\/users\/3"}],"replies":[{"embeddable":true,"href":"https:\/\/ipoweb.bruxelles.be\/emileandre\/index.php?rest_route=%2Fwp%2Fv2%2Fcomments&post=4507"}],"version-history":[{"count":2,"href":"https:\/\/ipoweb.bruxelles.be\/emileandre\/index.php?rest_route=\/wp\/v2\/posts\/4507\/revisions"}],"predecessor-version":[{"id":4509,"href":"https:\/\/ipoweb.bruxelles.be\/emileandre\/index.php?rest_route=\/wp\/v2\/posts\/4507\/revisions\/4509"}],"wp:attachment":[{"href":"https:\/\/ipoweb.bruxelles.be\/emileandre\/index.php?rest_route=%2Fwp%2Fv2%2Fmedia&parent=4507"}],"wp:term":[{"taxonomy":"category","embeddable":true,"href":"https:\/\/ipoweb.bruxelles.be\/emileandre\/index.php?rest_route=%2Fwp%2Fv2%2Fcategories&post=4507"},{"taxonomy":"post_tag","embeddable":true,"href":"https:\/\/ipoweb.bruxelles.be\/emileandre\/index.php?rest_route=%2Fwp%2Fv2%2Ftags&post=4507"}],"curies":[{"name":"wp","href":"https:\/\/api.w.org\/{rel}","templated":true}]}}