{"id":4525,"date":"2022-09-20T21:05:31","date_gmt":"2022-09-20T19:05:31","guid":{"rendered":"http:\/\/ipoweb.bruxelles.be\/emileandre\/?p=4525"},"modified":"2022-09-21T06:18:50","modified_gmt":"2022-09-21T04:18:50","slug":"le-genre-et-les-droits-de-lenfant","status":"publish","type":"post","link":"https:\/\/ipoweb.bruxelles.be\/emileandre\/?p=4525","title":{"rendered":"Le genre et les droits de l&rsquo;enfant"},"content":{"rendered":"\n<p>Les a\u00een\u00e9s de l&rsquo;\u00e9cole pr\u00e9sentent l&rsquo;exposition aux plus jeunes.<br>Les droits de l&rsquo;enfant sont-ils vraiment les m\u00eames pour les filles et les gar\u00e7ons ?<\/p>\n\n\n\n<figure class=\"wp-block-image\"><img decoding=\"async\" loading=\"lazy\" width=\"768\" height=\"1024\" src=\"http:\/\/ipoweb.bruxelles.be\/emileandre\/wp-content\/uploads\/2022\/09\/IMG-20220919-WA0001-1-768x1024.jpg\" alt=\"\" class=\"wp-image-4519\" srcset=\"https:\/\/ipoweb.bruxelles.be\/emileandre\/wp-content\/uploads\/2022\/09\/IMG-20220919-WA0001-1-768x1024.jpg 768w, https:\/\/ipoweb.bruxelles.be\/emileandre\/wp-content\/uploads\/2022\/09\/IMG-20220919-WA0001-1-225x300.jpg 225w, https:\/\/ipoweb.bruxelles.be\/emileandre\/wp-content\/uploads\/2022\/09\/IMG-20220919-WA0001-1.jpg 1200w\" sizes=\"(max-width: 768px) 100vw, 768px\" \/><\/figure>\n\n\n\n<figure class=\"wp-block-image\"><img decoding=\"async\" loading=\"lazy\" width=\"768\" height=\"1024\" src=\"http:\/\/ipoweb.bruxelles.be\/emileandre\/wp-content\/uploads\/2022\/09\/IMG-20220919-WA0015-768x1024.jpg\" alt=\"\" class=\"wp-image-4522\" srcset=\"https:\/\/ipoweb.bruxelles.be\/emileandre\/wp-content\/uploads\/2022\/09\/IMG-20220919-WA0015-768x1024.jpg 768w, https:\/\/ipoweb.bruxelles.be\/emileandre\/wp-content\/uploads\/2022\/09\/IMG-20220919-WA0015-225x300.jpg 225w, https:\/\/ipoweb.bruxelles.be\/emileandre\/wp-content\/uploads\/2022\/09\/IMG-20220919-WA0015.jpg 1200w\" sizes=\"(max-width: 768px) 100vw, 768px\" \/><\/figure>\n\n\n\n<figure class=\"wp-block-image\"><img decoding=\"async\" loading=\"lazy\" width=\"768\" height=\"1024\" src=\"http:\/\/ipoweb.bruxelles.be\/emileandre\/wp-content\/uploads\/2022\/09\/IMG-20220919-WA0014-768x1024.jpg\" alt=\"\" class=\"wp-image-4521\" srcset=\"https:\/\/ipoweb.bruxelles.be\/emileandre\/wp-content\/uploads\/2022\/09\/IMG-20220919-WA0014-768x1024.jpg 768w, https:\/\/ipoweb.bruxelles.be\/emileandre\/wp-content\/uploads\/2022\/09\/IMG-20220919-WA0014-225x300.jpg 225w, https:\/\/ipoweb.bruxelles.be\/emileandre\/wp-content\/uploads\/2022\/09\/IMG-20220919-WA0014.jpg 1200w\" sizes=\"(max-width: 768px) 100vw, 768px\" \/><\/figure>\n\n\n\n<figure class=\"wp-block-image\"><img decoding=\"async\" loading=\"lazy\" width=\"768\" height=\"1024\" src=\"http:\/\/ipoweb.bruxelles.be\/emileandre\/wp-content\/uploads\/2022\/09\/IMG-20220919-WA0002-768x1024.jpg\" alt=\"\" class=\"wp-image-4520\" srcset=\"https:\/\/ipoweb.bruxelles.be\/emileandre\/wp-content\/uploads\/2022\/09\/IMG-20220919-WA0002-768x1024.jpg 768w, https:\/\/ipoweb.bruxelles.be\/emileandre\/wp-content\/uploads\/2022\/09\/IMG-20220919-WA0002-225x300.jpg 225w, https:\/\/ipoweb.bruxelles.be\/emileandre\/wp-content\/uploads\/2022\/09\/IMG-20220919-WA0002.jpg 1200w\" sizes=\"(max-width: 768px) 100vw, 768px\" \/><\/figure>\n\n\n\n<figure class=\"wp-block-image\"><img decoding=\"async\" loading=\"lazy\" width=\"768\" height=\"1024\" src=\"http:\/\/ipoweb.bruxelles.be\/emileandre\/wp-content\/uploads\/2022\/09\/IMG-20220919-WA0016-768x1024.jpg\" alt=\"\" class=\"wp-image-4523\" srcset=\"https:\/\/ipoweb.bruxelles.be\/emileandre\/wp-content\/uploads\/2022\/09\/IMG-20220919-WA0016-768x1024.jpg 768w, https:\/\/ipoweb.bruxelles.be\/emileandre\/wp-content\/uploads\/2022\/09\/IMG-20220919-WA0016-225x300.jpg 225w, https:\/\/ipoweb.bruxelles.be\/emileandre\/wp-content\/uploads\/2022\/09\/IMG-20220919-WA0016.jpg 1200w\" sizes=\"(max-width: 768px) 100vw, 768px\" \/><\/figure>\n\n\n\n<p>Nous donnons rendez-vous aux parents le 30 septembre pour une visite guid\u00e9e! Venez nombreux !<\/p>\n\n\n\n<figure class=\"wp-block-image\"><img decoding=\"async\" loading=\"lazy\" width=\"487\" height=\"433\" src=\"http:\/\/ipoweb.bruxelles.be\/emileandre\/wp-content\/uploads\/2022\/06\/label.jpg\" alt=\"\" class=\"wp-image-4092\" srcset=\"https:\/\/ipoweb.bruxelles.be\/emileandre\/wp-content\/uploads\/2022\/06\/label.jpg 487w, https:\/\/ipoweb.bruxelles.be\/emileandre\/wp-content\/uploads\/2022\/06\/label-300x267.jpg 300w\" sizes=\"(max-width: 487px) 100vw, 487px\" \/><\/figure>\n","protected":false},"excerpt":{"rendered":"<p>Les a\u00een\u00e9s de l&rsquo;\u00e9cole pr\u00e9sentent l&rsquo;exposition aux plus jeunes.Les droits de l&rsquo;enfant sont-ils vraiment les m\u00eames pour les filles et les gar\u00e7ons ? Nous donnons rendez-vous aux parents le 30 septembre pour une visite guid\u00e9e! Venez nombreux !<\/p>\n","protected":false},"author":2,"featured_media":0,"comment_status":"closed","ping_status":"open","sticky":false,"template":"","format":"standard","meta":{"footnotes":""},"categories":[16,8,9,10],"tags":[],"_links":{"self":[{"href":"https:\/\/ipoweb.bruxelles.be\/emileandre\/index.php?rest_route=\/wp\/v2\/posts\/4525"}],"collection":[{"href":"https:\/\/ipoweb.bruxelles.be\/emileandre\/index.php?rest_route=\/wp\/v2\/posts"}],"about":[{"href":"https:\/\/ipoweb.bruxelles.be\/emileandre\/index.php?rest_route=\/wp\/v2\/types\/post"}],"author":[{"embeddable":true,"href":"https:\/\/ipoweb.bruxelles.be\/emileandre\/index.php?rest_route=\/wp\/v2\/users\/2"}],"replies":[{"embeddable":true,"href":"https:\/\/ipoweb.bruxelles.be\/emileandre\/index.php?rest_route=%2Fwp%2Fv2%2Fcomments&post=4525"}],"version-history":[{"count":4,"href":"https:\/\/ipoweb.bruxelles.be\/emileandre\/index.php?rest_route=\/wp\/v2\/posts\/4525\/revisions"}],"predecessor-version":[{"id":4529,"href":"https:\/\/ipoweb.bruxelles.be\/emileandre\/index.php?rest_route=\/wp\/v2\/posts\/4525\/revisions\/4529"}],"wp:attachment":[{"href":"https:\/\/ipoweb.bruxelles.be\/emileandre\/index.php?rest_route=%2Fwp%2Fv2%2Fmedia&parent=4525"}],"wp:term":[{"taxonomy":"category","embeddable":true,"href":"https:\/\/ipoweb.bruxelles.be\/emileandre\/index.php?rest_route=%2Fwp%2Fv2%2Fcategories&post=4525"},{"taxonomy":"post_tag","embeddable":true,"href":"https:\/\/ipoweb.bruxelles.be\/emileandre\/index.php?rest_route=%2Fwp%2Fv2%2Ftags&post=4525"}],"curies":[{"name":"wp","href":"https:\/\/api.w.org\/{rel}","templated":true}]}}