{"id":4541,"date":"2022-09-23T13:01:58","date_gmt":"2022-09-23T11:01:58","guid":{"rendered":"http:\/\/ipoweb.bruxelles.be\/emileandre\/?p=4541"},"modified":"2022-09-29T20:57:38","modified_gmt":"2022-09-29T18:57:38","slug":"nous-avons-gagne","status":"publish","type":"post","link":"https:\/\/ipoweb.bruxelles.be\/emileandre\/?p=4541","title":{"rendered":"Nous avons gagn\u00e9 !!!!!"},"content":{"rendered":"\n<p>Bravo et merci \u00e0 Astrid et \u00e0 ses \u00e9l\u00e8ves qui ont mobilis\u00e9 l&rsquo;\u00e9cole !!<\/p>\n\n\n\n<figure class=\"wp-block-image\"><img decoding=\"async\" loading=\"lazy\" width=\"1024\" height=\"461\" src=\"http:\/\/ipoweb.bruxelles.be\/emileandre\/wp-content\/uploads\/2022\/09\/thumbnail_20220915_110705-1024x461.jpg\" alt=\"\" class=\"wp-image-4494\" srcset=\"https:\/\/ipoweb.bruxelles.be\/emileandre\/wp-content\/uploads\/2022\/09\/thumbnail_20220915_110705-1024x461.jpg 1024w, https:\/\/ipoweb.bruxelles.be\/emileandre\/wp-content\/uploads\/2022\/09\/thumbnail_20220915_110705-300x135.jpg 300w, https:\/\/ipoweb.bruxelles.be\/emileandre\/wp-content\/uploads\/2022\/09\/thumbnail_20220915_110705-768x346.jpg 768w, https:\/\/ipoweb.bruxelles.be\/emileandre\/wp-content\/uploads\/2022\/09\/thumbnail_20220915_110705.jpg 1280w\" sizes=\"(max-width: 1024px) 100vw, 1024px\" \/><\/figure>\n\n\n\n<figure class=\"wp-block-image\"><img decoding=\"async\" loading=\"lazy\" width=\"907\" height=\"733\" src=\"http:\/\/ipoweb.bruxelles.be\/emileandre\/wp-content\/uploads\/2022\/09\/classe-dAstrid.jpg\" alt=\"\" class=\"wp-image-4577\" srcset=\"https:\/\/ipoweb.bruxelles.be\/emileandre\/wp-content\/uploads\/2022\/09\/classe-dAstrid.jpg 907w, https:\/\/ipoweb.bruxelles.be\/emileandre\/wp-content\/uploads\/2022\/09\/classe-dAstrid-300x242.jpg 300w, https:\/\/ipoweb.bruxelles.be\/emileandre\/wp-content\/uploads\/2022\/09\/classe-dAstrid-768x621.jpg 768w\" sizes=\"(max-width: 907px) 100vw, 907px\" \/><\/figure>\n\n\n\n<p>Madame, Monsieur,  <br>Chers enseignants,  <br>Vous avez particip\u00e9 la semaine derni\u00e8re \u00e0 notre action \u00ab A pied, \u00e0 v\u00e9lo \u00e0 l\u2019\u00e9cole \u00bb.  Merci de votre int\u00e9r\u00eat pour la mobilit\u00e9 durable !  <br>Nous profitons \u00e9galement  de ce mail pour f\u00e9liciter tout sp\u00e9cialement les 4 \u00e9coles qui ont remport\u00e9 le concours, gr\u00e2ce \u00e0 la participation particuli\u00e8rement \u00e9lev\u00e9e de leurs \u00e9l\u00e8ves et de leurs enseignants, venus \u00e0 l\u2019\u00e9cole en modes durables pendant toute la semaine  :  <br>1.Ecole fondamentale Clair-Soleil \u00e0 Anderlecht <br>2.Maria-Boodschaplyceum \u00e0 Bruxelles-Ville <br>3.Ecole fondamentale Emile Andr\u00e9 \u00e0 Bruxelles-Ville <br>4.Basisschool \u2018t Regenboogje \u00e0 Etterbeek <br><br>Une tourn\u00e9e g\u00e9n\u00e9rale de glaces leur sera offerte la semaine prochaine.<br> <br>Merci et f\u00e9licitations \u00e0 toutes les \u00e9coles qui ont particip\u00e9 au concours ! <br><br>\u00c0 bient\u00f4t pour de nouvelles actions, <br>L\u2019\u00e9quipe des Plans de D\u00e9placements scolaires  <\/p>\n\n\n\n<p>Voici les photos de la distribution des classes ! Merci \u00e0 Bruxelles mobilit\u00e9, c&rsquo;\u00e9tait bien bon !!<\/p>\n\n\n\n<figure class=\"wp-block-image\"><img decoding=\"async\" loading=\"lazy\" width=\"1024\" height=\"768\" src=\"http:\/\/ipoweb.bruxelles.be\/emileandre\/wp-content\/uploads\/2022\/09\/IMG-20220926-WA0020-1024x768.jpg\" alt=\"\" class=\"wp-image-4551\" srcset=\"https:\/\/ipoweb.bruxelles.be\/emileandre\/wp-content\/uploads\/2022\/09\/IMG-20220926-WA0020-1024x768.jpg 1024w, https:\/\/ipoweb.bruxelles.be\/emileandre\/wp-content\/uploads\/2022\/09\/IMG-20220926-WA0020-300x225.jpg 300w, https:\/\/ipoweb.bruxelles.be\/emileandre\/wp-content\/uploads\/2022\/09\/IMG-20220926-WA0020-768x576.jpg 768w, https:\/\/ipoweb.bruxelles.be\/emileandre\/wp-content\/uploads\/2022\/09\/IMG-20220926-WA0020.jpg 2048w\" sizes=\"(max-width: 1024px) 100vw, 1024px\" \/><\/figure>\n\n\n\n<ul class=\"wp-block-gallery columns-3 is-cropped wp-block-gallery-1 is-layout-flex wp-block-gallery-is-layout-flex\"><li class=\"blocks-gallery-item\"><figure><img decoding=\"async\" loading=\"lazy\" width=\"1024\" height=\"768\" src=\"http:\/\/ipoweb.bruxelles.be\/emileandre\/wp-content\/uploads\/2022\/09\/IMG-20220926-WA0011-1024x768.jpg\" alt=\"\" data-id=\"4549\" data-link=\"http:\/\/ipoweb.bruxelles.be\/emileandre\/?attachment_id=4549\" class=\"wp-image-4549\" srcset=\"https:\/\/ipoweb.bruxelles.be\/emileandre\/wp-content\/uploads\/2022\/09\/IMG-20220926-WA0011-1024x768.jpg 1024w, https:\/\/ipoweb.bruxelles.be\/emileandre\/wp-content\/uploads\/2022\/09\/IMG-20220926-WA0011-300x225.jpg 300w, https:\/\/ipoweb.bruxelles.be\/emileandre\/wp-content\/uploads\/2022\/09\/IMG-20220926-WA0011-768x576.jpg 768w, https:\/\/ipoweb.bruxelles.be\/emileandre\/wp-content\/uploads\/2022\/09\/IMG-20220926-WA0011.jpg 2000w\" sizes=\"(max-width: 1024px) 100vw, 1024px\" \/><\/figure><\/li><li class=\"blocks-gallery-item\"><figure><img decoding=\"async\" loading=\"lazy\" width=\"1024\" height=\"768\" src=\"http:\/\/ipoweb.bruxelles.be\/emileandre\/wp-content\/uploads\/2022\/09\/IMG-20220926-WA0021-1024x768.jpg\" alt=\"\" data-id=\"4552\" data-link=\"http:\/\/ipoweb.bruxelles.be\/emileandre\/?attachment_id=4552\" class=\"wp-image-4552\" srcset=\"https:\/\/ipoweb.bruxelles.be\/emileandre\/wp-content\/uploads\/2022\/09\/IMG-20220926-WA0021-1024x768.jpg 1024w, https:\/\/ipoweb.bruxelles.be\/emileandre\/wp-content\/uploads\/2022\/09\/IMG-20220926-WA0021-300x225.jpg 300w, https:\/\/ipoweb.bruxelles.be\/emileandre\/wp-content\/uploads\/2022\/09\/IMG-20220926-WA0021-768x576.jpg 768w, https:\/\/ipoweb.bruxelles.be\/emileandre\/wp-content\/uploads\/2022\/09\/IMG-20220926-WA0021.jpg 2048w\" sizes=\"(max-width: 1024px) 100vw, 1024px\" \/><\/figure><\/li><li class=\"blocks-gallery-item\"><figure><img decoding=\"async\" loading=\"lazy\" width=\"1024\" height=\"1024\" src=\"http:\/\/ipoweb.bruxelles.be\/emileandre\/wp-content\/uploads\/2022\/09\/IMG-20220926-WA0009-1024x1024.jpg\" alt=\"\" data-id=\"4548\" data-link=\"http:\/\/ipoweb.bruxelles.be\/emileandre\/?attachment_id=4548\" class=\"wp-image-4548\" srcset=\"https:\/\/ipoweb.bruxelles.be\/emileandre\/wp-content\/uploads\/2022\/09\/IMG-20220926-WA0009-1024x1024.jpg 1024w, https:\/\/ipoweb.bruxelles.be\/emileandre\/wp-content\/uploads\/2022\/09\/IMG-20220926-WA0009-150x150.jpg 150w, https:\/\/ipoweb.bruxelles.be\/emileandre\/wp-content\/uploads\/2022\/09\/IMG-20220926-WA0009-300x300.jpg 300w, https:\/\/ipoweb.bruxelles.be\/emileandre\/wp-content\/uploads\/2022\/09\/IMG-20220926-WA0009-768x768.jpg 768w, https:\/\/ipoweb.bruxelles.be\/emileandre\/wp-content\/uploads\/2022\/09\/IMG-20220926-WA0009-60x60.jpg 60w, https:\/\/ipoweb.bruxelles.be\/emileandre\/wp-content\/uploads\/2022\/09\/IMG-20220926-WA0009.jpg 2048w\" sizes=\"(max-width: 1024px) 100vw, 1024px\" \/><\/figure><\/li><li class=\"blocks-gallery-item\"><figure><img decoding=\"async\" loading=\"lazy\" width=\"1024\" height=\"768\" src=\"http:\/\/ipoweb.bruxelles.be\/emileandre\/wp-content\/uploads\/2022\/09\/IMG-20220926-WA0012-1024x768.jpg\" alt=\"\" data-id=\"4550\" data-link=\"http:\/\/ipoweb.bruxelles.be\/emileandre\/?attachment_id=4550\" class=\"wp-image-4550\" srcset=\"https:\/\/ipoweb.bruxelles.be\/emileandre\/wp-content\/uploads\/2022\/09\/IMG-20220926-WA0012-1024x768.jpg 1024w, https:\/\/ipoweb.bruxelles.be\/emileandre\/wp-content\/uploads\/2022\/09\/IMG-20220926-WA0012-300x225.jpg 300w, https:\/\/ipoweb.bruxelles.be\/emileandre\/wp-content\/uploads\/2022\/09\/IMG-20220926-WA0012-768x576.jpg 768w, https:\/\/ipoweb.bruxelles.be\/emileandre\/wp-content\/uploads\/2022\/09\/IMG-20220926-WA0012.jpg 2000w\" sizes=\"(max-width: 1024px) 100vw, 1024px\" \/><\/figure><\/li><\/ul>\n","protected":false},"excerpt":{"rendered":"<p>Bravo et merci \u00e0 Astrid et \u00e0 ses \u00e9l\u00e8ves qui ont mobilis\u00e9 l&rsquo;\u00e9cole !! Madame, Monsieur, Chers enseignants, Vous avez particip\u00e9 la semaine derni\u00e8re \u00e0 notre action \u00ab A pied, \u00e0 v\u00e9lo \u00e0 l\u2019\u00e9cole \u00bb. Merci de votre int\u00e9r\u00eat pour la mobilit\u00e9 durable ! Nous profitons \u00e9galement de ce mail pour f\u00e9liciter tout sp\u00e9cialement les [&hellip;]<\/p>\n","protected":false},"author":11,"featured_media":0,"comment_status":"closed","ping_status":"open","sticky":false,"template":"","format":"standard","meta":{"footnotes":""},"categories":[8,9,10],"tags":[],"_links":{"self":[{"href":"https:\/\/ipoweb.bruxelles.be\/emileandre\/index.php?rest_route=\/wp\/v2\/posts\/4541"}],"collection":[{"href":"https:\/\/ipoweb.bruxelles.be\/emileandre\/index.php?rest_route=\/wp\/v2\/posts"}],"about":[{"href":"https:\/\/ipoweb.bruxelles.be\/emileandre\/index.php?rest_route=\/wp\/v2\/types\/post"}],"author":[{"embeddable":true,"href":"https:\/\/ipoweb.bruxelles.be\/emileandre\/index.php?rest_route=\/wp\/v2\/users\/11"}],"replies":[{"embeddable":true,"href":"https:\/\/ipoweb.bruxelles.be\/emileandre\/index.php?rest_route=%2Fwp%2Fv2%2Fcomments&post=4541"}],"version-history":[{"count":3,"href":"https:\/\/ipoweb.bruxelles.be\/emileandre\/index.php?rest_route=\/wp\/v2\/posts\/4541\/revisions"}],"predecessor-version":[{"id":4578,"href":"https:\/\/ipoweb.bruxelles.be\/emileandre\/index.php?rest_route=\/wp\/v2\/posts\/4541\/revisions\/4578"}],"wp:attachment":[{"href":"https:\/\/ipoweb.bruxelles.be\/emileandre\/index.php?rest_route=%2Fwp%2Fv2%2Fmedia&parent=4541"}],"wp:term":[{"taxonomy":"category","embeddable":true,"href":"https:\/\/ipoweb.bruxelles.be\/emileandre\/index.php?rest_route=%2Fwp%2Fv2%2Fcategories&post=4541"},{"taxonomy":"post_tag","embeddable":true,"href":"https:\/\/ipoweb.bruxelles.be\/emileandre\/index.php?rest_route=%2Fwp%2Fv2%2Ftags&post=4541"}],"curies":[{"name":"wp","href":"https:\/\/api.w.org\/{rel}","templated":true}]}}