{"id":4661,"date":"2022-10-16T11:53:48","date_gmt":"2022-10-16T09:53:48","guid":{"rendered":"http:\/\/ipoweb.bruxelles.be\/emileandre\/?p=4661"},"modified":"2022-11-11T09:59:17","modified_gmt":"2022-11-11T08:59:17","slug":"rang-velos-ou-velosbus","status":"publish","type":"post","link":"https:\/\/ipoweb.bruxelles.be\/emileandre\/?p=4661","title":{"rendered":"Rang v\u00e9los ou v\u00e9losbus  !"},"content":{"rendered":"\n<p>Voici le lien vers le reportage de Bx 1 qui a suivi les cyclistes, ce vendredi matin.<br><br><a href=\"https:\/\/bx1.be\/categories\/mobilite\/un-rang-velo-en-guise-de-ramassage-scolaire-dans-les-marolles\/?theme=classic\">https:\/\/bx1.be\/categories\/mobilite\/un-rang-velo-en-guise-de-ramassage-scolaire-dans-les-marolles\/?theme=classic<\/a><\/p>\n\n\n\n<p>Prochain rang v\u00e9los, le jeudi 10 novembre. M\u00eames lieux, m\u00eames heures !<\/p>\n\n\n\n<figure class=\"wp-block-image\"><img decoding=\"async\" loading=\"lazy\" width=\"1024\" height=\"536\" src=\"http:\/\/ipoweb.bruxelles.be\/emileandre\/wp-content\/uploads\/2022\/10\/v\u00e9lo-1024x536.jpg\" alt=\"\" class=\"wp-image-4660\" srcset=\"https:\/\/ipoweb.bruxelles.be\/emileandre\/wp-content\/uploads\/2022\/10\/v\u00e9lo-1024x536.jpg 1024w, https:\/\/ipoweb.bruxelles.be\/emileandre\/wp-content\/uploads\/2022\/10\/v\u00e9lo-300x157.jpg 300w, https:\/\/ipoweb.bruxelles.be\/emileandre\/wp-content\/uploads\/2022\/10\/v\u00e9lo-768x402.jpg 768w, https:\/\/ipoweb.bruxelles.be\/emileandre\/wp-content\/uploads\/2022\/10\/v\u00e9lo.jpg 1300w\" sizes=\"(max-width: 1024px) 100vw, 1024px\" \/><\/figure>\n\n\n\n<p>Une premi\u00e8re, ce vendredi 21 octobre !!!  Venez nombreux !!<\/p>\n\n\n\n<p>Voici le trajet:<br><\/p>\n\n\n\n<p> 7h30 : RDV Square Jacques Brel \/ Barb\u00e9ton + briefing s\u00e9curit\u00e9<br>7h45 : d\u00e9part<br>7h50 : Bourse (RDV 7h40)<br>7h53 : Fontainas (RDV 7h43)<br>7h55 : Rouppe (RDV 7h45) <br>7h59 : Mont de pi\u00e9t\u00e9 (RDV 7h50)8h05 : arriv\u00e9e \u00e0 l&rsquo;\u00e9cole \ud83e\udd1e <\/p>\n\n\n\n<figure class=\"wp-block-image\"><img decoding=\"async\" loading=\"lazy\" width=\"768\" height=\"1024\" src=\"http:\/\/ipoweb.bruxelles.be\/emileandre\/wp-content\/uploads\/2022\/10\/trajet-768x1024.png\" alt=\"\" class=\"wp-image-4663\" srcset=\"https:\/\/ipoweb.bruxelles.be\/emileandre\/wp-content\/uploads\/2022\/10\/trajet-768x1024.png 768w, https:\/\/ipoweb.bruxelles.be\/emileandre\/wp-content\/uploads\/2022\/10\/trajet-225x300.png 225w, https:\/\/ipoweb.bruxelles.be\/emileandre\/wp-content\/uploads\/2022\/10\/trajet.png 960w\" sizes=\"(max-width: 768px) 100vw, 768px\" \/><\/figure>\n\n\n\n<p>Les paris sont ouverts ! Combien serez-vous ??<\/p>\n","protected":false},"excerpt":{"rendered":"<p>Voici le lien vers le reportage de Bx 1 qui a suivi les cyclistes, ce vendredi matin. https:\/\/bx1.be\/categories\/mobilite\/un-rang-velo-en-guise-de-ramassage-scolaire-dans-les-marolles\/?theme=classic Prochain rang v\u00e9los, le jeudi 10 novembre. M\u00eames lieux, m\u00eames heures ! Une premi\u00e8re, ce vendredi 21 octobre !!! Venez nombreux !! Voici le trajet: 7h30 : RDV Square Jacques Brel \/ Barb\u00e9ton + briefing s\u00e9curit\u00e97h45 : [&hellip;]<\/p>\n","protected":false},"author":2,"featured_media":0,"comment_status":"closed","ping_status":"open","sticky":false,"template":"","format":"standard","meta":{"footnotes":""},"categories":[8,9,10],"tags":[],"_links":{"self":[{"href":"https:\/\/ipoweb.bruxelles.be\/emileandre\/index.php?rest_route=\/wp\/v2\/posts\/4661"}],"collection":[{"href":"https:\/\/ipoweb.bruxelles.be\/emileandre\/index.php?rest_route=\/wp\/v2\/posts"}],"about":[{"href":"https:\/\/ipoweb.bruxelles.be\/emileandre\/index.php?rest_route=\/wp\/v2\/types\/post"}],"author":[{"embeddable":true,"href":"https:\/\/ipoweb.bruxelles.be\/emileandre\/index.php?rest_route=\/wp\/v2\/users\/2"}],"replies":[{"embeddable":true,"href":"https:\/\/ipoweb.bruxelles.be\/emileandre\/index.php?rest_route=%2Fwp%2Fv2%2Fcomments&post=4661"}],"version-history":[{"count":5,"href":"https:\/\/ipoweb.bruxelles.be\/emileandre\/index.php?rest_route=\/wp\/v2\/posts\/4661\/revisions"}],"predecessor-version":[{"id":4759,"href":"https:\/\/ipoweb.bruxelles.be\/emileandre\/index.php?rest_route=\/wp\/v2\/posts\/4661\/revisions\/4759"}],"wp:attachment":[{"href":"https:\/\/ipoweb.bruxelles.be\/emileandre\/index.php?rest_route=%2Fwp%2Fv2%2Fmedia&parent=4661"}],"wp:term":[{"taxonomy":"category","embeddable":true,"href":"https:\/\/ipoweb.bruxelles.be\/emileandre\/index.php?rest_route=%2Fwp%2Fv2%2Fcategories&post=4661"},{"taxonomy":"post_tag","embeddable":true,"href":"https:\/\/ipoweb.bruxelles.be\/emileandre\/index.php?rest_route=%2Fwp%2Fv2%2Ftags&post=4661"}],"curies":[{"name":"wp","href":"https:\/\/api.w.org\/{rel}","templated":true}]}}