{"id":4765,"date":"2022-11-11T09:57:11","date_gmt":"2022-11-11T08:57:11","guid":{"rendered":"http:\/\/ipoweb.bruxelles.be\/emileandre\/?p=4765"},"modified":"2022-11-11T09:59:01","modified_gmt":"2022-11-11T08:59:01","slug":"second-rang-velo","status":"publish","type":"post","link":"https:\/\/ipoweb.bruxelles.be\/emileandre\/?p=4765","title":{"rendered":"Second rang v\u00e9lo"},"content":{"rendered":"\n<p>Ce jeudi 10 novembre, apr\u00e8s deux semaines de cong\u00e9, on se retrouve square  Jacques Brel \u00e0 7h45 pour un second rang v\u00e9lo.<br>Les plus courageux viennent de Molenbeek. Ils rejoignent ceux du quartier Dansaert.<\/p>\n\n\n\n<figure class=\"wp-block-image\"><img decoding=\"async\" loading=\"lazy\" width=\"1024\" height=\"461\" src=\"http:\/\/ipoweb.bruxelles.be\/emileandre\/wp-content\/uploads\/2022\/11\/thumbnail_20221110_074725-1024x461.jpg\" alt=\"\" class=\"wp-image-4761\" srcset=\"https:\/\/ipoweb.bruxelles.be\/emileandre\/wp-content\/uploads\/2022\/11\/thumbnail_20221110_074725-1024x461.jpg 1024w, https:\/\/ipoweb.bruxelles.be\/emileandre\/wp-content\/uploads\/2022\/11\/thumbnail_20221110_074725-300x135.jpg 300w, https:\/\/ipoweb.bruxelles.be\/emileandre\/wp-content\/uploads\/2022\/11\/thumbnail_20221110_074725-768x346.jpg 768w, https:\/\/ipoweb.bruxelles.be\/emileandre\/wp-content\/uploads\/2022\/11\/thumbnail_20221110_074725.jpg 1280w\" sizes=\"(max-width: 1024px) 100vw, 1024px\" \/><\/figure>\n\n\n\n<p>Derni\u00e8res consignes de s\u00e9curit\u00e9 et nous voil\u00e0 partis !<\/p>\n\n\n\n<figure class=\"wp-block-image\"><img decoding=\"async\" loading=\"lazy\" width=\"1024\" height=\"461\" src=\"http:\/\/ipoweb.bruxelles.be\/emileandre\/wp-content\/uploads\/2022\/11\/thumbnail_20221110_074709-1024x461.jpg\" alt=\"\" class=\"wp-image-4760\" srcset=\"https:\/\/ipoweb.bruxelles.be\/emileandre\/wp-content\/uploads\/2022\/11\/thumbnail_20221110_074709-1024x461.jpg 1024w, https:\/\/ipoweb.bruxelles.be\/emileandre\/wp-content\/uploads\/2022\/11\/thumbnail_20221110_074709-300x135.jpg 300w, https:\/\/ipoweb.bruxelles.be\/emileandre\/wp-content\/uploads\/2022\/11\/thumbnail_20221110_074709-768x346.jpg 768w, https:\/\/ipoweb.bruxelles.be\/emileandre\/wp-content\/uploads\/2022\/11\/thumbnail_20221110_074709.jpg 1280w\" sizes=\"(max-width: 1024px) 100vw, 1024px\" \/><\/figure>\n\n\n\n<p>Un passage par le pi\u00e9tonnier<\/p>\n\n\n\n<figure class=\"wp-block-image\"><img decoding=\"async\" loading=\"lazy\" width=\"1024\" height=\"461\" src=\"http:\/\/ipoweb.bruxelles.be\/emileandre\/wp-content\/uploads\/2022\/11\/thumbnail_20221110_075259-1024x461.jpg\" alt=\"\" class=\"wp-image-4762\" srcset=\"https:\/\/ipoweb.bruxelles.be\/emileandre\/wp-content\/uploads\/2022\/11\/thumbnail_20221110_075259-1024x461.jpg 1024w, https:\/\/ipoweb.bruxelles.be\/emileandre\/wp-content\/uploads\/2022\/11\/thumbnail_20221110_075259-300x135.jpg 300w, https:\/\/ipoweb.bruxelles.be\/emileandre\/wp-content\/uploads\/2022\/11\/thumbnail_20221110_075259-768x346.jpg 768w, https:\/\/ipoweb.bruxelles.be\/emileandre\/wp-content\/uploads\/2022\/11\/thumbnail_20221110_075259.jpg 1280w\" sizes=\"(max-width: 1024px) 100vw, 1024px\" \/><\/figure>\n\n\n\n<ul class=\"wp-block-gallery columns-2 is-cropped wp-block-gallery-1 is-layout-flex wp-block-gallery-is-layout-flex\"><li class=\"blocks-gallery-item\"><figure><img decoding=\"async\" loading=\"lazy\" width=\"1024\" height=\"461\" src=\"http:\/\/ipoweb.bruxelles.be\/emileandre\/wp-content\/uploads\/2022\/11\/thumbnail_20221110_075302-1024x461.jpg\" alt=\"\" data-id=\"4763\" data-link=\"http:\/\/ipoweb.bruxelles.be\/emileandre\/?attachment_id=4763\" class=\"wp-image-4763\" srcset=\"https:\/\/ipoweb.bruxelles.be\/emileandre\/wp-content\/uploads\/2022\/11\/thumbnail_20221110_075302-1024x461.jpg 1024w, https:\/\/ipoweb.bruxelles.be\/emileandre\/wp-content\/uploads\/2022\/11\/thumbnail_20221110_075302-300x135.jpg 300w, https:\/\/ipoweb.bruxelles.be\/emileandre\/wp-content\/uploads\/2022\/11\/thumbnail_20221110_075302-768x346.jpg 768w, https:\/\/ipoweb.bruxelles.be\/emileandre\/wp-content\/uploads\/2022\/11\/thumbnail_20221110_075302.jpg 1280w\" sizes=\"(max-width: 1024px) 100vw, 1024px\" \/><\/figure><\/li><li class=\"blocks-gallery-item\"><figure><img decoding=\"async\" loading=\"lazy\" width=\"1024\" height=\"461\" src=\"http:\/\/ipoweb.bruxelles.be\/emileandre\/wp-content\/uploads\/2022\/11\/thumbnail_20221110_075305-1024x461.jpg\" alt=\"\" data-id=\"4764\" data-link=\"http:\/\/ipoweb.bruxelles.be\/emileandre\/?attachment_id=4764\" class=\"wp-image-4764\" srcset=\"https:\/\/ipoweb.bruxelles.be\/emileandre\/wp-content\/uploads\/2022\/11\/thumbnail_20221110_075305-1024x461.jpg 1024w, https:\/\/ipoweb.bruxelles.be\/emileandre\/wp-content\/uploads\/2022\/11\/thumbnail_20221110_075305-300x135.jpg 300w, https:\/\/ipoweb.bruxelles.be\/emileandre\/wp-content\/uploads\/2022\/11\/thumbnail_20221110_075305-768x346.jpg 768w, https:\/\/ipoweb.bruxelles.be\/emileandre\/wp-content\/uploads\/2022\/11\/thumbnail_20221110_075305.jpg 1280w\" sizes=\"(max-width: 1024px) 100vw, 1024px\" \/><\/figure><\/li><\/ul>\n\n\n\n<p>D&rsquo;autres \u00e9l\u00e8ves et parents nous ont rejoints place Rouppe et nous voil\u00e0 d\u00e9j\u00e0 dans la mont\u00e9e de la rue St Ghislain et du Miroir, seule grosse difficult\u00e9 du trajet.<\/p>\n\n\n\n<figure class=\"wp-block-image\"><img decoding=\"async\" loading=\"lazy\" width=\"461\" height=\"1024\" src=\"http:\/\/ipoweb.bruxelles.be\/emileandre\/wp-content\/uploads\/2022\/11\/thumbnail_20221110_080138-461x1024.jpg\" alt=\"\" class=\"wp-image-4767\" srcset=\"https:\/\/ipoweb.bruxelles.be\/emileandre\/wp-content\/uploads\/2022\/11\/thumbnail_20221110_080138-461x1024.jpg 461w, https:\/\/ipoweb.bruxelles.be\/emileandre\/wp-content\/uploads\/2022\/11\/thumbnail_20221110_080138-135x300.jpg 135w, https:\/\/ipoweb.bruxelles.be\/emileandre\/wp-content\/uploads\/2022\/11\/thumbnail_20221110_080138.jpg 576w\" sizes=\"(max-width: 461px) 100vw, 461px\" \/><\/figure>\n","protected":false},"excerpt":{"rendered":"<p>Ce jeudi 10 novembre, apr\u00e8s deux semaines de cong\u00e9, on se retrouve square Jacques Brel \u00e0 7h45 pour un second rang v\u00e9lo.Les plus courageux viennent de Molenbeek. Ils rejoignent ceux du quartier Dansaert. Derni\u00e8res consignes de s\u00e9curit\u00e9 et nous voil\u00e0 partis ! Un passage par le pi\u00e9tonnier D&rsquo;autres \u00e9l\u00e8ves et parents nous ont rejoints place [&hellip;]<\/p>\n","protected":false},"author":2,"featured_media":0,"comment_status":"closed","ping_status":"open","sticky":false,"template":"","format":"standard","meta":{"footnotes":""},"categories":[15],"tags":[],"_links":{"self":[{"href":"https:\/\/ipoweb.bruxelles.be\/emileandre\/index.php?rest_route=\/wp\/v2\/posts\/4765"}],"collection":[{"href":"https:\/\/ipoweb.bruxelles.be\/emileandre\/index.php?rest_route=\/wp\/v2\/posts"}],"about":[{"href":"https:\/\/ipoweb.bruxelles.be\/emileandre\/index.php?rest_route=\/wp\/v2\/types\/post"}],"author":[{"embeddable":true,"href":"https:\/\/ipoweb.bruxelles.be\/emileandre\/index.php?rest_route=\/wp\/v2\/users\/2"}],"replies":[{"embeddable":true,"href":"https:\/\/ipoweb.bruxelles.be\/emileandre\/index.php?rest_route=%2Fwp%2Fv2%2Fcomments&post=4765"}],"version-history":[{"count":2,"href":"https:\/\/ipoweb.bruxelles.be\/emileandre\/index.php?rest_route=\/wp\/v2\/posts\/4765\/revisions"}],"predecessor-version":[{"id":4768,"href":"https:\/\/ipoweb.bruxelles.be\/emileandre\/index.php?rest_route=\/wp\/v2\/posts\/4765\/revisions\/4768"}],"wp:attachment":[{"href":"https:\/\/ipoweb.bruxelles.be\/emileandre\/index.php?rest_route=%2Fwp%2Fv2%2Fmedia&parent=4765"}],"wp:term":[{"taxonomy":"category","embeddable":true,"href":"https:\/\/ipoweb.bruxelles.be\/emileandre\/index.php?rest_route=%2Fwp%2Fv2%2Fcategories&post=4765"},{"taxonomy":"post_tag","embeddable":true,"href":"https:\/\/ipoweb.bruxelles.be\/emileandre\/index.php?rest_route=%2Fwp%2Fv2%2Ftags&post=4765"}],"curies":[{"name":"wp","href":"https:\/\/api.w.org\/{rel}","templated":true}]}}