{"id":4847,"date":"2022-11-16T21:08:39","date_gmt":"2022-11-16T20:08:39","guid":{"rendered":"http:\/\/ipoweb.bruxelles.be\/emileandre\/?p=4847"},"modified":"2022-11-16T21:09:23","modified_gmt":"2022-11-16T20:09:23","slug":"un-petit-dejeuner-pour-les-eleves-et-les-parents","status":"publish","type":"post","link":"https:\/\/ipoweb.bruxelles.be\/emileandre\/?p=4847","title":{"rendered":"Un petit d\u00e9jeuner pour les \u00e9l\u00e8ves et les parents."},"content":{"rendered":"\n<p>Ce mardi 15 novembre, les Cuisines bruxelloises ont install\u00e9s leurs quartiers dans l&rsquo;\u00e9cole pour offrir un petit d\u00e9jeuner \u00e0 toute l&rsquo;\u00e9cole.<br>Les parents ont r\u00e9pondu pr\u00e9sents et le moment fut tr\u00e8s convivial et appr\u00e9ci\u00e9 de tous et toutes.<\/p>\n\n\n\n<ul class=\"wp-block-gallery columns-2 is-cropped wp-block-gallery-1 is-layout-flex wp-block-gallery-is-layout-flex\"><li class=\"blocks-gallery-item\"><figure><img decoding=\"async\" loading=\"lazy\" width=\"461\" height=\"1024\" src=\"http:\/\/ipoweb.bruxelles.be\/emileandre\/wp-content\/uploads\/2022\/11\/thumbnail_IMG-20221116-WA0010-461x1024.jpg\" alt=\"\" data-id=\"4828\" data-link=\"http:\/\/ipoweb.bruxelles.be\/emileandre\/?attachment_id=4828\" class=\"wp-image-4828\" srcset=\"https:\/\/ipoweb.bruxelles.be\/emileandre\/wp-content\/uploads\/2022\/11\/thumbnail_IMG-20221116-WA0010-461x1024.jpg 461w, https:\/\/ipoweb.bruxelles.be\/emileandre\/wp-content\/uploads\/2022\/11\/thumbnail_IMG-20221116-WA0010-135x300.jpg 135w, https:\/\/ipoweb.bruxelles.be\/emileandre\/wp-content\/uploads\/2022\/11\/thumbnail_IMG-20221116-WA0010.jpg 576w\" sizes=\"(max-width: 461px) 100vw, 461px\" \/><\/figure><\/li><li class=\"blocks-gallery-item\"><figure><img decoding=\"async\" loading=\"lazy\" width=\"461\" height=\"1024\" src=\"http:\/\/ipoweb.bruxelles.be\/emileandre\/wp-content\/uploads\/2022\/11\/thumbnail_IMG-20221116-WA0009-461x1024.jpg\" alt=\"\" data-id=\"4827\" data-link=\"http:\/\/ipoweb.bruxelles.be\/emileandre\/?attachment_id=4827\" class=\"wp-image-4827\" srcset=\"https:\/\/ipoweb.bruxelles.be\/emileandre\/wp-content\/uploads\/2022\/11\/thumbnail_IMG-20221116-WA0009-461x1024.jpg 461w, https:\/\/ipoweb.bruxelles.be\/emileandre\/wp-content\/uploads\/2022\/11\/thumbnail_IMG-20221116-WA0009-135x300.jpg 135w, https:\/\/ipoweb.bruxelles.be\/emileandre\/wp-content\/uploads\/2022\/11\/thumbnail_IMG-20221116-WA0009.jpg 576w\" sizes=\"(max-width: 461px) 100vw, 461px\" \/><\/figure><\/li><\/ul>\n\n\n\n<ul class=\"wp-block-gallery columns-2 is-cropped wp-block-gallery-3 is-layout-flex wp-block-gallery-is-layout-flex\"><li class=\"blocks-gallery-item\"><figure><img decoding=\"async\" loading=\"lazy\" width=\"1024\" height=\"461\" src=\"http:\/\/ipoweb.bruxelles.be\/emileandre\/wp-content\/uploads\/2022\/11\/thumbnail_IMG-20221116-WA0008-1024x461.jpg\" alt=\"\" data-id=\"4826\" data-link=\"http:\/\/ipoweb.bruxelles.be\/emileandre\/?attachment_id=4826\" class=\"wp-image-4826\" srcset=\"https:\/\/ipoweb.bruxelles.be\/emileandre\/wp-content\/uploads\/2022\/11\/thumbnail_IMG-20221116-WA0008-1024x461.jpg 1024w, https:\/\/ipoweb.bruxelles.be\/emileandre\/wp-content\/uploads\/2022\/11\/thumbnail_IMG-20221116-WA0008-300x135.jpg 300w, https:\/\/ipoweb.bruxelles.be\/emileandre\/wp-content\/uploads\/2022\/11\/thumbnail_IMG-20221116-WA0008-768x346.jpg 768w, https:\/\/ipoweb.bruxelles.be\/emileandre\/wp-content\/uploads\/2022\/11\/thumbnail_IMG-20221116-WA0008.jpg 1280w\" sizes=\"(max-width: 1024px) 100vw, 1024px\" \/><\/figure><\/li><li class=\"blocks-gallery-item\"><figure><img decoding=\"async\" loading=\"lazy\" width=\"1024\" height=\"461\" src=\"http:\/\/ipoweb.bruxelles.be\/emileandre\/wp-content\/uploads\/2022\/11\/thumbnail_20221115_080738-1024x461.jpg\" alt=\"\" data-id=\"4823\" data-link=\"http:\/\/ipoweb.bruxelles.be\/emileandre\/?attachment_id=4823\" class=\"wp-image-4823\" srcset=\"https:\/\/ipoweb.bruxelles.be\/emileandre\/wp-content\/uploads\/2022\/11\/thumbnail_20221115_080738-1024x461.jpg 1024w, https:\/\/ipoweb.bruxelles.be\/emileandre\/wp-content\/uploads\/2022\/11\/thumbnail_20221115_080738-300x135.jpg 300w, https:\/\/ipoweb.bruxelles.be\/emileandre\/wp-content\/uploads\/2022\/11\/thumbnail_20221115_080738-768x346.jpg 768w, https:\/\/ipoweb.bruxelles.be\/emileandre\/wp-content\/uploads\/2022\/11\/thumbnail_20221115_080738.jpg 1280w\" sizes=\"(max-width: 1024px) 100vw, 1024px\" \/><\/figure><\/li><\/ul>\n\n\n\n<ul class=\"wp-block-gallery columns-2 is-cropped wp-block-gallery-5 is-layout-flex wp-block-gallery-is-layout-flex\"><li class=\"blocks-gallery-item\"><figure><img decoding=\"async\" loading=\"lazy\" width=\"1024\" height=\"461\" src=\"http:\/\/ipoweb.bruxelles.be\/emileandre\/wp-content\/uploads\/2022\/11\/thumbnail_20221115_083236-1024x461.jpg\" alt=\"\" data-id=\"4825\" data-link=\"http:\/\/ipoweb.bruxelles.be\/emileandre\/?attachment_id=4825\" class=\"wp-image-4825\" srcset=\"https:\/\/ipoweb.bruxelles.be\/emileandre\/wp-content\/uploads\/2022\/11\/thumbnail_20221115_083236-1024x461.jpg 1024w, https:\/\/ipoweb.bruxelles.be\/emileandre\/wp-content\/uploads\/2022\/11\/thumbnail_20221115_083236-300x135.jpg 300w, https:\/\/ipoweb.bruxelles.be\/emileandre\/wp-content\/uploads\/2022\/11\/thumbnail_20221115_083236-768x346.jpg 768w, https:\/\/ipoweb.bruxelles.be\/emileandre\/wp-content\/uploads\/2022\/11\/thumbnail_20221115_083236.jpg 1280w\" sizes=\"(max-width: 1024px) 100vw, 1024px\" \/><\/figure><\/li><li class=\"blocks-gallery-item\"><figure><img decoding=\"async\" loading=\"lazy\" width=\"1024\" height=\"461\" src=\"http:\/\/ipoweb.bruxelles.be\/emileandre\/wp-content\/uploads\/2022\/11\/thumbnail_20221115_083230-1024x461.jpg\" alt=\"\" data-id=\"4824\" data-link=\"http:\/\/ipoweb.bruxelles.be\/emileandre\/?attachment_id=4824\" class=\"wp-image-4824\" srcset=\"https:\/\/ipoweb.bruxelles.be\/emileandre\/wp-content\/uploads\/2022\/11\/thumbnail_20221115_083230-1024x461.jpg 1024w, https:\/\/ipoweb.bruxelles.be\/emileandre\/wp-content\/uploads\/2022\/11\/thumbnail_20221115_083230-300x135.jpg 300w, https:\/\/ipoweb.bruxelles.be\/emileandre\/wp-content\/uploads\/2022\/11\/thumbnail_20221115_083230-768x346.jpg 768w, https:\/\/ipoweb.bruxelles.be\/emileandre\/wp-content\/uploads\/2022\/11\/thumbnail_20221115_083230.jpg 1280w\" sizes=\"(max-width: 1024px) 100vw, 1024px\" \/><\/figure><\/li><\/ul>\n","protected":false},"excerpt":{"rendered":"<p>Ce mardi 15 novembre, les Cuisines bruxelloises ont install\u00e9s leurs quartiers dans l&rsquo;\u00e9cole pour offrir un petit d\u00e9jeuner \u00e0 toute l&rsquo;\u00e9cole.Les parents ont r\u00e9pondu pr\u00e9sents et le moment fut tr\u00e8s convivial et appr\u00e9ci\u00e9 de tous et toutes.<\/p>\n","protected":false},"author":2,"featured_media":0,"comment_status":"closed","ping_status":"open","sticky":false,"template":"","format":"standard","meta":{"footnotes":""},"categories":[15],"tags":[],"_links":{"self":[{"href":"https:\/\/ipoweb.bruxelles.be\/emileandre\/index.php?rest_route=\/wp\/v2\/posts\/4847"}],"collection":[{"href":"https:\/\/ipoweb.bruxelles.be\/emileandre\/index.php?rest_route=\/wp\/v2\/posts"}],"about":[{"href":"https:\/\/ipoweb.bruxelles.be\/emileandre\/index.php?rest_route=\/wp\/v2\/types\/post"}],"author":[{"embeddable":true,"href":"https:\/\/ipoweb.bruxelles.be\/emileandre\/index.php?rest_route=\/wp\/v2\/users\/2"}],"replies":[{"embeddable":true,"href":"https:\/\/ipoweb.bruxelles.be\/emileandre\/index.php?rest_route=%2Fwp%2Fv2%2Fcomments&post=4847"}],"version-history":[{"count":1,"href":"https:\/\/ipoweb.bruxelles.be\/emileandre\/index.php?rest_route=\/wp\/v2\/posts\/4847\/revisions"}],"predecessor-version":[{"id":4848,"href":"https:\/\/ipoweb.bruxelles.be\/emileandre\/index.php?rest_route=\/wp\/v2\/posts\/4847\/revisions\/4848"}],"wp:attachment":[{"href":"https:\/\/ipoweb.bruxelles.be\/emileandre\/index.php?rest_route=%2Fwp%2Fv2%2Fmedia&parent=4847"}],"wp:term":[{"taxonomy":"category","embeddable":true,"href":"https:\/\/ipoweb.bruxelles.be\/emileandre\/index.php?rest_route=%2Fwp%2Fv2%2Fcategories&post=4847"},{"taxonomy":"post_tag","embeddable":true,"href":"https:\/\/ipoweb.bruxelles.be\/emileandre\/index.php?rest_route=%2Fwp%2Fv2%2Ftags&post=4847"}],"curies":[{"name":"wp","href":"https:\/\/api.w.org\/{rel}","templated":true}]}}