{"id":4849,"date":"2022-11-16T20:14:56","date_gmt":"2022-11-16T19:14:56","guid":{"rendered":"http:\/\/ipoweb.bruxelles.be\/emileandre\/?p=4849"},"modified":"2022-11-16T21:21:17","modified_gmt":"2022-11-16T20:21:17","slug":"pourquoi-un-conge-le-11-novembre","status":"publish","type":"post","link":"https:\/\/ipoweb.bruxelles.be\/emileandre\/?p=4849","title":{"rendered":"Pourquoi un cong\u00e9 le 11 novembre ?"},"content":{"rendered":"\n<p> Le 11 novembre, nous avons cong\u00e9&#8230;Mais pourquoi ? <br>Apr\u00e8s avoir \u00e9chang\u00e9 nos avis et observ\u00e9 une petite vid\u00e9o, nous avons compris que c&rsquo;\u00e9tait l&rsquo;anniversaire de la fin de la 1\u00b0 guerre mondiale. <br>Elle a dur\u00e9e 4 ans. <br>Le 15 novembre, nous sommes sortis observer les monuments d\u00e9di\u00e9s \u00e0 cette guerre mondiale. <br><\/p>\n\n\n\n<ul class=\"wp-block-gallery columns-2 is-cropped wp-block-gallery-1 is-layout-flex wp-block-gallery-is-layout-flex\"><li class=\"blocks-gallery-item\"><figure><img decoding=\"async\" loading=\"lazy\" width=\"460\" height=\"1024\" src=\"http:\/\/ipoweb.bruxelles.be\/emileandre\/wp-content\/uploads\/2022\/11\/thumbnail_processed-e87ff788-3640-46e8-9689-13cdc3ccc251_lOotRCE1-460x1024.jpg\" alt=\"\" data-id=\"4832\" data-link=\"http:\/\/ipoweb.bruxelles.be\/emileandre\/?attachment_id=4832\" class=\"wp-image-4832\" srcset=\"https:\/\/ipoweb.bruxelles.be\/emileandre\/wp-content\/uploads\/2022\/11\/thumbnail_processed-e87ff788-3640-46e8-9689-13cdc3ccc251_lOotRCE1-460x1024.jpg 460w, https:\/\/ipoweb.bruxelles.be\/emileandre\/wp-content\/uploads\/2022\/11\/thumbnail_processed-e87ff788-3640-46e8-9689-13cdc3ccc251_lOotRCE1-135x300.jpg 135w, https:\/\/ipoweb.bruxelles.be\/emileandre\/wp-content\/uploads\/2022\/11\/thumbnail_processed-e87ff788-3640-46e8-9689-13cdc3ccc251_lOotRCE1.jpg 575w\" sizes=\"(max-width: 460px) 100vw, 460px\" \/><\/figure><\/li><li class=\"blocks-gallery-item\"><figure><img decoding=\"async\" loading=\"lazy\" width=\"1024\" height=\"1024\" src=\"http:\/\/ipoweb.bruxelles.be\/emileandre\/wp-content\/uploads\/2022\/11\/thumbnail_processed-f401343d-e906-4160-93a9-6e247bb70190_fhFlspYB-1024x1024.jpg\" alt=\"\" data-id=\"4833\" data-link=\"http:\/\/ipoweb.bruxelles.be\/emileandre\/?attachment_id=4833\" class=\"wp-image-4833\" srcset=\"https:\/\/ipoweb.bruxelles.be\/emileandre\/wp-content\/uploads\/2022\/11\/thumbnail_processed-f401343d-e906-4160-93a9-6e247bb70190_fhFlspYB-1024x1024.jpg 1024w, https:\/\/ipoweb.bruxelles.be\/emileandre\/wp-content\/uploads\/2022\/11\/thumbnail_processed-f401343d-e906-4160-93a9-6e247bb70190_fhFlspYB-150x150.jpg 150w, https:\/\/ipoweb.bruxelles.be\/emileandre\/wp-content\/uploads\/2022\/11\/thumbnail_processed-f401343d-e906-4160-93a9-6e247bb70190_fhFlspYB-300x300.jpg 300w, https:\/\/ipoweb.bruxelles.be\/emileandre\/wp-content\/uploads\/2022\/11\/thumbnail_processed-f401343d-e906-4160-93a9-6e247bb70190_fhFlspYB-768x768.jpg 768w, https:\/\/ipoweb.bruxelles.be\/emileandre\/wp-content\/uploads\/2022\/11\/thumbnail_processed-f401343d-e906-4160-93a9-6e247bb70190_fhFlspYB-60x60.jpg 60w, https:\/\/ipoweb.bruxelles.be\/emileandre\/wp-content\/uploads\/2022\/11\/thumbnail_processed-f401343d-e906-4160-93a9-6e247bb70190_fhFlspYB.jpg 1280w\" sizes=\"(max-width: 1024px) 100vw, 1024px\" \/><\/figure><\/li><\/ul>\n\n\n\n<p>\n\nDe retour en classe, nous avons repr\u00e9sent\u00e9 un \u00e9l\u00e9ment qui nous a touch\u00e9.<br>Les \u00e9l\u00e8ves de 1\u00e8re ann\u00e9e de la classe de Chany \n\n<\/p>\n\n\n\n<ul class=\"wp-block-gallery columns-3 is-cropped wp-block-gallery-3 is-layout-flex wp-block-gallery-is-layout-flex\"><li class=\"blocks-gallery-item\"><figure><img decoding=\"async\" loading=\"lazy\" width=\"250\" height=\"250\" src=\"http:\/\/ipoweb.bruxelles.be\/emileandre\/wp-content\/uploads\/2022\/11\/thumbnail_processed-cd513524-3998-4b44-b2e3-00e3f5192fad_m77roPSE.jpg\" alt=\"\" data-id=\"4831\" data-link=\"http:\/\/ipoweb.bruxelles.be\/emileandre\/?attachment_id=4831\" class=\"wp-image-4831\" srcset=\"https:\/\/ipoweb.bruxelles.be\/emileandre\/wp-content\/uploads\/2022\/11\/thumbnail_processed-cd513524-3998-4b44-b2e3-00e3f5192fad_m77roPSE.jpg 250w, https:\/\/ipoweb.bruxelles.be\/emileandre\/wp-content\/uploads\/2022\/11\/thumbnail_processed-cd513524-3998-4b44-b2e3-00e3f5192fad_m77roPSE-150x150.jpg 150w, https:\/\/ipoweb.bruxelles.be\/emileandre\/wp-content\/uploads\/2022\/11\/thumbnail_processed-cd513524-3998-4b44-b2e3-00e3f5192fad_m77roPSE-60x60.jpg 60w\" sizes=\"(max-width: 250px) 100vw, 250px\" \/><\/figure><\/li><li class=\"blocks-gallery-item\"><figure><img decoding=\"async\" loading=\"lazy\" width=\"1024\" height=\"1024\" src=\"http:\/\/ipoweb.bruxelles.be\/emileandre\/wp-content\/uploads\/2022\/11\/thumbnail_processed-6f9ba43c-088a-4c87-a226-f3fde50d7339_nTamLb9V-1024x1024.jpg\" alt=\"\" data-id=\"4830\" data-link=\"http:\/\/ipoweb.bruxelles.be\/emileandre\/?attachment_id=4830\" class=\"wp-image-4830\" srcset=\"https:\/\/ipoweb.bruxelles.be\/emileandre\/wp-content\/uploads\/2022\/11\/thumbnail_processed-6f9ba43c-088a-4c87-a226-f3fde50d7339_nTamLb9V-1024x1024.jpg 1024w, https:\/\/ipoweb.bruxelles.be\/emileandre\/wp-content\/uploads\/2022\/11\/thumbnail_processed-6f9ba43c-088a-4c87-a226-f3fde50d7339_nTamLb9V-150x150.jpg 150w, https:\/\/ipoweb.bruxelles.be\/emileandre\/wp-content\/uploads\/2022\/11\/thumbnail_processed-6f9ba43c-088a-4c87-a226-f3fde50d7339_nTamLb9V-300x300.jpg 300w, https:\/\/ipoweb.bruxelles.be\/emileandre\/wp-content\/uploads\/2022\/11\/thumbnail_processed-6f9ba43c-088a-4c87-a226-f3fde50d7339_nTamLb9V-768x768.jpg 768w, https:\/\/ipoweb.bruxelles.be\/emileandre\/wp-content\/uploads\/2022\/11\/thumbnail_processed-6f9ba43c-088a-4c87-a226-f3fde50d7339_nTamLb9V-60x60.jpg 60w, https:\/\/ipoweb.bruxelles.be\/emileandre\/wp-content\/uploads\/2022\/11\/thumbnail_processed-6f9ba43c-088a-4c87-a226-f3fde50d7339_nTamLb9V.jpg 1280w\" sizes=\"(max-width: 1024px) 100vw, 1024px\" \/><\/figure><\/li><li class=\"blocks-gallery-item\"><figure><img decoding=\"async\" loading=\"lazy\" width=\"1024\" height=\"1024\" src=\"http:\/\/ipoweb.bruxelles.be\/emileandre\/wp-content\/uploads\/2022\/11\/thumbnail_processed-2f2f2712-8c09-40a1-b56d-4645803e6c43_Shq9FFBM-1024x1024.jpg\" alt=\"\" data-id=\"4829\" data-link=\"http:\/\/ipoweb.bruxelles.be\/emileandre\/?attachment_id=4829\" class=\"wp-image-4829\" srcset=\"https:\/\/ipoweb.bruxelles.be\/emileandre\/wp-content\/uploads\/2022\/11\/thumbnail_processed-2f2f2712-8c09-40a1-b56d-4645803e6c43_Shq9FFBM-1024x1024.jpg 1024w, https:\/\/ipoweb.bruxelles.be\/emileandre\/wp-content\/uploads\/2022\/11\/thumbnail_processed-2f2f2712-8c09-40a1-b56d-4645803e6c43_Shq9FFBM-150x150.jpg 150w, https:\/\/ipoweb.bruxelles.be\/emileandre\/wp-content\/uploads\/2022\/11\/thumbnail_processed-2f2f2712-8c09-40a1-b56d-4645803e6c43_Shq9FFBM-300x300.jpg 300w, https:\/\/ipoweb.bruxelles.be\/emileandre\/wp-content\/uploads\/2022\/11\/thumbnail_processed-2f2f2712-8c09-40a1-b56d-4645803e6c43_Shq9FFBM-768x768.jpg 768w, https:\/\/ipoweb.bruxelles.be\/emileandre\/wp-content\/uploads\/2022\/11\/thumbnail_processed-2f2f2712-8c09-40a1-b56d-4645803e6c43_Shq9FFBM-60x60.jpg 60w, https:\/\/ipoweb.bruxelles.be\/emileandre\/wp-content\/uploads\/2022\/11\/thumbnail_processed-2f2f2712-8c09-40a1-b56d-4645803e6c43_Shq9FFBM.jpg 1280w\" sizes=\"(max-width: 1024px) 100vw, 1024px\" \/><\/figure><\/li><\/ul>\n","protected":false},"excerpt":{"rendered":"<p>Le 11 novembre, nous avons cong\u00e9&#8230;Mais pourquoi ? Apr\u00e8s avoir \u00e9chang\u00e9 nos avis et observ\u00e9 une petite vid\u00e9o, nous avons compris que c&rsquo;\u00e9tait l&rsquo;anniversaire de la fin de la 1\u00b0 guerre mondiale. Elle a dur\u00e9e 4 ans. Le 15 novembre, nous sommes sortis observer les monuments d\u00e9di\u00e9s \u00e0 cette guerre mondiale. De retour en classe, [&hellip;]<\/p>\n","protected":false},"author":2,"featured_media":0,"comment_status":"closed","ping_status":"open","sticky":false,"template":"","format":"standard","meta":{"footnotes":""},"categories":[8],"tags":[],"_links":{"self":[{"href":"https:\/\/ipoweb.bruxelles.be\/emileandre\/index.php?rest_route=\/wp\/v2\/posts\/4849"}],"collection":[{"href":"https:\/\/ipoweb.bruxelles.be\/emileandre\/index.php?rest_route=\/wp\/v2\/posts"}],"about":[{"href":"https:\/\/ipoweb.bruxelles.be\/emileandre\/index.php?rest_route=\/wp\/v2\/types\/post"}],"author":[{"embeddable":true,"href":"https:\/\/ipoweb.bruxelles.be\/emileandre\/index.php?rest_route=\/wp\/v2\/users\/2"}],"replies":[{"embeddable":true,"href":"https:\/\/ipoweb.bruxelles.be\/emileandre\/index.php?rest_route=%2Fwp%2Fv2%2Fcomments&post=4849"}],"version-history":[{"count":1,"href":"https:\/\/ipoweb.bruxelles.be\/emileandre\/index.php?rest_route=\/wp\/v2\/posts\/4849\/revisions"}],"predecessor-version":[{"id":4850,"href":"https:\/\/ipoweb.bruxelles.be\/emileandre\/index.php?rest_route=\/wp\/v2\/posts\/4849\/revisions\/4850"}],"wp:attachment":[{"href":"https:\/\/ipoweb.bruxelles.be\/emileandre\/index.php?rest_route=%2Fwp%2Fv2%2Fmedia&parent=4849"}],"wp:term":[{"taxonomy":"category","embeddable":true,"href":"https:\/\/ipoweb.bruxelles.be\/emileandre\/index.php?rest_route=%2Fwp%2Fv2%2Fcategories&post=4849"},{"taxonomy":"post_tag","embeddable":true,"href":"https:\/\/ipoweb.bruxelles.be\/emileandre\/index.php?rest_route=%2Fwp%2Fv2%2Ftags&post=4849"}],"curies":[{"name":"wp","href":"https:\/\/api.w.org\/{rel}","templated":true}]}}