{"id":4859,"date":"2022-11-18T20:29:03","date_gmt":"2022-11-18T19:29:03","guid":{"rendered":"http:\/\/ipoweb.bruxelles.be\/emileandre\/?p=4859"},"modified":"2022-11-18T20:32:09","modified_gmt":"2022-11-18T19:32:09","slug":"amnesty-international","status":"publish","type":"post","link":"https:\/\/ipoweb.bruxelles.be\/emileandre\/?p=4859","title":{"rendered":"Amnesty international"},"content":{"rendered":"\n<p>Les droits humains sont \u00e0 nouveau mis \u00e0 l&rsquo;honneur \u00e0 l&rsquo;\u00e9cole.<br>Des animations pour le a\u00een\u00e9s de l&rsquo;\u00e9cole, une vente de bougies et une information tous les matins dans le pr\u00e9au. <\/p>\n\n\n\n<figure class=\"wp-block-image\"><img decoding=\"async\" loading=\"lazy\" width=\"1024\" height=\"768\" src=\"http:\/\/ipoweb.bruxelles.be\/emileandre\/wp-content\/uploads\/2022\/11\/IMG-20221118-WA0009-1024x768.jpg\" alt=\"\" class=\"wp-image-4856\" srcset=\"https:\/\/ipoweb.bruxelles.be\/emileandre\/wp-content\/uploads\/2022\/11\/IMG-20221118-WA0009-1024x768.jpg 1024w, https:\/\/ipoweb.bruxelles.be\/emileandre\/wp-content\/uploads\/2022\/11\/IMG-20221118-WA0009-300x225.jpg 300w, https:\/\/ipoweb.bruxelles.be\/emileandre\/wp-content\/uploads\/2022\/11\/IMG-20221118-WA0009-768x576.jpg 768w, https:\/\/ipoweb.bruxelles.be\/emileandre\/wp-content\/uploads\/2022\/11\/IMG-20221118-WA0009.jpg 1600w\" sizes=\"(max-width: 1024px) 100vw, 1024px\" \/><\/figure>\n\n\n\n<ul class=\"wp-block-gallery columns-3 is-cropped wp-block-gallery-1 is-layout-flex wp-block-gallery-is-layout-flex\"><li class=\"blocks-gallery-item\"><figure><img decoding=\"async\" loading=\"lazy\" width=\"1024\" height=\"768\" src=\"http:\/\/ipoweb.bruxelles.be\/emileandre\/wp-content\/uploads\/2022\/11\/IMG-20221118-WA0010-1024x768.jpg\" alt=\"\" data-id=\"4857\" data-link=\"http:\/\/ipoweb.bruxelles.be\/emileandre\/?attachment_id=4857\" class=\"wp-image-4857\" srcset=\"https:\/\/ipoweb.bruxelles.be\/emileandre\/wp-content\/uploads\/2022\/11\/IMG-20221118-WA0010-1024x768.jpg 1024w, https:\/\/ipoweb.bruxelles.be\/emileandre\/wp-content\/uploads\/2022\/11\/IMG-20221118-WA0010-300x225.jpg 300w, https:\/\/ipoweb.bruxelles.be\/emileandre\/wp-content\/uploads\/2022\/11\/IMG-20221118-WA0010-768x576.jpg 768w, https:\/\/ipoweb.bruxelles.be\/emileandre\/wp-content\/uploads\/2022\/11\/IMG-20221118-WA0010.jpg 1600w\" sizes=\"(max-width: 1024px) 100vw, 1024px\" \/><\/figure><\/li><li class=\"blocks-gallery-item\"><figure><img decoding=\"async\" loading=\"lazy\" width=\"1024\" height=\"768\" src=\"http:\/\/ipoweb.bruxelles.be\/emileandre\/wp-content\/uploads\/2022\/11\/IMG-20221118-WA0008-1024x768.jpg\" alt=\"\" data-id=\"4855\" data-link=\"http:\/\/ipoweb.bruxelles.be\/emileandre\/?attachment_id=4855\" class=\"wp-image-4855\" srcset=\"https:\/\/ipoweb.bruxelles.be\/emileandre\/wp-content\/uploads\/2022\/11\/IMG-20221118-WA0008-1024x768.jpg 1024w, https:\/\/ipoweb.bruxelles.be\/emileandre\/wp-content\/uploads\/2022\/11\/IMG-20221118-WA0008-300x225.jpg 300w, https:\/\/ipoweb.bruxelles.be\/emileandre\/wp-content\/uploads\/2022\/11\/IMG-20221118-WA0008-768x576.jpg 768w, https:\/\/ipoweb.bruxelles.be\/emileandre\/wp-content\/uploads\/2022\/11\/IMG-20221118-WA0008.jpg 1600w\" sizes=\"(max-width: 1024px) 100vw, 1024px\" \/><\/figure><\/li><li class=\"blocks-gallery-item\"><figure><img decoding=\"async\" loading=\"lazy\" width=\"1024\" height=\"768\" src=\"http:\/\/ipoweb.bruxelles.be\/emileandre\/wp-content\/uploads\/2022\/11\/IMG-20221118-WA0007-1024x768.jpg\" alt=\"\" data-id=\"4854\" data-link=\"http:\/\/ipoweb.bruxelles.be\/emileandre\/?attachment_id=4854\" class=\"wp-image-4854\" srcset=\"https:\/\/ipoweb.bruxelles.be\/emileandre\/wp-content\/uploads\/2022\/11\/IMG-20221118-WA0007-1024x768.jpg 1024w, https:\/\/ipoweb.bruxelles.be\/emileandre\/wp-content\/uploads\/2022\/11\/IMG-20221118-WA0007-300x225.jpg 300w, https:\/\/ipoweb.bruxelles.be\/emileandre\/wp-content\/uploads\/2022\/11\/IMG-20221118-WA0007-768x576.jpg 768w, https:\/\/ipoweb.bruxelles.be\/emileandre\/wp-content\/uploads\/2022\/11\/IMG-20221118-WA0007.jpg 1600w\" sizes=\"(max-width: 1024px) 100vw, 1024px\" \/><\/figure><\/li><li class=\"blocks-gallery-item\"><figure><img decoding=\"async\" loading=\"lazy\" width=\"1024\" height=\"768\" src=\"http:\/\/ipoweb.bruxelles.be\/emileandre\/wp-content\/uploads\/2022\/11\/IMG-20221118-WA0006-1024x768.jpg\" alt=\"\" data-id=\"4853\" data-link=\"http:\/\/ipoweb.bruxelles.be\/emileandre\/?attachment_id=4853\" class=\"wp-image-4853\" srcset=\"https:\/\/ipoweb.bruxelles.be\/emileandre\/wp-content\/uploads\/2022\/11\/IMG-20221118-WA0006-1024x768.jpg 1024w, https:\/\/ipoweb.bruxelles.be\/emileandre\/wp-content\/uploads\/2022\/11\/IMG-20221118-WA0006-300x225.jpg 300w, https:\/\/ipoweb.bruxelles.be\/emileandre\/wp-content\/uploads\/2022\/11\/IMG-20221118-WA0006-768x576.jpg 768w, https:\/\/ipoweb.bruxelles.be\/emileandre\/wp-content\/uploads\/2022\/11\/IMG-20221118-WA0006.jpg 1600w\" sizes=\"(max-width: 1024px) 100vw, 1024px\" \/><\/figure><\/li><\/ul>\n\n\n\n<p>Ne tra\u00eenez pas ! Tout le monde doit avoir sa bougie pour l&rsquo;allumer le 10 d\u00e9cembre pour soutenir toutes les femmes et les hommes pour qui les droits humains ne sont pas respect\u00e9s !<\/p>\n\n\n\n<p>Cette ann\u00e9e, plus que jamais, le combat pour les droits humains est important, tant face au conflit en Ukraine qu&rsquo;\u00e0 la coupe du monde au Qatar !<\/p>\n","protected":false},"excerpt":{"rendered":"<p>Les droits humains sont \u00e0 nouveau mis \u00e0 l&rsquo;honneur \u00e0 l&rsquo;\u00e9cole.Des animations pour le a\u00een\u00e9s de l&rsquo;\u00e9cole, une vente de bougies et une information tous les matins dans le pr\u00e9au. Ne tra\u00eenez pas ! Tout le monde doit avoir sa bougie pour l&rsquo;allumer le 10 d\u00e9cembre pour soutenir toutes les femmes et les hommes pour [&hellip;]<\/p>\n","protected":false},"author":2,"featured_media":0,"comment_status":"closed","ping_status":"open","sticky":false,"template":"","format":"standard","meta":{"footnotes":""},"categories":[15],"tags":[],"_links":{"self":[{"href":"https:\/\/ipoweb.bruxelles.be\/emileandre\/index.php?rest_route=\/wp\/v2\/posts\/4859"}],"collection":[{"href":"https:\/\/ipoweb.bruxelles.be\/emileandre\/index.php?rest_route=\/wp\/v2\/posts"}],"about":[{"href":"https:\/\/ipoweb.bruxelles.be\/emileandre\/index.php?rest_route=\/wp\/v2\/types\/post"}],"author":[{"embeddable":true,"href":"https:\/\/ipoweb.bruxelles.be\/emileandre\/index.php?rest_route=\/wp\/v2\/users\/2"}],"replies":[{"embeddable":true,"href":"https:\/\/ipoweb.bruxelles.be\/emileandre\/index.php?rest_route=%2Fwp%2Fv2%2Fcomments&post=4859"}],"version-history":[{"count":2,"href":"https:\/\/ipoweb.bruxelles.be\/emileandre\/index.php?rest_route=\/wp\/v2\/posts\/4859\/revisions"}],"predecessor-version":[{"id":4861,"href":"https:\/\/ipoweb.bruxelles.be\/emileandre\/index.php?rest_route=\/wp\/v2\/posts\/4859\/revisions\/4861"}],"wp:attachment":[{"href":"https:\/\/ipoweb.bruxelles.be\/emileandre\/index.php?rest_route=%2Fwp%2Fv2%2Fmedia&parent=4859"}],"wp:term":[{"taxonomy":"category","embeddable":true,"href":"https:\/\/ipoweb.bruxelles.be\/emileandre\/index.php?rest_route=%2Fwp%2Fv2%2Fcategories&post=4859"},{"taxonomy":"post_tag","embeddable":true,"href":"https:\/\/ipoweb.bruxelles.be\/emileandre\/index.php?rest_route=%2Fwp%2Fv2%2Ftags&post=4859"}],"curies":[{"name":"wp","href":"https:\/\/api.w.org\/{rel}","templated":true}]}}