{"id":4863,"date":"2022-11-23T05:44:23","date_gmt":"2022-11-23T04:44:23","guid":{"rendered":"http:\/\/ipoweb.bruxelles.be\/emileandre\/?p=4863"},"modified":"2022-11-23T05:45:18","modified_gmt":"2022-11-23T04:45:18","slug":"velos-bus-horaire-et-trajet","status":"publish","type":"post","link":"https:\/\/ipoweb.bruxelles.be\/emileandre\/?p=4863","title":{"rendered":"V\u00e9los-bus &#8230;. horaire et trajet"},"content":{"rendered":"\n<p>Le v\u00e9los-bus passe tous les vendredis matins. Voil\u00e0 son trajet et l&rsquo;heure des arr\u00eats. Enfourche ton v\u00e9lo et rejoins nous !<\/p>\n\n\n\n<figure class=\"wp-block-image\"><img decoding=\"async\" loading=\"lazy\" width=\"1022\" height=\"1024\" src=\"http:\/\/ipoweb.bruxelles.be\/emileandre\/wp-content\/uploads\/2022\/11\/thumbnail_TrajetVELOBUS-A4-02-1022x1024.jpg\" alt=\"\" class=\"wp-image-4862\" srcset=\"https:\/\/ipoweb.bruxelles.be\/emileandre\/wp-content\/uploads\/2022\/11\/thumbnail_TrajetVELOBUS-A4-02-1022x1024.jpg 1022w, https:\/\/ipoweb.bruxelles.be\/emileandre\/wp-content\/uploads\/2022\/11\/thumbnail_TrajetVELOBUS-A4-02-150x150.jpg 150w, https:\/\/ipoweb.bruxelles.be\/emileandre\/wp-content\/uploads\/2022\/11\/thumbnail_TrajetVELOBUS-A4-02-300x300.jpg 300w, https:\/\/ipoweb.bruxelles.be\/emileandre\/wp-content\/uploads\/2022\/11\/thumbnail_TrajetVELOBUS-A4-02-768x770.jpg 768w, https:\/\/ipoweb.bruxelles.be\/emileandre\/wp-content\/uploads\/2022\/11\/thumbnail_TrajetVELOBUS-A4-02-60x60.jpg 60w, https:\/\/ipoweb.bruxelles.be\/emileandre\/wp-content\/uploads\/2022\/11\/thumbnail_TrajetVELOBUS-A4-02.jpg 1277w\" sizes=\"(max-width: 1022px) 100vw, 1022px\" \/><\/figure>\n","protected":false},"excerpt":{"rendered":"<p>Le v\u00e9los-bus passe tous les vendredis matins. Voil\u00e0 son trajet et l&rsquo;heure des arr\u00eats. Enfourche ton v\u00e9lo et rejoins nous !<\/p>\n","protected":false},"author":2,"featured_media":0,"comment_status":"closed","ping_status":"open","sticky":false,"template":"","format":"standard","meta":{"footnotes":""},"categories":[15],"tags":[],"_links":{"self":[{"href":"https:\/\/ipoweb.bruxelles.be\/emileandre\/index.php?rest_route=\/wp\/v2\/posts\/4863"}],"collection":[{"href":"https:\/\/ipoweb.bruxelles.be\/emileandre\/index.php?rest_route=\/wp\/v2\/posts"}],"about":[{"href":"https:\/\/ipoweb.bruxelles.be\/emileandre\/index.php?rest_route=\/wp\/v2\/types\/post"}],"author":[{"embeddable":true,"href":"https:\/\/ipoweb.bruxelles.be\/emileandre\/index.php?rest_route=\/wp\/v2\/users\/2"}],"replies":[{"embeddable":true,"href":"https:\/\/ipoweb.bruxelles.be\/emileandre\/index.php?rest_route=%2Fwp%2Fv2%2Fcomments&post=4863"}],"version-history":[{"count":1,"href":"https:\/\/ipoweb.bruxelles.be\/emileandre\/index.php?rest_route=\/wp\/v2\/posts\/4863\/revisions"}],"predecessor-version":[{"id":4864,"href":"https:\/\/ipoweb.bruxelles.be\/emileandre\/index.php?rest_route=\/wp\/v2\/posts\/4863\/revisions\/4864"}],"wp:attachment":[{"href":"https:\/\/ipoweb.bruxelles.be\/emileandre\/index.php?rest_route=%2Fwp%2Fv2%2Fmedia&parent=4863"}],"wp:term":[{"taxonomy":"category","embeddable":true,"href":"https:\/\/ipoweb.bruxelles.be\/emileandre\/index.php?rest_route=%2Fwp%2Fv2%2Fcategories&post=4863"},{"taxonomy":"post_tag","embeddable":true,"href":"https:\/\/ipoweb.bruxelles.be\/emileandre\/index.php?rest_route=%2Fwp%2Fv2%2Ftags&post=4863"}],"curies":[{"name":"wp","href":"https:\/\/api.w.org\/{rel}","templated":true}]}}