{"id":5264,"date":"2023-02-09T20:50:27","date_gmt":"2023-02-09T19:50:27","guid":{"rendered":"http:\/\/ipoweb.bruxelles.be\/emileandre\/?p=5264"},"modified":"2023-04-06T14:37:56","modified_gmt":"2023-04-06T12:37:56","slug":"les-eleves-de-chany-se-mobilisent-pour-lukraine","status":"publish","type":"post","link":"https:\/\/ipoweb.bruxelles.be\/emileandre\/?p=5264","title":{"rendered":"Les \u00e9l\u00e8ves de Chany se mobilisent pour l&rsquo;Ukraine."},"content":{"rendered":"\n<figure class=\"wp-block-image\"><img decoding=\"async\" src=\"http:\/\/ipoweb.bruxelles.be\/emileandre\/wp-content\/uploads\/2023\/02\/bonnet.png\" alt=\"\" class=\"wp-image-5262\"\/><\/figure>\n\n\n\n<figure class=\"wp-block-image\"><img decoding=\"async\" loading=\"lazy\" width=\"1024\" height=\"576\" src=\"http:\/\/ipoweb.bruxelles.be\/emileandre\/wp-content\/uploads\/2023\/02\/bonnet2-1024x576.jpg\" alt=\"\" class=\"wp-image-5263\" srcset=\"https:\/\/ipoweb.bruxelles.be\/emileandre\/wp-content\/uploads\/2023\/02\/bonnet2-1024x576.jpg 1024w, https:\/\/ipoweb.bruxelles.be\/emileandre\/wp-content\/uploads\/2023\/02\/bonnet2-300x169.jpg 300w, https:\/\/ipoweb.bruxelles.be\/emileandre\/wp-content\/uploads\/2023\/02\/bonnet2-768x432.jpg 768w, https:\/\/ipoweb.bruxelles.be\/emileandre\/wp-content\/uploads\/2023\/02\/bonnet2.jpg 1280w\" sizes=\"(max-width: 1024px) 100vw, 1024px\" \/><\/figure>\n\n\n\n<p>Pour aider les Ukrainiens \u00e0 supporter le froid, nous avons d\u00e9cid\u00e9 de r\u00e9colter des v\u00eatements chauds pour les aider.<br>Voici ce qu&rsquo;ils r\u00e9coltent :<\/p>\n\n\n\n<p>&#8211; Bonnets<br>&#8211; Echarpes ou \u00ab\u00a0Buffs\u00a0\u00bb<br>&#8211; Gants<br>&#8211; Chaussettes<br>&#8211; Couvertures<br>&#8211; Bo\u00eetes de conserves (pas de bocaux ) de l\u00e9gumes\/viandes , ils cuisinent du potage avec ce genre de denr\u00e9es<br>&#8211; Bougies<\/p>\n\n\n\n<p>A d\u00e9poser dans la classe de Chany et tr\u00e8s bient\u00f4t dans les bo\u00eetes dans le pr\u00e9au !<\/p>\n\n\n\n<p><\/p>\n","protected":false},"excerpt":{"rendered":"<p>Pour aider les Ukrainiens \u00e0 supporter le froid, nous avons d\u00e9cid\u00e9 de r\u00e9colter des v\u00eatements chauds pour les aider.Voici ce qu&rsquo;ils r\u00e9coltent : &#8211; Bonnets&#8211; Echarpes ou \u00ab\u00a0Buffs\u00a0\u00bb&#8211; Gants&#8211; Chaussettes&#8211; Couvertures&#8211; Bo\u00eetes de conserves (pas de bocaux ) de l\u00e9gumes\/viandes , ils cuisinent du potage avec ce genre de denr\u00e9es&#8211; Bougies A d\u00e9poser dans la [&hellip;]<\/p>\n","protected":false},"author":2,"featured_media":0,"comment_status":"closed","ping_status":"open","sticky":false,"template":"","format":"standard","meta":{"footnotes":""},"categories":[15],"tags":[],"_links":{"self":[{"href":"https:\/\/ipoweb.bruxelles.be\/emileandre\/index.php?rest_route=\/wp\/v2\/posts\/5264"}],"collection":[{"href":"https:\/\/ipoweb.bruxelles.be\/emileandre\/index.php?rest_route=\/wp\/v2\/posts"}],"about":[{"href":"https:\/\/ipoweb.bruxelles.be\/emileandre\/index.php?rest_route=\/wp\/v2\/types\/post"}],"author":[{"embeddable":true,"href":"https:\/\/ipoweb.bruxelles.be\/emileandre\/index.php?rest_route=\/wp\/v2\/users\/2"}],"replies":[{"embeddable":true,"href":"https:\/\/ipoweb.bruxelles.be\/emileandre\/index.php?rest_route=%2Fwp%2Fv2%2Fcomments&post=5264"}],"version-history":[{"count":1,"href":"https:\/\/ipoweb.bruxelles.be\/emileandre\/index.php?rest_route=\/wp\/v2\/posts\/5264\/revisions"}],"predecessor-version":[{"id":5265,"href":"https:\/\/ipoweb.bruxelles.be\/emileandre\/index.php?rest_route=\/wp\/v2\/posts\/5264\/revisions\/5265"}],"wp:attachment":[{"href":"https:\/\/ipoweb.bruxelles.be\/emileandre\/index.php?rest_route=%2Fwp%2Fv2%2Fmedia&parent=5264"}],"wp:term":[{"taxonomy":"category","embeddable":true,"href":"https:\/\/ipoweb.bruxelles.be\/emileandre\/index.php?rest_route=%2Fwp%2Fv2%2Fcategories&post=5264"},{"taxonomy":"post_tag","embeddable":true,"href":"https:\/\/ipoweb.bruxelles.be\/emileandre\/index.php?rest_route=%2Fwp%2Fv2%2Ftags&post=5264"}],"curies":[{"name":"wp","href":"https:\/\/api.w.org\/{rel}","templated":true}]}}