{"id":5303,"date":"2023-03-06T16:08:54","date_gmt":"2023-03-06T15:08:54","guid":{"rendered":"http:\/\/ipoweb.bruxelles.be\/emileandre\/?p=5303"},"modified":"2023-03-07T08:15:03","modified_gmt":"2023-03-07T07:15:03","slug":"huelva-laccueil-a-lecole","status":"publish","type":"post","link":"https:\/\/ipoweb.bruxelles.be\/emileandre\/?p=5303","title":{"rendered":"Huelva : L&rsquo;accueil \u00e0 l&rsquo;\u00e9cole"},"content":{"rendered":"\n<p>Commen\u00e7ons par un petit d\u00e9jeuner bien copieux !<\/p>\n\n\n\n<figure class=\"wp-block-image\"><img decoding=\"async\" loading=\"lazy\" width=\"454\" height=\"1008\" src=\"http:\/\/ipoweb.bruxelles.be\/emileandre\/wp-content\/uploads\/2023\/03\/20230306_085738_resized.jpg\" alt=\"\" class=\"wp-image-5288\" srcset=\"https:\/\/ipoweb.bruxelles.be\/emileandre\/wp-content\/uploads\/2023\/03\/20230306_085738_resized.jpg 454w, https:\/\/ipoweb.bruxelles.be\/emileandre\/wp-content\/uploads\/2023\/03\/20230306_085738_resized-135x300.jpg 135w\" sizes=\"(max-width: 454px) 100vw, 454px\" \/><\/figure>\n\n\n\n<figure class=\"wp-block-image\"><img decoding=\"async\" loading=\"lazy\" width=\"1024\" height=\"462\" src=\"http:\/\/ipoweb.bruxelles.be\/emileandre\/wp-content\/uploads\/2023\/03\/20230306_100932-1024x462.jpg\" alt=\"\" class=\"wp-image-5289\" srcset=\"https:\/\/ipoweb.bruxelles.be\/emileandre\/wp-content\/uploads\/2023\/03\/20230306_100932-1024x462.jpg 1024w, https:\/\/ipoweb.bruxelles.be\/emileandre\/wp-content\/uploads\/2023\/03\/20230306_100932-300x135.jpg 300w, https:\/\/ipoweb.bruxelles.be\/emileandre\/wp-content\/uploads\/2023\/03\/20230306_100932-768x346.jpg 768w\" sizes=\"(max-width: 1024px) 100vw, 1024px\" \/><figcaption>Une longue haie d&rsquo;honneur pour nous accueillir<\/figcaption><\/figure>\n\n\n\n<ul class=\"wp-block-gallery columns-3 is-cropped wp-block-gallery-1 is-layout-flex wp-block-gallery-is-layout-flex\"><li class=\"blocks-gallery-item\"><figure><img decoding=\"async\" loading=\"lazy\" width=\"1008\" height=\"454\" src=\"http:\/\/ipoweb.bruxelles.be\/emileandre\/wp-content\/uploads\/2023\/03\/20230306_101302_resized.jpg\" alt=\"\" data-id=\"5292\" data-link=\"http:\/\/ipoweb.bruxelles.be\/emileandre\/?attachment_id=5292\" class=\"wp-image-5292\" srcset=\"https:\/\/ipoweb.bruxelles.be\/emileandre\/wp-content\/uploads\/2023\/03\/20230306_101302_resized.jpg 1008w, https:\/\/ipoweb.bruxelles.be\/emileandre\/wp-content\/uploads\/2023\/03\/20230306_101302_resized-300x135.jpg 300w, https:\/\/ipoweb.bruxelles.be\/emileandre\/wp-content\/uploads\/2023\/03\/20230306_101302_resized-768x346.jpg 768w\" sizes=\"(max-width: 1008px) 100vw, 1008px\" \/><\/figure><\/li><li class=\"blocks-gallery-item\"><figure><img decoding=\"async\" loading=\"lazy\" width=\"1008\" height=\"454\" src=\"http:\/\/ipoweb.bruxelles.be\/emileandre\/wp-content\/uploads\/2023\/03\/20230306_101243_resized.jpg\" alt=\"\" data-id=\"5291\" data-link=\"http:\/\/ipoweb.bruxelles.be\/emileandre\/?attachment_id=5291\" class=\"wp-image-5291\" srcset=\"https:\/\/ipoweb.bruxelles.be\/emileandre\/wp-content\/uploads\/2023\/03\/20230306_101243_resized.jpg 1008w, https:\/\/ipoweb.bruxelles.be\/emileandre\/wp-content\/uploads\/2023\/03\/20230306_101243_resized-300x135.jpg 300w, https:\/\/ipoweb.bruxelles.be\/emileandre\/wp-content\/uploads\/2023\/03\/20230306_101243_resized-768x346.jpg 768w\" sizes=\"(max-width: 1008px) 100vw, 1008px\" \/><\/figure><\/li><li class=\"blocks-gallery-item\"><figure><img decoding=\"async\" loading=\"lazy\" width=\"1008\" height=\"454\" src=\"http:\/\/ipoweb.bruxelles.be\/emileandre\/wp-content\/uploads\/2023\/03\/20230306_101313_resized.jpg\" alt=\"\" data-id=\"5293\" data-link=\"http:\/\/ipoweb.bruxelles.be\/emileandre\/?attachment_id=5293\" class=\"wp-image-5293\" srcset=\"https:\/\/ipoweb.bruxelles.be\/emileandre\/wp-content\/uploads\/2023\/03\/20230306_101313_resized.jpg 1008w, https:\/\/ipoweb.bruxelles.be\/emileandre\/wp-content\/uploads\/2023\/03\/20230306_101313_resized-300x135.jpg 300w, https:\/\/ipoweb.bruxelles.be\/emileandre\/wp-content\/uploads\/2023\/03\/20230306_101313_resized-768x346.jpg 768w\" sizes=\"(max-width: 1008px) 100vw, 1008px\" \/><\/figure><\/li><li class=\"blocks-gallery-item\"><figure><img decoding=\"async\" loading=\"lazy\" width=\"1008\" height=\"454\" src=\"http:\/\/ipoweb.bruxelles.be\/emileandre\/wp-content\/uploads\/2023\/03\/20230306_101159_resized.jpg\" alt=\"\" data-id=\"5290\" data-link=\"http:\/\/ipoweb.bruxelles.be\/emileandre\/?attachment_id=5290\" class=\"wp-image-5290\" srcset=\"https:\/\/ipoweb.bruxelles.be\/emileandre\/wp-content\/uploads\/2023\/03\/20230306_101159_resized.jpg 1008w, https:\/\/ipoweb.bruxelles.be\/emileandre\/wp-content\/uploads\/2023\/03\/20230306_101159_resized-300x135.jpg 300w, https:\/\/ipoweb.bruxelles.be\/emileandre\/wp-content\/uploads\/2023\/03\/20230306_101159_resized-768x346.jpg 768w\" sizes=\"(max-width: 1008px) 100vw, 1008px\" \/><\/figure><\/li><\/ul>\n\n\n\n<h2 class=\"wp-block-heading\">Une chorale exceptionnelle pour nous accueillir<\/h2>\n\n\n\n<ul class=\"wp-block-gallery columns-2 is-cropped wp-block-gallery-3 is-layout-flex wp-block-gallery-is-layout-flex\"><li class=\"blocks-gallery-item\"><figure><img decoding=\"async\" loading=\"lazy\" width=\"1024\" height=\"462\" src=\"http:\/\/ipoweb.bruxelles.be\/emileandre\/wp-content\/uploads\/2023\/03\/20230306_101449-1024x462.jpg\" alt=\"\" data-id=\"5294\" data-link=\"http:\/\/ipoweb.bruxelles.be\/emileandre\/?attachment_id=5294\" class=\"wp-image-5294\" srcset=\"https:\/\/ipoweb.bruxelles.be\/emileandre\/wp-content\/uploads\/2023\/03\/20230306_101449-1024x462.jpg 1024w, https:\/\/ipoweb.bruxelles.be\/emileandre\/wp-content\/uploads\/2023\/03\/20230306_101449-300x135.jpg 300w, https:\/\/ipoweb.bruxelles.be\/emileandre\/wp-content\/uploads\/2023\/03\/20230306_101449-768x346.jpg 768w\" sizes=\"(max-width: 1024px) 100vw, 1024px\" \/><\/figure><\/li><li class=\"blocks-gallery-item\"><figure><img decoding=\"async\" loading=\"lazy\" width=\"1024\" height=\"462\" src=\"http:\/\/ipoweb.bruxelles.be\/emileandre\/wp-content\/uploads\/2023\/03\/20230306_101510-1024x462.jpg\" alt=\"\" data-id=\"5295\" data-link=\"http:\/\/ipoweb.bruxelles.be\/emileandre\/?attachment_id=5295\" class=\"wp-image-5295\" srcset=\"https:\/\/ipoweb.bruxelles.be\/emileandre\/wp-content\/uploads\/2023\/03\/20230306_101510-1024x462.jpg 1024w, https:\/\/ipoweb.bruxelles.be\/emileandre\/wp-content\/uploads\/2023\/03\/20230306_101510-300x135.jpg 300w, https:\/\/ipoweb.bruxelles.be\/emileandre\/wp-content\/uploads\/2023\/03\/20230306_101510-768x346.jpg 768w\" sizes=\"(max-width: 1024px) 100vw, 1024px\" \/><\/figure><\/li><\/ul>\n\n\n\n<figure class=\"wp-block-image\"><img decoding=\"async\" loading=\"lazy\" width=\"1008\" height=\"454\" src=\"http:\/\/ipoweb.bruxelles.be\/emileandre\/wp-content\/uploads\/2023\/03\/20230306_102541_resized.jpg\" alt=\"\" class=\"wp-image-5296\" srcset=\"https:\/\/ipoweb.bruxelles.be\/emileandre\/wp-content\/uploads\/2023\/03\/20230306_102541_resized.jpg 1008w, https:\/\/ipoweb.bruxelles.be\/emileandre\/wp-content\/uploads\/2023\/03\/20230306_102541_resized-300x135.jpg 300w, https:\/\/ipoweb.bruxelles.be\/emileandre\/wp-content\/uploads\/2023\/03\/20230306_102541_resized-768x346.jpg 768w\" sizes=\"(max-width: 1008px) 100vw, 1008px\" \/><\/figure>\n\n\n\n<p>Suivie d&rsquo;une d\u00e9monstration de gymnastique artistique.<\/p>\n\n\n\n<figure class=\"wp-block-image\"><img decoding=\"async\" loading=\"lazy\" width=\"1008\" height=\"454\" src=\"http:\/\/ipoweb.bruxelles.be\/emileandre\/wp-content\/uploads\/2023\/03\/20230306_103606_resized.jpg\" alt=\"\" class=\"wp-image-5298\" srcset=\"https:\/\/ipoweb.bruxelles.be\/emileandre\/wp-content\/uploads\/2023\/03\/20230306_103606_resized.jpg 1008w, https:\/\/ipoweb.bruxelles.be\/emileandre\/wp-content\/uploads\/2023\/03\/20230306_103606_resized-300x135.jpg 300w, https:\/\/ipoweb.bruxelles.be\/emileandre\/wp-content\/uploads\/2023\/03\/20230306_103606_resized-768x346.jpg 768w\" sizes=\"(max-width: 1008px) 100vw, 1008px\" \/><\/figure>\n\n\n\n<p>R\u00e9p\u00e9tition avec les \u00e9l\u00e8ves de Berlin et de Turhnout, de la danse finale.<\/p>\n\n\n\n<figure class=\"wp-block-image\"><img decoding=\"async\" loading=\"lazy\" width=\"1024\" height=\"462\" src=\"http:\/\/ipoweb.bruxelles.be\/emileandre\/wp-content\/uploads\/2023\/03\/20230306_172426-1024x462.jpg\" alt=\"\" class=\"wp-image-5306\" srcset=\"https:\/\/ipoweb.bruxelles.be\/emileandre\/wp-content\/uploads\/2023\/03\/20230306_172426-1024x462.jpg 1024w, https:\/\/ipoweb.bruxelles.be\/emileandre\/wp-content\/uploads\/2023\/03\/20230306_172426-300x135.jpg 300w, https:\/\/ipoweb.bruxelles.be\/emileandre\/wp-content\/uploads\/2023\/03\/20230306_172426-768x346.jpg 768w\" sizes=\"(max-width: 1024px) 100vw, 1024px\" \/><\/figure>\n\n\n\n<ul class=\"wp-block-gallery columns-2 is-cropped wp-block-gallery-5 is-layout-flex wp-block-gallery-is-layout-flex\"><li class=\"blocks-gallery-item\"><figure><img decoding=\"async\" loading=\"lazy\" width=\"1024\" height=\"462\" src=\"http:\/\/ipoweb.bruxelles.be\/emileandre\/wp-content\/uploads\/2023\/03\/20230306_173123-1024x462.jpg\" alt=\"\" data-id=\"5308\" data-link=\"http:\/\/ipoweb.bruxelles.be\/emileandre\/?attachment_id=5308\" class=\"wp-image-5308\" srcset=\"https:\/\/ipoweb.bruxelles.be\/emileandre\/wp-content\/uploads\/2023\/03\/20230306_173123-1024x462.jpg 1024w, https:\/\/ipoweb.bruxelles.be\/emileandre\/wp-content\/uploads\/2023\/03\/20230306_173123-300x135.jpg 300w, https:\/\/ipoweb.bruxelles.be\/emileandre\/wp-content\/uploads\/2023\/03\/20230306_173123-768x346.jpg 768w\" sizes=\"(max-width: 1024px) 100vw, 1024px\" \/><\/figure><\/li><li class=\"blocks-gallery-item\"><figure><img decoding=\"async\" loading=\"lazy\" width=\"1024\" height=\"462\" src=\"http:\/\/ipoweb.bruxelles.be\/emileandre\/wp-content\/uploads\/2023\/03\/20230306_173118-1024x462.jpg\" alt=\"\" data-id=\"5307\" data-link=\"http:\/\/ipoweb.bruxelles.be\/emileandre\/?attachment_id=5307\" class=\"wp-image-5307\" srcset=\"https:\/\/ipoweb.bruxelles.be\/emileandre\/wp-content\/uploads\/2023\/03\/20230306_173118-1024x462.jpg 1024w, https:\/\/ipoweb.bruxelles.be\/emileandre\/wp-content\/uploads\/2023\/03\/20230306_173118-300x135.jpg 300w, https:\/\/ipoweb.bruxelles.be\/emileandre\/wp-content\/uploads\/2023\/03\/20230306_173118-768x346.jpg 768w\" sizes=\"(max-width: 1024px) 100vw, 1024px\" \/><\/figure><\/li><\/ul>\n\n\n\n<p>Visite des ar\u00e8nes de Huelva o\u00f9 ont lieu les corridas.<\/p>\n\n\n\n<figure class=\"wp-block-image\"><img decoding=\"async\" loading=\"lazy\" width=\"1024\" height=\"462\" src=\"http:\/\/ipoweb.bruxelles.be\/emileandre\/wp-content\/uploads\/2023\/03\/20230306_181038-1024x462.jpg\" alt=\"\" class=\"wp-image-5309\" srcset=\"https:\/\/ipoweb.bruxelles.be\/emileandre\/wp-content\/uploads\/2023\/03\/20230306_181038-1024x462.jpg 1024w, https:\/\/ipoweb.bruxelles.be\/emileandre\/wp-content\/uploads\/2023\/03\/20230306_181038-300x135.jpg 300w, https:\/\/ipoweb.bruxelles.be\/emileandre\/wp-content\/uploads\/2023\/03\/20230306_181038-768x346.jpg 768w\" sizes=\"(max-width: 1024px) 100vw, 1024px\" \/><figcaption>50 m\u00e8tres de diam\u00e8tre, 8000 places assises !!!<\/figcaption><\/figure>\n\n\n\n<ul class=\"wp-block-gallery columns-2 is-cropped wp-block-gallery-7 is-layout-flex wp-block-gallery-is-layout-flex\"><li class=\"blocks-gallery-item\"><figure><img decoding=\"async\" loading=\"lazy\" width=\"1024\" height=\"462\" src=\"http:\/\/ipoweb.bruxelles.be\/emileandre\/wp-content\/uploads\/2023\/03\/20230306_181047-1024x462.jpg\" alt=\"\" data-id=\"5310\" data-link=\"http:\/\/ipoweb.bruxelles.be\/emileandre\/?attachment_id=5310\" class=\"wp-image-5310\" srcset=\"https:\/\/ipoweb.bruxelles.be\/emileandre\/wp-content\/uploads\/2023\/03\/20230306_181047-1024x462.jpg 1024w, https:\/\/ipoweb.bruxelles.be\/emileandre\/wp-content\/uploads\/2023\/03\/20230306_181047-300x135.jpg 300w, https:\/\/ipoweb.bruxelles.be\/emileandre\/wp-content\/uploads\/2023\/03\/20230306_181047-768x346.jpg 768w\" sizes=\"(max-width: 1024px) 100vw, 1024px\" \/><\/figure><\/li><li class=\"blocks-gallery-item\"><figure><img decoding=\"async\" loading=\"lazy\" width=\"1024\" height=\"462\" src=\"http:\/\/ipoweb.bruxelles.be\/emileandre\/wp-content\/uploads\/2023\/03\/20230306_183309-1024x462.jpg\" alt=\"\" data-id=\"5311\" data-link=\"http:\/\/ipoweb.bruxelles.be\/emileandre\/?attachment_id=5311\" class=\"wp-image-5311\" srcset=\"https:\/\/ipoweb.bruxelles.be\/emileandre\/wp-content\/uploads\/2023\/03\/20230306_183309-1024x462.jpg 1024w, https:\/\/ipoweb.bruxelles.be\/emileandre\/wp-content\/uploads\/2023\/03\/20230306_183309-300x135.jpg 300w, https:\/\/ipoweb.bruxelles.be\/emileandre\/wp-content\/uploads\/2023\/03\/20230306_183309-768x346.jpg 768w\" sizes=\"(max-width: 1024px) 100vw, 1024px\" \/><\/figure><\/li><\/ul>\n\n\n\n<p>Au retour du restaurant du soir &#8230;&#8230; avant une longue nuit !<\/p>\n\n\n\n<figure class=\"wp-block-image\"><img decoding=\"async\" loading=\"lazy\" width=\"462\" height=\"1024\" src=\"http:\/\/ipoweb.bruxelles.be\/emileandre\/wp-content\/uploads\/2023\/03\/20230306_225357-e1678173249487-462x1024.jpg\" alt=\"\" class=\"wp-image-5312\" srcset=\"https:\/\/ipoweb.bruxelles.be\/emileandre\/wp-content\/uploads\/2023\/03\/20230306_225357-e1678173249487-462x1024.jpg 462w, https:\/\/ipoweb.bruxelles.be\/emileandre\/wp-content\/uploads\/2023\/03\/20230306_225357-e1678173249487-135x300.jpg 135w, https:\/\/ipoweb.bruxelles.be\/emileandre\/wp-content\/uploads\/2023\/03\/20230306_225357-e1678173249487-768x1704.jpg 768w, https:\/\/ipoweb.bruxelles.be\/emileandre\/wp-content\/uploads\/2023\/03\/20230306_225357-e1678173249487.jpg 1042w\" sizes=\"(max-width: 462px) 100vw, 462px\" \/><\/figure>\n\n\n\n<p><\/p>\n\n\n\n<p><br><br><br><\/p>\n","protected":false},"excerpt":{"rendered":"<p>Commen\u00e7ons par un petit d\u00e9jeuner bien copieux ! Une chorale exceptionnelle pour nous accueillir Suivie d&rsquo;une d\u00e9monstration de gymnastique artistique. R\u00e9p\u00e9tition avec les \u00e9l\u00e8ves de Berlin et de Turhnout, de la danse finale. Visite des ar\u00e8nes de Huelva o\u00f9 ont lieu les corridas. Au retour du restaurant du soir &#8230;&#8230; avant une longue nuit !<\/p>\n","protected":false},"author":11,"featured_media":0,"comment_status":"closed","ping_status":"open","sticky":false,"template":"","format":"standard","meta":{"footnotes":""},"categories":[1],"tags":[],"_links":{"self":[{"href":"https:\/\/ipoweb.bruxelles.be\/emileandre\/index.php?rest_route=\/wp\/v2\/posts\/5303"}],"collection":[{"href":"https:\/\/ipoweb.bruxelles.be\/emileandre\/index.php?rest_route=\/wp\/v2\/posts"}],"about":[{"href":"https:\/\/ipoweb.bruxelles.be\/emileandre\/index.php?rest_route=\/wp\/v2\/types\/post"}],"author":[{"embeddable":true,"href":"https:\/\/ipoweb.bruxelles.be\/emileandre\/index.php?rest_route=\/wp\/v2\/users\/11"}],"replies":[{"embeddable":true,"href":"https:\/\/ipoweb.bruxelles.be\/emileandre\/index.php?rest_route=%2Fwp%2Fv2%2Fcomments&post=5303"}],"version-history":[{"count":4,"href":"https:\/\/ipoweb.bruxelles.be\/emileandre\/index.php?rest_route=\/wp\/v2\/posts\/5303\/revisions"}],"predecessor-version":[{"id":5314,"href":"https:\/\/ipoweb.bruxelles.be\/emileandre\/index.php?rest_route=\/wp\/v2\/posts\/5303\/revisions\/5314"}],"wp:attachment":[{"href":"https:\/\/ipoweb.bruxelles.be\/emileandre\/index.php?rest_route=%2Fwp%2Fv2%2Fmedia&parent=5303"}],"wp:term":[{"taxonomy":"category","embeddable":true,"href":"https:\/\/ipoweb.bruxelles.be\/emileandre\/index.php?rest_route=%2Fwp%2Fv2%2Fcategories&post=5303"},{"taxonomy":"post_tag","embeddable":true,"href":"https:\/\/ipoweb.bruxelles.be\/emileandre\/index.php?rest_route=%2Fwp%2Fv2%2Ftags&post=5303"}],"curies":[{"name":"wp","href":"https:\/\/api.w.org\/{rel}","templated":true}]}}