{"id":5418,"date":"2023-03-28T07:59:56","date_gmt":"2023-03-28T05:59:56","guid":{"rendered":"http:\/\/ipoweb.bruxelles.be\/emileandre\/?p=5418"},"modified":"2023-05-28T08:01:03","modified_gmt":"2023-05-28T06:01:03","slug":"bois-de-la-cambre","status":"publish","type":"post","link":"https:\/\/ipoweb.bruxelles.be\/emileandre\/?p=5418","title":{"rendered":"Bois de la Cambre"},"content":{"rendered":"\n<p>Pour f\u00eater le printemps, les premi\u00e8res ann\u00e9es s&rsquo;offrent une sortie pour profiter de la nature, jouer ensemble, sentir les odeurs, entendre les oiseaux et m\u00eame cr\u00e9er au d\u00e9part de ce qu&rsquo;ils trouvent.<\/p>\n\n\n\n<div class=\"wp-block-image\"><figure class=\"aligncenter\"><img decoding=\"async\" loading=\"lazy\" width=\"450\" height=\"1000\" src=\"http:\/\/ipoweb.bruxelles.be\/emileandre\/wp-content\/uploads\/2023\/05\/Chris3.jpg\" alt=\"\" class=\"wp-image-5419\" srcset=\"https:\/\/ipoweb.bruxelles.be\/emileandre\/wp-content\/uploads\/2023\/05\/Chris3.jpg 450w, https:\/\/ipoweb.bruxelles.be\/emileandre\/wp-content\/uploads\/2023\/05\/Chris3-135x300.jpg 135w\" sizes=\"(max-width: 450px) 100vw, 450px\" \/><\/figure><\/div>\n\n\n\n<figure class=\"wp-block-image\"><img decoding=\"async\" loading=\"lazy\" width=\"1024\" height=\"1024\" src=\"http:\/\/ipoweb.bruxelles.be\/emileandre\/wp-content\/uploads\/2023\/05\/IMG_20230418_105928-1024x1024.jpg\" alt=\"\" class=\"wp-image-5414\" srcset=\"https:\/\/ipoweb.bruxelles.be\/emileandre\/wp-content\/uploads\/2023\/05\/IMG_20230418_105928-1024x1024.jpg 1024w, https:\/\/ipoweb.bruxelles.be\/emileandre\/wp-content\/uploads\/2023\/05\/IMG_20230418_105928-150x150.jpg 150w, https:\/\/ipoweb.bruxelles.be\/emileandre\/wp-content\/uploads\/2023\/05\/IMG_20230418_105928-300x300.jpg 300w, https:\/\/ipoweb.bruxelles.be\/emileandre\/wp-content\/uploads\/2023\/05\/IMG_20230418_105928-768x768.jpg 768w, https:\/\/ipoweb.bruxelles.be\/emileandre\/wp-content\/uploads\/2023\/05\/IMG_20230418_105928-60x60.jpg 60w\" sizes=\"(max-width: 1024px) 100vw, 1024px\" \/><\/figure>\n\n\n\n<ul class=\"wp-block-gallery columns-2 is-cropped wp-block-gallery-1 is-layout-flex wp-block-gallery-is-layout-flex\"><li class=\"blocks-gallery-item\"><figure><img decoding=\"async\" loading=\"lazy\" width=\"1024\" height=\"1024\" src=\"http:\/\/ipoweb.bruxelles.be\/emileandre\/wp-content\/uploads\/2023\/05\/IMG_20230418_120811-1-1-1024x1024.jpg\" alt=\"\" data-id=\"5416\" data-link=\"http:\/\/ipoweb.bruxelles.be\/emileandre\/?attachment_id=5416\" class=\"wp-image-5416\" srcset=\"https:\/\/ipoweb.bruxelles.be\/emileandre\/wp-content\/uploads\/2023\/05\/IMG_20230418_120811-1-1-1024x1024.jpg 1024w, https:\/\/ipoweb.bruxelles.be\/emileandre\/wp-content\/uploads\/2023\/05\/IMG_20230418_120811-1-1-150x150.jpg 150w, https:\/\/ipoweb.bruxelles.be\/emileandre\/wp-content\/uploads\/2023\/05\/IMG_20230418_120811-1-1-300x300.jpg 300w, https:\/\/ipoweb.bruxelles.be\/emileandre\/wp-content\/uploads\/2023\/05\/IMG_20230418_120811-1-1-768x768.jpg 768w, https:\/\/ipoweb.bruxelles.be\/emileandre\/wp-content\/uploads\/2023\/05\/IMG_20230418_120811-1-1-60x60.jpg 60w\" sizes=\"(max-width: 1024px) 100vw, 1024px\" \/><\/figure><\/li><li class=\"blocks-gallery-item\"><figure><img decoding=\"async\" loading=\"lazy\" width=\"1024\" height=\"1024\" src=\"http:\/\/ipoweb.bruxelles.be\/emileandre\/wp-content\/uploads\/2023\/05\/IMG_20230418_113450-1024x1024.jpg\" alt=\"\" data-id=\"5415\" data-link=\"http:\/\/ipoweb.bruxelles.be\/emileandre\/?attachment_id=5415\" class=\"wp-image-5415\" srcset=\"https:\/\/ipoweb.bruxelles.be\/emileandre\/wp-content\/uploads\/2023\/05\/IMG_20230418_113450-1024x1024.jpg 1024w, https:\/\/ipoweb.bruxelles.be\/emileandre\/wp-content\/uploads\/2023\/05\/IMG_20230418_113450-150x150.jpg 150w, https:\/\/ipoweb.bruxelles.be\/emileandre\/wp-content\/uploads\/2023\/05\/IMG_20230418_113450-300x300.jpg 300w, https:\/\/ipoweb.bruxelles.be\/emileandre\/wp-content\/uploads\/2023\/05\/IMG_20230418_113450-768x768.jpg 768w, https:\/\/ipoweb.bruxelles.be\/emileandre\/wp-content\/uploads\/2023\/05\/IMG_20230418_113450-60x60.jpg 60w\" sizes=\"(max-width: 1024px) 100vw, 1024px\" \/><\/figure><\/li><\/ul>\n","protected":false},"excerpt":{"rendered":"<p>Pour f\u00eater le printemps, les premi\u00e8res ann\u00e9es s&rsquo;offrent une sortie pour profiter de la nature, jouer ensemble, sentir les odeurs, entendre les oiseaux et m\u00eame cr\u00e9er au d\u00e9part de ce qu&rsquo;ils trouvent.<\/p>\n","protected":false},"author":11,"featured_media":0,"comment_status":"closed","ping_status":"open","sticky":false,"template":"","format":"standard","meta":{"footnotes":""},"categories":[8],"tags":[],"_links":{"self":[{"href":"https:\/\/ipoweb.bruxelles.be\/emileandre\/index.php?rest_route=\/wp\/v2\/posts\/5418"}],"collection":[{"href":"https:\/\/ipoweb.bruxelles.be\/emileandre\/index.php?rest_route=\/wp\/v2\/posts"}],"about":[{"href":"https:\/\/ipoweb.bruxelles.be\/emileandre\/index.php?rest_route=\/wp\/v2\/types\/post"}],"author":[{"embeddable":true,"href":"https:\/\/ipoweb.bruxelles.be\/emileandre\/index.php?rest_route=\/wp\/v2\/users\/11"}],"replies":[{"embeddable":true,"href":"https:\/\/ipoweb.bruxelles.be\/emileandre\/index.php?rest_route=%2Fwp%2Fv2%2Fcomments&post=5418"}],"version-history":[{"count":1,"href":"https:\/\/ipoweb.bruxelles.be\/emileandre\/index.php?rest_route=\/wp\/v2\/posts\/5418\/revisions"}],"predecessor-version":[{"id":5421,"href":"https:\/\/ipoweb.bruxelles.be\/emileandre\/index.php?rest_route=\/wp\/v2\/posts\/5418\/revisions\/5421"}],"wp:attachment":[{"href":"https:\/\/ipoweb.bruxelles.be\/emileandre\/index.php?rest_route=%2Fwp%2Fv2%2Fmedia&parent=5418"}],"wp:term":[{"taxonomy":"category","embeddable":true,"href":"https:\/\/ipoweb.bruxelles.be\/emileandre\/index.php?rest_route=%2Fwp%2Fv2%2Fcategories&post=5418"},{"taxonomy":"post_tag","embeddable":true,"href":"https:\/\/ipoweb.bruxelles.be\/emileandre\/index.php?rest_route=%2Fwp%2Fv2%2Ftags&post=5418"}],"curies":[{"name":"wp","href":"https:\/\/api.w.org\/{rel}","templated":true}]}}