{"id":5497,"date":"2023-06-06T21:07:10","date_gmt":"2023-06-06T19:07:10","guid":{"rendered":"http:\/\/ipoweb.bruxelles.be\/emileandre\/?p=5497"},"modified":"2023-06-06T21:07:24","modified_gmt":"2023-06-06T19:07:24","slug":"le-second-jour-des-p2-a-braives-commence-par","status":"publish","type":"post","link":"https:\/\/ipoweb.bruxelles.be\/emileandre\/?p=5497","title":{"rendered":"Le second jour des P2 \u00e0 Braives, commence par &#8230;."},"content":{"rendered":"\n<p>Un \u00ab\u00a0quoi de neuf\u00a0\u00bb en pleine nature<\/p>\n\n\n\n<figure class=\"wp-block-image\"><img decoding=\"async\" loading=\"lazy\" width=\"1024\" height=\"765\" src=\"http:\/\/ipoweb.bruxelles.be\/emileandre\/wp-content\/uploads\/2023\/06\/IMG-20230606-WA0007-1024x765.jpg\" alt=\"\" class=\"wp-image-5492\" srcset=\"https:\/\/ipoweb.bruxelles.be\/emileandre\/wp-content\/uploads\/2023\/06\/IMG-20230606-WA0007-1024x765.jpg 1024w, https:\/\/ipoweb.bruxelles.be\/emileandre\/wp-content\/uploads\/2023\/06\/IMG-20230606-WA0007-300x224.jpg 300w, https:\/\/ipoweb.bruxelles.be\/emileandre\/wp-content\/uploads\/2023\/06\/IMG-20230606-WA0007-768x574.jpg 768w, https:\/\/ipoweb.bruxelles.be\/emileandre\/wp-content\/uploads\/2023\/06\/IMG-20230606-WA0007.jpg 1600w\" sizes=\"(max-width: 1024px) 100vw, 1024px\" \/><\/figure>\n\n\n\n<p>D\u00e9but des activit\u00e9s autour de l&rsquo;\u00e9tang<\/p>\n\n\n\n<figure class=\"wp-block-image\"><img decoding=\"async\" loading=\"lazy\" width=\"1024\" height=\"768\" src=\"http:\/\/ipoweb.bruxelles.be\/emileandre\/wp-content\/uploads\/2023\/06\/IMG-20230606-WA0003-1024x768.jpg\" alt=\"\" class=\"wp-image-5490\" srcset=\"https:\/\/ipoweb.bruxelles.be\/emileandre\/wp-content\/uploads\/2023\/06\/IMG-20230606-WA0003-1024x768.jpg 1024w, https:\/\/ipoweb.bruxelles.be\/emileandre\/wp-content\/uploads\/2023\/06\/IMG-20230606-WA0003-300x225.jpg 300w, https:\/\/ipoweb.bruxelles.be\/emileandre\/wp-content\/uploads\/2023\/06\/IMG-20230606-WA0003-768x576.jpg 768w, https:\/\/ipoweb.bruxelles.be\/emileandre\/wp-content\/uploads\/2023\/06\/IMG-20230606-WA0003.jpg 1600w\" sizes=\"(max-width: 1024px) 100vw, 1024px\" \/><\/figure>\n\n\n\n<figure class=\"wp-block-image\"><img decoding=\"async\" loading=\"lazy\" width=\"1024\" height=\"768\" src=\"http:\/\/ipoweb.bruxelles.be\/emileandre\/wp-content\/uploads\/2023\/06\/IMG-20230606-WA0004-1024x768.jpg\" alt=\"\" class=\"wp-image-5491\" srcset=\"https:\/\/ipoweb.bruxelles.be\/emileandre\/wp-content\/uploads\/2023\/06\/IMG-20230606-WA0004-1024x768.jpg 1024w, https:\/\/ipoweb.bruxelles.be\/emileandre\/wp-content\/uploads\/2023\/06\/IMG-20230606-WA0004-300x225.jpg 300w, https:\/\/ipoweb.bruxelles.be\/emileandre\/wp-content\/uploads\/2023\/06\/IMG-20230606-WA0004-768x576.jpg 768w, https:\/\/ipoweb.bruxelles.be\/emileandre\/wp-content\/uploads\/2023\/06\/IMG-20230606-WA0004.jpg 1600w\" sizes=\"(max-width: 1024px) 100vw, 1024px\" \/><\/figure>\n\n\n\n<p>Cuisine des sauvageonnes !!!! Cueillette, pr\u00e9paration et d\u00e9gustation d&rsquo;un ap\u00e9ro \u00e0 base de plantes !<\/p>\n\n\n\n<figure class=\"wp-block-image\"><img decoding=\"async\" loading=\"lazy\" width=\"1024\" height=\"766\" src=\"http:\/\/ipoweb.bruxelles.be\/emileandre\/wp-content\/uploads\/2023\/06\/IMG-20230606-WA0013-1024x766.jpg\" alt=\"\" class=\"wp-image-5496\" srcset=\"https:\/\/ipoweb.bruxelles.be\/emileandre\/wp-content\/uploads\/2023\/06\/IMG-20230606-WA0013-1024x766.jpg 1024w, https:\/\/ipoweb.bruxelles.be\/emileandre\/wp-content\/uploads\/2023\/06\/IMG-20230606-WA0013-300x224.jpg 300w, https:\/\/ipoweb.bruxelles.be\/emileandre\/wp-content\/uploads\/2023\/06\/IMG-20230606-WA0013-768x574.jpg 768w, https:\/\/ipoweb.bruxelles.be\/emileandre\/wp-content\/uploads\/2023\/06\/IMG-20230606-WA0013.jpg 2000w\" sizes=\"(max-width: 1024px) 100vw, 1024px\" \/><\/figure>\n\n\n\n<figure class=\"wp-block-image\"><img decoding=\"async\" loading=\"lazy\" width=\"1024\" height=\"766\" src=\"http:\/\/ipoweb.bruxelles.be\/emileandre\/wp-content\/uploads\/2023\/06\/IMG-20230606-WA0011-1024x766.jpg\" alt=\"\" class=\"wp-image-5494\" srcset=\"https:\/\/ipoweb.bruxelles.be\/emileandre\/wp-content\/uploads\/2023\/06\/IMG-20230606-WA0011-1024x766.jpg 1024w, https:\/\/ipoweb.bruxelles.be\/emileandre\/wp-content\/uploads\/2023\/06\/IMG-20230606-WA0011-300x224.jpg 300w, https:\/\/ipoweb.bruxelles.be\/emileandre\/wp-content\/uploads\/2023\/06\/IMG-20230606-WA0011-768x574.jpg 768w, https:\/\/ipoweb.bruxelles.be\/emileandre\/wp-content\/uploads\/2023\/06\/IMG-20230606-WA0011.jpg 2000w\" sizes=\"(max-width: 1024px) 100vw, 1024px\" \/><\/figure>\n\n\n\n<figure class=\"wp-block-image\"><img decoding=\"async\" loading=\"lazy\" width=\"768\" height=\"1024\" src=\"http:\/\/ipoweb.bruxelles.be\/emileandre\/wp-content\/uploads\/2023\/06\/IMG-20230606-WA0010-768x1024.jpg\" alt=\"\" class=\"wp-image-5493\" srcset=\"https:\/\/ipoweb.bruxelles.be\/emileandre\/wp-content\/uploads\/2023\/06\/IMG-20230606-WA0010-768x1024.jpg 768w, https:\/\/ipoweb.bruxelles.be\/emileandre\/wp-content\/uploads\/2023\/06\/IMG-20230606-WA0010-225x300.jpg 225w, https:\/\/ipoweb.bruxelles.be\/emileandre\/wp-content\/uploads\/2023\/06\/IMG-20230606-WA0010.jpg 1536w\" sizes=\"(max-width: 768px) 100vw, 768px\" \/><\/figure>\n\n\n\n<p>Promenade en for\u00eat et cache-cache g\u00e9ant !<\/p>\n\n\n\n<figure class=\"wp-block-image\"><img decoding=\"async\" loading=\"lazy\" width=\"766\" height=\"1024\" src=\"http:\/\/ipoweb.bruxelles.be\/emileandre\/wp-content\/uploads\/2023\/06\/IMG-20230606-WA0012-766x1024.jpg\" alt=\"\" class=\"wp-image-5495\" srcset=\"https:\/\/ipoweb.bruxelles.be\/emileandre\/wp-content\/uploads\/2023\/06\/IMG-20230606-WA0012-766x1024.jpg 766w, https:\/\/ipoweb.bruxelles.be\/emileandre\/wp-content\/uploads\/2023\/06\/IMG-20230606-WA0012-224x300.jpg 224w, https:\/\/ipoweb.bruxelles.be\/emileandre\/wp-content\/uploads\/2023\/06\/IMG-20230606-WA0012-768x1027.jpg 768w, https:\/\/ipoweb.bruxelles.be\/emileandre\/wp-content\/uploads\/2023\/06\/IMG-20230606-WA0012.jpg 1496w\" sizes=\"(max-width: 766px) 100vw, 766px\" \/><\/figure>\n","protected":false},"excerpt":{"rendered":"<p>Un \u00ab\u00a0quoi de neuf\u00a0\u00bb en pleine nature D\u00e9but des activit\u00e9s autour de l&rsquo;\u00e9tang Cuisine des sauvageonnes !!!! Cueillette, pr\u00e9paration et d\u00e9gustation d&rsquo;un ap\u00e9ro \u00e0 base de plantes ! Promenade en for\u00eat et cache-cache g\u00e9ant !<\/p>\n","protected":false},"author":11,"featured_media":0,"comment_status":"closed","ping_status":"open","sticky":false,"template":"","format":"standard","meta":{"footnotes":""},"categories":[8],"tags":[],"_links":{"self":[{"href":"https:\/\/ipoweb.bruxelles.be\/emileandre\/index.php?rest_route=\/wp\/v2\/posts\/5497"}],"collection":[{"href":"https:\/\/ipoweb.bruxelles.be\/emileandre\/index.php?rest_route=\/wp\/v2\/posts"}],"about":[{"href":"https:\/\/ipoweb.bruxelles.be\/emileandre\/index.php?rest_route=\/wp\/v2\/types\/post"}],"author":[{"embeddable":true,"href":"https:\/\/ipoweb.bruxelles.be\/emileandre\/index.php?rest_route=\/wp\/v2\/users\/11"}],"replies":[{"embeddable":true,"href":"https:\/\/ipoweb.bruxelles.be\/emileandre\/index.php?rest_route=%2Fwp%2Fv2%2Fcomments&post=5497"}],"version-history":[{"count":1,"href":"https:\/\/ipoweb.bruxelles.be\/emileandre\/index.php?rest_route=\/wp\/v2\/posts\/5497\/revisions"}],"predecessor-version":[{"id":5498,"href":"https:\/\/ipoweb.bruxelles.be\/emileandre\/index.php?rest_route=\/wp\/v2\/posts\/5497\/revisions\/5498"}],"wp:attachment":[{"href":"https:\/\/ipoweb.bruxelles.be\/emileandre\/index.php?rest_route=%2Fwp%2Fv2%2Fmedia&parent=5497"}],"wp:term":[{"taxonomy":"category","embeddable":true,"href":"https:\/\/ipoweb.bruxelles.be\/emileandre\/index.php?rest_route=%2Fwp%2Fv2%2Fcategories&post=5497"},{"taxonomy":"post_tag","embeddable":true,"href":"https:\/\/ipoweb.bruxelles.be\/emileandre\/index.php?rest_route=%2Fwp%2Fv2%2Ftags&post=5497"}],"curies":[{"name":"wp","href":"https:\/\/api.w.org\/{rel}","templated":true}]}}