{"id":5816,"date":"2023-06-25T17:28:40","date_gmt":"2023-06-25T15:28:40","guid":{"rendered":"http:\/\/ipoweb.bruxelles.be\/emileandre\/?p=5816"},"modified":"2023-06-25T17:38:47","modified_gmt":"2023-06-25T15:38:47","slug":"fete-de-lete","status":"publish","type":"post","link":"https:\/\/ipoweb.bruxelles.be\/emileandre\/?p=5816","title":{"rendered":"F\u00eate de l&rsquo;\u00e9t\u00e9."},"content":{"rendered":"\n<p>Toutes les conditions \u00e9taient r\u00e9unies pour faire de cette fin de semaine, une f\u00eate hyper r\u00e9ussie et ce fut le cas.<\/p>\n\n\n\n<p>Du soleil, des enfants motiv\u00e9s qui bien r\u00e9p\u00e9t\u00e9s, des parents engag\u00e9s qui ont r\u00e9pondu pr\u00e9sents pour nous aider, une \u00e9quipe p\u00e9dagogique engag\u00e9e qui n&rsquo;a pas m\u00e9nag\u00e9 ses forces et notre Doriane qui a g\u00e9r\u00e9 tout cela !<\/p>\n\n\n\n<p>Voici ce grand moment en images<\/p>\n\n\n\n<ul class=\"wp-block-gallery columns-3 is-cropped wp-block-gallery-1 is-layout-flex wp-block-gallery-is-layout-flex\"><li class=\"blocks-gallery-item\"><figure><img decoding=\"async\" loading=\"lazy\" width=\"1024\" height=\"1024\" src=\"http:\/\/ipoweb.bruxelles.be\/emileandre\/wp-content\/uploads\/2023\/06\/IMG-20230623-WA0030-1024x1024.jpg\" alt=\"\" data-id=\"5812\" data-link=\"http:\/\/ipoweb.bruxelles.be\/emileandre\/?attachment_id=5812\" class=\"wp-image-5812\" srcset=\"https:\/\/ipoweb.bruxelles.be\/emileandre\/wp-content\/uploads\/2023\/06\/IMG-20230623-WA0030-1024x1024.jpg 1024w, https:\/\/ipoweb.bruxelles.be\/emileandre\/wp-content\/uploads\/2023\/06\/IMG-20230623-WA0030-150x150.jpg 150w, https:\/\/ipoweb.bruxelles.be\/emileandre\/wp-content\/uploads\/2023\/06\/IMG-20230623-WA0030-300x300.jpg 300w, https:\/\/ipoweb.bruxelles.be\/emileandre\/wp-content\/uploads\/2023\/06\/IMG-20230623-WA0030-768x768.jpg 768w, https:\/\/ipoweb.bruxelles.be\/emileandre\/wp-content\/uploads\/2023\/06\/IMG-20230623-WA0030-60x60.jpg 60w, https:\/\/ipoweb.bruxelles.be\/emileandre\/wp-content\/uploads\/2023\/06\/IMG-20230623-WA0030.jpg 1500w\" sizes=\"(max-width: 1024px) 100vw, 1024px\" \/><\/figure><\/li><li class=\"blocks-gallery-item\"><figure><img decoding=\"async\" loading=\"lazy\" width=\"1024\" height=\"1024\" src=\"http:\/\/ipoweb.bruxelles.be\/emileandre\/wp-content\/uploads\/2023\/06\/IMG-20230623-WA0026-1024x1024.jpg\" alt=\"\" data-id=\"5811\" data-link=\"http:\/\/ipoweb.bruxelles.be\/emileandre\/?attachment_id=5811\" class=\"wp-image-5811\" srcset=\"https:\/\/ipoweb.bruxelles.be\/emileandre\/wp-content\/uploads\/2023\/06\/IMG-20230623-WA0026-1024x1024.jpg 1024w, https:\/\/ipoweb.bruxelles.be\/emileandre\/wp-content\/uploads\/2023\/06\/IMG-20230623-WA0026-150x150.jpg 150w, https:\/\/ipoweb.bruxelles.be\/emileandre\/wp-content\/uploads\/2023\/06\/IMG-20230623-WA0026-300x300.jpg 300w, https:\/\/ipoweb.bruxelles.be\/emileandre\/wp-content\/uploads\/2023\/06\/IMG-20230623-WA0026-768x768.jpg 768w, https:\/\/ipoweb.bruxelles.be\/emileandre\/wp-content\/uploads\/2023\/06\/IMG-20230623-WA0026-60x60.jpg 60w, https:\/\/ipoweb.bruxelles.be\/emileandre\/wp-content\/uploads\/2023\/06\/IMG-20230623-WA0026.jpg 1500w\" sizes=\"(max-width: 1024px) 100vw, 1024px\" \/><\/figure><\/li><li class=\"blocks-gallery-item\"><figure><img decoding=\"async\" loading=\"lazy\" width=\"1024\" height=\"1024\" src=\"http:\/\/ipoweb.bruxelles.be\/emileandre\/wp-content\/uploads\/2023\/06\/IMG-20230623-WA0021-1024x1024.jpg\" alt=\"\" data-id=\"5810\" data-link=\"http:\/\/ipoweb.bruxelles.be\/emileandre\/?attachment_id=5810\" class=\"wp-image-5810\" srcset=\"https:\/\/ipoweb.bruxelles.be\/emileandre\/wp-content\/uploads\/2023\/06\/IMG-20230623-WA0021-1024x1024.jpg 1024w, https:\/\/ipoweb.bruxelles.be\/emileandre\/wp-content\/uploads\/2023\/06\/IMG-20230623-WA0021-150x150.jpg 150w, https:\/\/ipoweb.bruxelles.be\/emileandre\/wp-content\/uploads\/2023\/06\/IMG-20230623-WA0021-300x300.jpg 300w, https:\/\/ipoweb.bruxelles.be\/emileandre\/wp-content\/uploads\/2023\/06\/IMG-20230623-WA0021-768x768.jpg 768w, https:\/\/ipoweb.bruxelles.be\/emileandre\/wp-content\/uploads\/2023\/06\/IMG-20230623-WA0021-60x60.jpg 60w, https:\/\/ipoweb.bruxelles.be\/emileandre\/wp-content\/uploads\/2023\/06\/IMG-20230623-WA0021.jpg 1500w\" sizes=\"(max-width: 1024px) 100vw, 1024px\" \/><\/figure><\/li><li class=\"blocks-gallery-item\"><figure><img decoding=\"async\" loading=\"lazy\" width=\"1024\" height=\"1024\" src=\"http:\/\/ipoweb.bruxelles.be\/emileandre\/wp-content\/uploads\/2023\/06\/IMG-20230623-WA0031-1024x1024.jpg\" alt=\"\" data-id=\"5813\" data-link=\"http:\/\/ipoweb.bruxelles.be\/emileandre\/?attachment_id=5813\" class=\"wp-image-5813\" srcset=\"https:\/\/ipoweb.bruxelles.be\/emileandre\/wp-content\/uploads\/2023\/06\/IMG-20230623-WA0031-1024x1024.jpg 1024w, https:\/\/ipoweb.bruxelles.be\/emileandre\/wp-content\/uploads\/2023\/06\/IMG-20230623-WA0031-150x150.jpg 150w, https:\/\/ipoweb.bruxelles.be\/emileandre\/wp-content\/uploads\/2023\/06\/IMG-20230623-WA0031-300x300.jpg 300w, https:\/\/ipoweb.bruxelles.be\/emileandre\/wp-content\/uploads\/2023\/06\/IMG-20230623-WA0031-768x768.jpg 768w, https:\/\/ipoweb.bruxelles.be\/emileandre\/wp-content\/uploads\/2023\/06\/IMG-20230623-WA0031-60x60.jpg 60w, https:\/\/ipoweb.bruxelles.be\/emileandre\/wp-content\/uploads\/2023\/06\/IMG-20230623-WA0031.jpg 1500w\" sizes=\"(max-width: 1024px) 100vw, 1024px\" \/><\/figure><\/li><li class=\"blocks-gallery-item\"><figure><img decoding=\"async\" loading=\"lazy\" width=\"1024\" height=\"1024\" src=\"http:\/\/ipoweb.bruxelles.be\/emileandre\/wp-content\/uploads\/2023\/06\/IMG-20230623-WA0017-1024x1024.jpg\" alt=\"\" data-id=\"5809\" data-link=\"http:\/\/ipoweb.bruxelles.be\/emileandre\/?attachment_id=5809\" class=\"wp-image-5809\" srcset=\"https:\/\/ipoweb.bruxelles.be\/emileandre\/wp-content\/uploads\/2023\/06\/IMG-20230623-WA0017-1024x1024.jpg 1024w, https:\/\/ipoweb.bruxelles.be\/emileandre\/wp-content\/uploads\/2023\/06\/IMG-20230623-WA0017-150x150.jpg 150w, https:\/\/ipoweb.bruxelles.be\/emileandre\/wp-content\/uploads\/2023\/06\/IMG-20230623-WA0017-300x300.jpg 300w, https:\/\/ipoweb.bruxelles.be\/emileandre\/wp-content\/uploads\/2023\/06\/IMG-20230623-WA0017-768x768.jpg 768w, https:\/\/ipoweb.bruxelles.be\/emileandre\/wp-content\/uploads\/2023\/06\/IMG-20230623-WA0017-60x60.jpg 60w, https:\/\/ipoweb.bruxelles.be\/emileandre\/wp-content\/uploads\/2023\/06\/IMG-20230623-WA0017.jpg 1500w\" sizes=\"(max-width: 1024px) 100vw, 1024px\" \/><\/figure><\/li><li class=\"blocks-gallery-item\"><figure><img decoding=\"async\" loading=\"lazy\" width=\"1024\" height=\"1024\" src=\"http:\/\/ipoweb.bruxelles.be\/emileandre\/wp-content\/uploads\/2023\/06\/IMG-20230623-WA0016-1024x1024.jpg\" alt=\"\" data-id=\"5808\" data-link=\"http:\/\/ipoweb.bruxelles.be\/emileandre\/?attachment_id=5808\" class=\"wp-image-5808\" srcset=\"https:\/\/ipoweb.bruxelles.be\/emileandre\/wp-content\/uploads\/2023\/06\/IMG-20230623-WA0016-1024x1024.jpg 1024w, https:\/\/ipoweb.bruxelles.be\/emileandre\/wp-content\/uploads\/2023\/06\/IMG-20230623-WA0016-150x150.jpg 150w, https:\/\/ipoweb.bruxelles.be\/emileandre\/wp-content\/uploads\/2023\/06\/IMG-20230623-WA0016-300x300.jpg 300w, https:\/\/ipoweb.bruxelles.be\/emileandre\/wp-content\/uploads\/2023\/06\/IMG-20230623-WA0016-768x768.jpg 768w, https:\/\/ipoweb.bruxelles.be\/emileandre\/wp-content\/uploads\/2023\/06\/IMG-20230623-WA0016-60x60.jpg 60w, https:\/\/ipoweb.bruxelles.be\/emileandre\/wp-content\/uploads\/2023\/06\/IMG-20230623-WA0016.jpg 1500w\" sizes=\"(max-width: 1024px) 100vw, 1024px\" \/><\/figure><\/li><\/ul>\n\n\n\n<ul class=\"wp-block-gallery columns-2 is-cropped wp-block-gallery-3 is-layout-flex wp-block-gallery-is-layout-flex\"><li class=\"blocks-gallery-item\"><figure><img decoding=\"async\" loading=\"lazy\" width=\"1024\" height=\"1024\" src=\"http:\/\/ipoweb.bruxelles.be\/emileandre\/wp-content\/uploads\/2023\/06\/IMG-20230623-WA0034-1024x1024.jpg\" alt=\"\" data-id=\"5815\" data-link=\"http:\/\/ipoweb.bruxelles.be\/emileandre\/?attachment_id=5815\" class=\"wp-image-5815\" srcset=\"https:\/\/ipoweb.bruxelles.be\/emileandre\/wp-content\/uploads\/2023\/06\/IMG-20230623-WA0034-1024x1024.jpg 1024w, https:\/\/ipoweb.bruxelles.be\/emileandre\/wp-content\/uploads\/2023\/06\/IMG-20230623-WA0034-150x150.jpg 150w, https:\/\/ipoweb.bruxelles.be\/emileandre\/wp-content\/uploads\/2023\/06\/IMG-20230623-WA0034-300x300.jpg 300w, https:\/\/ipoweb.bruxelles.be\/emileandre\/wp-content\/uploads\/2023\/06\/IMG-20230623-WA0034-768x768.jpg 768w, https:\/\/ipoweb.bruxelles.be\/emileandre\/wp-content\/uploads\/2023\/06\/IMG-20230623-WA0034-60x60.jpg 60w, https:\/\/ipoweb.bruxelles.be\/emileandre\/wp-content\/uploads\/2023\/06\/IMG-20230623-WA0034.jpg 1500w\" sizes=\"(max-width: 1024px) 100vw, 1024px\" \/><\/figure><\/li><li class=\"blocks-gallery-item\"><figure><img decoding=\"async\" loading=\"lazy\" width=\"1024\" height=\"1024\" src=\"http:\/\/ipoweb.bruxelles.be\/emileandre\/wp-content\/uploads\/2023\/06\/IMG-20230623-WA0032-1024x1024.jpg\" alt=\"\" data-id=\"5814\" data-link=\"http:\/\/ipoweb.bruxelles.be\/emileandre\/?attachment_id=5814\" class=\"wp-image-5814\" srcset=\"https:\/\/ipoweb.bruxelles.be\/emileandre\/wp-content\/uploads\/2023\/06\/IMG-20230623-WA0032-1024x1024.jpg 1024w, https:\/\/ipoweb.bruxelles.be\/emileandre\/wp-content\/uploads\/2023\/06\/IMG-20230623-WA0032-150x150.jpg 150w, https:\/\/ipoweb.bruxelles.be\/emileandre\/wp-content\/uploads\/2023\/06\/IMG-20230623-WA0032-300x300.jpg 300w, https:\/\/ipoweb.bruxelles.be\/emileandre\/wp-content\/uploads\/2023\/06\/IMG-20230623-WA0032-768x768.jpg 768w, https:\/\/ipoweb.bruxelles.be\/emileandre\/wp-content\/uploads\/2023\/06\/IMG-20230623-WA0032-60x60.jpg 60w, https:\/\/ipoweb.bruxelles.be\/emileandre\/wp-content\/uploads\/2023\/06\/IMG-20230623-WA0032.jpg 1500w\" sizes=\"(max-width: 1024px) 100vw, 1024px\" \/><\/figure><\/li><\/ul>\n\n\n\n<p>Que d&rsquo;\u00e9motions lors de la chanson r\u00e9p\u00e9t\u00e9e en secret et reprise par tous les adultes, les enfants et les parent de l&rsquo;\u00e9cole pour mon d\u00e9part \u00e0 la pension dans les prochains jours ( Mr Ector, le directeur)<\/p>\n\n\n\n<ul class=\"wp-block-gallery columns-2 is-cropped wp-block-gallery-5 is-layout-flex wp-block-gallery-is-layout-flex\"><li class=\"blocks-gallery-item\"><figure><img decoding=\"async\" loading=\"lazy\" width=\"1024\" height=\"393\" src=\"http:\/\/ipoweb.bruxelles.be\/emileandre\/wp-content\/uploads\/2023\/06\/IMG-20230623-WA0004-1024x393.jpg\" alt=\"\" data-id=\"5806\" data-link=\"http:\/\/ipoweb.bruxelles.be\/emileandre\/?attachment_id=5806\" class=\"wp-image-5806\" srcset=\"https:\/\/ipoweb.bruxelles.be\/emileandre\/wp-content\/uploads\/2023\/06\/IMG-20230623-WA0004-1024x393.jpg 1024w, https:\/\/ipoweb.bruxelles.be\/emileandre\/wp-content\/uploads\/2023\/06\/IMG-20230623-WA0004-300x115.jpg 300w, https:\/\/ipoweb.bruxelles.be\/emileandre\/wp-content\/uploads\/2023\/06\/IMG-20230623-WA0004-768x295.jpg 768w, https:\/\/ipoweb.bruxelles.be\/emileandre\/wp-content\/uploads\/2023\/06\/IMG-20230623-WA0004.jpg 2048w\" sizes=\"(max-width: 1024px) 100vw, 1024px\" \/><\/figure><\/li><li class=\"blocks-gallery-item\"><figure><img decoding=\"async\" loading=\"lazy\" width=\"1024\" height=\"768\" src=\"http:\/\/ipoweb.bruxelles.be\/emileandre\/wp-content\/uploads\/2023\/06\/IMG-20230623-WA0005-1024x768.jpg\" alt=\"\" data-id=\"5807\" data-link=\"http:\/\/ipoweb.bruxelles.be\/emileandre\/?attachment_id=5807\" class=\"wp-image-5807\" srcset=\"https:\/\/ipoweb.bruxelles.be\/emileandre\/wp-content\/uploads\/2023\/06\/IMG-20230623-WA0005-1024x768.jpg 1024w, https:\/\/ipoweb.bruxelles.be\/emileandre\/wp-content\/uploads\/2023\/06\/IMG-20230623-WA0005-300x225.jpg 300w, https:\/\/ipoweb.bruxelles.be\/emileandre\/wp-content\/uploads\/2023\/06\/IMG-20230623-WA0005-768x576.jpg 768w, https:\/\/ipoweb.bruxelles.be\/emileandre\/wp-content\/uploads\/2023\/06\/IMG-20230623-WA0005.jpg 2048w\" sizes=\"(max-width: 1024px) 100vw, 1024px\" \/><\/figure><\/li><\/ul>\n\n\n\n<p>Refrain\u00a0:<br> D\u00e9pose ton stylo<br> \u00c9teins ton ordi<br> La cloche a sonn\u00e9<br> \u00c7a signifie<br> Grasses matin\u00e9es<br> Journ\u00e9es \u00e0 fl\u00e2ner<br> Mais oui, mais oui<br> L\u2019\u00e9cole est finie.<\/p>\n\n\n\n<p>Monsieur Ector<br>\nApr\u00e8s tant d\u2019ann\u00e9es<br>\nApr\u00e8s tant d\u2019efforts<br>\nC\u2019est termin\u00e9<br>\nRien que d\u2019y penser<br>\nCa nous fait pleurer<br>\nMais oui, mais oui<br>\nL\u2019\u00e9cole est finie<br>\n<br>\nEnfin 65 ans<br>\nIl tire son plan&nbsp;!<br>\nSon plan d\u2019retraite<br>\nEt qu\u2019on le veuille ou non<br>\nIl va falloir<br>\nSe d\u00e9brouiller<br>\n<br>\nPour toutes ces ann\u00e9es<br>\nNous te remercions<br>\nD\u2019avoir veill\u00e9<br>\nComme un champion<br>\nLaisse au tableau<br>\nTous les probl\u00e8mes<br>\nMais oui, mais oui&nbsp;<br>\nL\u2019\u00e9cole est finie.<\/p>\n\n\n\n<p><br><\/p>\n\n\n\n<p>Si vous avez d&rsquo;autres photos de la f\u00eate, n&rsquo;h\u00e9sitez pas \u00e0 nous les envoyer !<br>D\u00e9j\u00e0 merci.<\/p>\n","protected":false},"excerpt":{"rendered":"<p>Toutes les conditions \u00e9taient r\u00e9unies pour faire de cette fin de semaine, une f\u00eate hyper r\u00e9ussie et ce fut le cas. Du soleil, des enfants motiv\u00e9s qui bien r\u00e9p\u00e9t\u00e9s, des parents engag\u00e9s qui ont r\u00e9pondu pr\u00e9sents pour nous aider, une \u00e9quipe p\u00e9dagogique engag\u00e9e qui n&rsquo;a pas m\u00e9nag\u00e9 ses forces et notre Doriane qui a g\u00e9r\u00e9 [&hellip;]<\/p>\n","protected":false},"author":11,"featured_media":0,"comment_status":"closed","ping_status":"open","sticky":false,"template":"","format":"standard","meta":{"footnotes":""},"categories":[15],"tags":[],"_links":{"self":[{"href":"https:\/\/ipoweb.bruxelles.be\/emileandre\/index.php?rest_route=\/wp\/v2\/posts\/5816"}],"collection":[{"href":"https:\/\/ipoweb.bruxelles.be\/emileandre\/index.php?rest_route=\/wp\/v2\/posts"}],"about":[{"href":"https:\/\/ipoweb.bruxelles.be\/emileandre\/index.php?rest_route=\/wp\/v2\/types\/post"}],"author":[{"embeddable":true,"href":"https:\/\/ipoweb.bruxelles.be\/emileandre\/index.php?rest_route=\/wp\/v2\/users\/11"}],"replies":[{"embeddable":true,"href":"https:\/\/ipoweb.bruxelles.be\/emileandre\/index.php?rest_route=%2Fwp%2Fv2%2Fcomments&post=5816"}],"version-history":[{"count":3,"href":"https:\/\/ipoweb.bruxelles.be\/emileandre\/index.php?rest_route=\/wp\/v2\/posts\/5816\/revisions"}],"predecessor-version":[{"id":5819,"href":"https:\/\/ipoweb.bruxelles.be\/emileandre\/index.php?rest_route=\/wp\/v2\/posts\/5816\/revisions\/5819"}],"wp:attachment":[{"href":"https:\/\/ipoweb.bruxelles.be\/emileandre\/index.php?rest_route=%2Fwp%2Fv2%2Fmedia&parent=5816"}],"wp:term":[{"taxonomy":"category","embeddable":true,"href":"https:\/\/ipoweb.bruxelles.be\/emileandre\/index.php?rest_route=%2Fwp%2Fv2%2Fcategories&post=5816"},{"taxonomy":"post_tag","embeddable":true,"href":"https:\/\/ipoweb.bruxelles.be\/emileandre\/index.php?rest_route=%2Fwp%2Fv2%2Ftags&post=5816"}],"curies":[{"name":"wp","href":"https:\/\/api.w.org\/{rel}","templated":true}]}}