{"id":5856,"date":"2023-06-27T20:48:16","date_gmt":"2023-06-27T18:48:16","guid":{"rendered":"http:\/\/ipoweb.bruxelles.be\/emileandre\/?p=5856"},"modified":"2023-06-27T20:59:45","modified_gmt":"2023-06-27T18:59:45","slug":"les-geants-de-la-cle-nous-ont-rendu-visite","status":"publish","type":"post","link":"https:\/\/ipoweb.bruxelles.be\/emileandre\/?p=5856","title":{"rendered":"Les g\u00e9ants de la Cl\u00e9 des champs nous ont rendu visite."},"content":{"rendered":"\n<p>Les g\u00e9ants, comprenez les a\u00een\u00e9s, de l&rsquo;\u00e9cole maternelle de la Cl\u00e9 des champs se sont rendus, \u00e0 v\u00e9lo, dans tous les lieux qu&rsquo;ils avaient visit\u00e9s dans Bruxelles, cette ann\u00e9e. <\/p>\n\n\n\n<p>Notre \u00e9cole, que de nombreux \u00e9l\u00e8ves rejoindront l&rsquo;an prochain,en faisait partie.<\/p>\n\n\n\n<p>Nos \u00e9l\u00e8ves de premi\u00e8res les ont accueillis pour une halte bien m\u00e9rit\u00e9e.<\/p>\n\n\n\n<figure class=\"wp-block-image\"><img decoding=\"async\" loading=\"lazy\" width=\"1024\" height=\"1024\" src=\"http:\/\/ipoweb.bruxelles.be\/emileandre\/wp-content\/uploads\/2023\/06\/IMG-20230627-WA0010-1024x1024.jpg\" alt=\"\" class=\"wp-image-5851\" srcset=\"https:\/\/ipoweb.bruxelles.be\/emileandre\/wp-content\/uploads\/2023\/06\/IMG-20230627-WA0010-1024x1024.jpg 1024w, https:\/\/ipoweb.bruxelles.be\/emileandre\/wp-content\/uploads\/2023\/06\/IMG-20230627-WA0010-150x150.jpg 150w, https:\/\/ipoweb.bruxelles.be\/emileandre\/wp-content\/uploads\/2023\/06\/IMG-20230627-WA0010-300x300.jpg 300w, https:\/\/ipoweb.bruxelles.be\/emileandre\/wp-content\/uploads\/2023\/06\/IMG-20230627-WA0010-768x768.jpg 768w, https:\/\/ipoweb.bruxelles.be\/emileandre\/wp-content\/uploads\/2023\/06\/IMG-20230627-WA0010-60x60.jpg 60w, https:\/\/ipoweb.bruxelles.be\/emileandre\/wp-content\/uploads\/2023\/06\/IMG-20230627-WA0010.jpg 1500w\" sizes=\"(max-width: 1024px) 100vw, 1024px\" \/><\/figure>\n\n\n\n<figure class=\"wp-block-image\"><img decoding=\"async\" loading=\"lazy\" width=\"1024\" height=\"1024\" src=\"http:\/\/ipoweb.bruxelles.be\/emileandre\/wp-content\/uploads\/2023\/06\/IMG-20230627-WA0007-1024x1024.jpg\" alt=\"\" class=\"wp-image-5848\" srcset=\"https:\/\/ipoweb.bruxelles.be\/emileandre\/wp-content\/uploads\/2023\/06\/IMG-20230627-WA0007-1024x1024.jpg 1024w, https:\/\/ipoweb.bruxelles.be\/emileandre\/wp-content\/uploads\/2023\/06\/IMG-20230627-WA0007-150x150.jpg 150w, https:\/\/ipoweb.bruxelles.be\/emileandre\/wp-content\/uploads\/2023\/06\/IMG-20230627-WA0007-300x300.jpg 300w, https:\/\/ipoweb.bruxelles.be\/emileandre\/wp-content\/uploads\/2023\/06\/IMG-20230627-WA0007-768x768.jpg 768w, https:\/\/ipoweb.bruxelles.be\/emileandre\/wp-content\/uploads\/2023\/06\/IMG-20230627-WA0007-60x60.jpg 60w, https:\/\/ipoweb.bruxelles.be\/emileandre\/wp-content\/uploads\/2023\/06\/IMG-20230627-WA0007.jpg 1500w\" sizes=\"(max-width: 1024px) 100vw, 1024px\" \/><\/figure>\n\n\n\n<ul class=\"wp-block-gallery columns-3 is-cropped wp-block-gallery-1 is-layout-flex wp-block-gallery-is-layout-flex\"><li class=\"blocks-gallery-item\"><figure><img decoding=\"async\" loading=\"lazy\" width=\"1024\" height=\"1024\" src=\"http:\/\/ipoweb.bruxelles.be\/emileandre\/wp-content\/uploads\/2023\/06\/IMG-20230627-WA0012-1024x1024.jpg\" alt=\"\" data-id=\"5853\" data-link=\"http:\/\/ipoweb.bruxelles.be\/emileandre\/?attachment_id=5853\" class=\"wp-image-5853\" srcset=\"https:\/\/ipoweb.bruxelles.be\/emileandre\/wp-content\/uploads\/2023\/06\/IMG-20230627-WA0012-1024x1024.jpg 1024w, https:\/\/ipoweb.bruxelles.be\/emileandre\/wp-content\/uploads\/2023\/06\/IMG-20230627-WA0012-150x150.jpg 150w, https:\/\/ipoweb.bruxelles.be\/emileandre\/wp-content\/uploads\/2023\/06\/IMG-20230627-WA0012-300x300.jpg 300w, https:\/\/ipoweb.bruxelles.be\/emileandre\/wp-content\/uploads\/2023\/06\/IMG-20230627-WA0012-768x768.jpg 768w, https:\/\/ipoweb.bruxelles.be\/emileandre\/wp-content\/uploads\/2023\/06\/IMG-20230627-WA0012-60x60.jpg 60w, https:\/\/ipoweb.bruxelles.be\/emileandre\/wp-content\/uploads\/2023\/06\/IMG-20230627-WA0012.jpg 1500w\" sizes=\"(max-width: 1024px) 100vw, 1024px\" \/><\/figure><\/li><li class=\"blocks-gallery-item\"><figure><img decoding=\"async\" loading=\"lazy\" width=\"1024\" height=\"1024\" src=\"http:\/\/ipoweb.bruxelles.be\/emileandre\/wp-content\/uploads\/2023\/06\/IMG-20230627-WA0011-1024x1024.jpg\" alt=\"\" data-id=\"5852\" data-link=\"http:\/\/ipoweb.bruxelles.be\/emileandre\/?attachment_id=5852\" class=\"wp-image-5852\" srcset=\"https:\/\/ipoweb.bruxelles.be\/emileandre\/wp-content\/uploads\/2023\/06\/IMG-20230627-WA0011-1024x1024.jpg 1024w, https:\/\/ipoweb.bruxelles.be\/emileandre\/wp-content\/uploads\/2023\/06\/IMG-20230627-WA0011-150x150.jpg 150w, https:\/\/ipoweb.bruxelles.be\/emileandre\/wp-content\/uploads\/2023\/06\/IMG-20230627-WA0011-300x300.jpg 300w, https:\/\/ipoweb.bruxelles.be\/emileandre\/wp-content\/uploads\/2023\/06\/IMG-20230627-WA0011-768x768.jpg 768w, https:\/\/ipoweb.bruxelles.be\/emileandre\/wp-content\/uploads\/2023\/06\/IMG-20230627-WA0011-60x60.jpg 60w, https:\/\/ipoweb.bruxelles.be\/emileandre\/wp-content\/uploads\/2023\/06\/IMG-20230627-WA0011.jpg 1500w\" sizes=\"(max-width: 1024px) 100vw, 1024px\" \/><\/figure><\/li><li class=\"blocks-gallery-item\"><figure><img decoding=\"async\" loading=\"lazy\" width=\"1024\" height=\"1024\" src=\"http:\/\/ipoweb.bruxelles.be\/emileandre\/wp-content\/uploads\/2023\/06\/IMG-20230627-WA0009-1024x1024.jpg\" alt=\"\" data-id=\"5850\" data-link=\"http:\/\/ipoweb.bruxelles.be\/emileandre\/?attachment_id=5850\" class=\"wp-image-5850\" srcset=\"https:\/\/ipoweb.bruxelles.be\/emileandre\/wp-content\/uploads\/2023\/06\/IMG-20230627-WA0009-1024x1024.jpg 1024w, https:\/\/ipoweb.bruxelles.be\/emileandre\/wp-content\/uploads\/2023\/06\/IMG-20230627-WA0009-150x150.jpg 150w, https:\/\/ipoweb.bruxelles.be\/emileandre\/wp-content\/uploads\/2023\/06\/IMG-20230627-WA0009-300x300.jpg 300w, https:\/\/ipoweb.bruxelles.be\/emileandre\/wp-content\/uploads\/2023\/06\/IMG-20230627-WA0009-768x768.jpg 768w, https:\/\/ipoweb.bruxelles.be\/emileandre\/wp-content\/uploads\/2023\/06\/IMG-20230627-WA0009-60x60.jpg 60w, https:\/\/ipoweb.bruxelles.be\/emileandre\/wp-content\/uploads\/2023\/06\/IMG-20230627-WA0009.jpg 1500w\" sizes=\"(max-width: 1024px) 100vw, 1024px\" \/><\/figure><\/li><li class=\"blocks-gallery-item\"><figure><img decoding=\"async\" loading=\"lazy\" width=\"1024\" height=\"1024\" src=\"http:\/\/ipoweb.bruxelles.be\/emileandre\/wp-content\/uploads\/2023\/06\/IMG-20230627-WA0008-1024x1024.jpg\" alt=\"\" data-id=\"5849\" data-link=\"http:\/\/ipoweb.bruxelles.be\/emileandre\/?attachment_id=5849\" class=\"wp-image-5849\" srcset=\"https:\/\/ipoweb.bruxelles.be\/emileandre\/wp-content\/uploads\/2023\/06\/IMG-20230627-WA0008-1024x1024.jpg 1024w, https:\/\/ipoweb.bruxelles.be\/emileandre\/wp-content\/uploads\/2023\/06\/IMG-20230627-WA0008-150x150.jpg 150w, https:\/\/ipoweb.bruxelles.be\/emileandre\/wp-content\/uploads\/2023\/06\/IMG-20230627-WA0008-300x300.jpg 300w, https:\/\/ipoweb.bruxelles.be\/emileandre\/wp-content\/uploads\/2023\/06\/IMG-20230627-WA0008-768x768.jpg 768w, https:\/\/ipoweb.bruxelles.be\/emileandre\/wp-content\/uploads\/2023\/06\/IMG-20230627-WA0008-60x60.jpg 60w, https:\/\/ipoweb.bruxelles.be\/emileandre\/wp-content\/uploads\/2023\/06\/IMG-20230627-WA0008.jpg 1500w\" sizes=\"(max-width: 1024px) 100vw, 1024px\" \/><\/figure><\/li><li class=\"blocks-gallery-item\"><figure><img decoding=\"async\" loading=\"lazy\" width=\"1024\" height=\"1024\" src=\"http:\/\/ipoweb.bruxelles.be\/emileandre\/wp-content\/uploads\/2023\/06\/IMG-20230627-WA0006-1024x1024.jpg\" alt=\"\" data-id=\"5847\" data-link=\"http:\/\/ipoweb.bruxelles.be\/emileandre\/?attachment_id=5847\" class=\"wp-image-5847\" srcset=\"https:\/\/ipoweb.bruxelles.be\/emileandre\/wp-content\/uploads\/2023\/06\/IMG-20230627-WA0006-1024x1024.jpg 1024w, https:\/\/ipoweb.bruxelles.be\/emileandre\/wp-content\/uploads\/2023\/06\/IMG-20230627-WA0006-150x150.jpg 150w, https:\/\/ipoweb.bruxelles.be\/emileandre\/wp-content\/uploads\/2023\/06\/IMG-20230627-WA0006-300x300.jpg 300w, https:\/\/ipoweb.bruxelles.be\/emileandre\/wp-content\/uploads\/2023\/06\/IMG-20230627-WA0006-768x768.jpg 768w, https:\/\/ipoweb.bruxelles.be\/emileandre\/wp-content\/uploads\/2023\/06\/IMG-20230627-WA0006-60x60.jpg 60w, https:\/\/ipoweb.bruxelles.be\/emileandre\/wp-content\/uploads\/2023\/06\/IMG-20230627-WA0006.jpg 1500w\" sizes=\"(max-width: 1024px) 100vw, 1024px\" \/><\/figure><\/li><\/ul>\n\n\n\n<p>Nous devrons agrandir le parking v\u00e9lo, l&rsquo;an prochain !!!<\/p>\n","protected":false},"excerpt":{"rendered":"<p>Les g\u00e9ants, comprenez les a\u00een\u00e9s, de l&rsquo;\u00e9cole maternelle de la Cl\u00e9 des champs se sont rendus, \u00e0 v\u00e9lo, dans tous les lieux qu&rsquo;ils avaient visit\u00e9s dans Bruxelles, cette ann\u00e9e. Notre \u00e9cole, que de nombreux \u00e9l\u00e8ves rejoindront l&rsquo;an prochain,en faisait partie. Nos \u00e9l\u00e8ves de premi\u00e8res les ont accueillis pour une halte bien m\u00e9rit\u00e9e. Nous devrons agrandir [&hellip;]<\/p>\n","protected":false},"author":11,"featured_media":0,"comment_status":"closed","ping_status":"open","sticky":false,"template":"","format":"standard","meta":{"footnotes":""},"categories":[8],"tags":[],"_links":{"self":[{"href":"https:\/\/ipoweb.bruxelles.be\/emileandre\/index.php?rest_route=\/wp\/v2\/posts\/5856"}],"collection":[{"href":"https:\/\/ipoweb.bruxelles.be\/emileandre\/index.php?rest_route=\/wp\/v2\/posts"}],"about":[{"href":"https:\/\/ipoweb.bruxelles.be\/emileandre\/index.php?rest_route=\/wp\/v2\/types\/post"}],"author":[{"embeddable":true,"href":"https:\/\/ipoweb.bruxelles.be\/emileandre\/index.php?rest_route=\/wp\/v2\/users\/11"}],"replies":[{"embeddable":true,"href":"https:\/\/ipoweb.bruxelles.be\/emileandre\/index.php?rest_route=%2Fwp%2Fv2%2Fcomments&post=5856"}],"version-history":[{"count":2,"href":"https:\/\/ipoweb.bruxelles.be\/emileandre\/index.php?rest_route=\/wp\/v2\/posts\/5856\/revisions"}],"predecessor-version":[{"id":5858,"href":"https:\/\/ipoweb.bruxelles.be\/emileandre\/index.php?rest_route=\/wp\/v2\/posts\/5856\/revisions\/5858"}],"wp:attachment":[{"href":"https:\/\/ipoweb.bruxelles.be\/emileandre\/index.php?rest_route=%2Fwp%2Fv2%2Fmedia&parent=5856"}],"wp:term":[{"taxonomy":"category","embeddable":true,"href":"https:\/\/ipoweb.bruxelles.be\/emileandre\/index.php?rest_route=%2Fwp%2Fv2%2Fcategories&post=5856"},{"taxonomy":"post_tag","embeddable":true,"href":"https:\/\/ipoweb.bruxelles.be\/emileandre\/index.php?rest_route=%2Fwp%2Fv2%2Ftags&post=5856"}],"curies":[{"name":"wp","href":"https:\/\/api.w.org\/{rel}","templated":true}]}}