{"id":6223,"date":"2024-02-16T10:04:07","date_gmt":"2024-02-16T09:04:07","guid":{"rendered":"https:\/\/ipoweb.bruxelles.be\/emileandre\/?p=6223"},"modified":"2024-02-16T14:06:08","modified_gmt":"2024-02-16T13:06:08","slug":"qui-est-le-plus-fort","status":"publish","type":"post","link":"https:\/\/ipoweb.bruxelles.be\/emileandre\/?p=6223","title":{"rendered":"Qui est le plus fort ?"},"content":{"rendered":"\n<p>\u00ab\u00a0C&rsquo;est moi, le plus fort\u00a0\u00bb r\u00e9pond le loup de Mario Ramos.<\/p>\n\n\n\n<figure class=\"wp-block-image size-full\"><img decoding=\"async\" src=\"https:\/\/ipoweb.bruxelles.be\/emileandre\/wp-content\/uploads\/2024\/02\/4184-1-ramos-c-est-moi-le-plus-fort.jpg\" alt=\"\" class=\"wp-image-6222\"\/><\/figure>\n\n\n\n<p>Pour les \u00e9l\u00e8ves de Chany et de Bruno, ce fut l&rsquo;occasion de r\u00e9aliser une super fresque.<\/p>\n\n\n\n<figure class=\"wp-block-image size-large\"><img decoding=\"async\" loading=\"lazy\" width=\"1024\" height=\"769\" src=\"https:\/\/ipoweb.bruxelles.be\/emileandre\/wp-content\/uploads\/2024\/02\/IMG-20240215-WA0037-1024x769.jpg\" alt=\"\" class=\"wp-image-6226\" srcset=\"https:\/\/ipoweb.bruxelles.be\/emileandre\/wp-content\/uploads\/2024\/02\/IMG-20240215-WA0037-1024x769.jpg 1024w, https:\/\/ipoweb.bruxelles.be\/emileandre\/wp-content\/uploads\/2024\/02\/IMG-20240215-WA0037-300x225.jpg 300w, https:\/\/ipoweb.bruxelles.be\/emileandre\/wp-content\/uploads\/2024\/02\/IMG-20240215-WA0037-768x576.jpg 768w, https:\/\/ipoweb.bruxelles.be\/emileandre\/wp-content\/uploads\/2024\/02\/IMG-20240215-WA0037-1536x1153.jpg 1536w, https:\/\/ipoweb.bruxelles.be\/emileandre\/wp-content\/uploads\/2024\/02\/IMG-20240215-WA0037.jpg 1600w\" sizes=\"(max-width: 1024px) 100vw, 1024px\" \/><\/figure>\n\n\n\n<figure class=\"wp-block-image size-large\"><img decoding=\"async\" loading=\"lazy\" width=\"1024\" height=\"768\" src=\"https:\/\/ipoweb.bruxelles.be\/emileandre\/wp-content\/uploads\/2024\/02\/IMG-20240215-WA0035-1024x768.jpg\" alt=\"\" class=\"wp-image-6224\" srcset=\"https:\/\/ipoweb.bruxelles.be\/emileandre\/wp-content\/uploads\/2024\/02\/IMG-20240215-WA0035-1024x768.jpg 1024w, https:\/\/ipoweb.bruxelles.be\/emileandre\/wp-content\/uploads\/2024\/02\/IMG-20240215-WA0035-300x225.jpg 300w, https:\/\/ipoweb.bruxelles.be\/emileandre\/wp-content\/uploads\/2024\/02\/IMG-20240215-WA0035-768x576.jpg 768w, https:\/\/ipoweb.bruxelles.be\/emileandre\/wp-content\/uploads\/2024\/02\/IMG-20240215-WA0035-1536x1152.jpg 1536w, https:\/\/ipoweb.bruxelles.be\/emileandre\/wp-content\/uploads\/2024\/02\/IMG-20240215-WA0035.jpg 2000w\" sizes=\"(max-width: 1024px) 100vw, 1024px\" \/><\/figure>\n\n\n\n<p> <\/p>\n\n\n\n<figure class=\"wp-block-image size-large\"><img decoding=\"async\" loading=\"lazy\" width=\"1024\" height=\"769\" src=\"https:\/\/ipoweb.bruxelles.be\/emileandre\/wp-content\/uploads\/2024\/02\/IMG-20240215-WA0036-1024x769.jpg\" alt=\"\" class=\"wp-image-6225\" srcset=\"https:\/\/ipoweb.bruxelles.be\/emileandre\/wp-content\/uploads\/2024\/02\/IMG-20240215-WA0036-1024x769.jpg 1024w, https:\/\/ipoweb.bruxelles.be\/emileandre\/wp-content\/uploads\/2024\/02\/IMG-20240215-WA0036-300x225.jpg 300w, https:\/\/ipoweb.bruxelles.be\/emileandre\/wp-content\/uploads\/2024\/02\/IMG-20240215-WA0036-768x577.jpg 768w, https:\/\/ipoweb.bruxelles.be\/emileandre\/wp-content\/uploads\/2024\/02\/IMG-20240215-WA0036-1536x1154.jpg 1536w, https:\/\/ipoweb.bruxelles.be\/emileandre\/wp-content\/uploads\/2024\/02\/IMG-20240215-WA0036.jpg 1640w\" sizes=\"(max-width: 1024px) 100vw, 1024px\" \/><\/figure>\n\n\n\n<p>Quel superbe travail collectif ! C&rsquo;est nous, les plus forts !!!<\/p>\n","protected":false},"excerpt":{"rendered":"<p>\u00ab\u00a0C&rsquo;est moi, le plus fort\u00a0\u00bb r\u00e9pond le loup de Mario Ramos. Pour les \u00e9l\u00e8ves de Chany et de Bruno, ce fut l&rsquo;occasion de r\u00e9aliser une super fresque. Quel superbe travail collectif ! C&rsquo;est nous, les plus forts !!!<\/p>\n","protected":false},"author":11,"featured_media":0,"comment_status":"closed","ping_status":"open","sticky":false,"template":"","format":"standard","meta":{"footnotes":""},"categories":[8],"tags":[],"_links":{"self":[{"href":"https:\/\/ipoweb.bruxelles.be\/emileandre\/index.php?rest_route=\/wp\/v2\/posts\/6223"}],"collection":[{"href":"https:\/\/ipoweb.bruxelles.be\/emileandre\/index.php?rest_route=\/wp\/v2\/posts"}],"about":[{"href":"https:\/\/ipoweb.bruxelles.be\/emileandre\/index.php?rest_route=\/wp\/v2\/types\/post"}],"author":[{"embeddable":true,"href":"https:\/\/ipoweb.bruxelles.be\/emileandre\/index.php?rest_route=\/wp\/v2\/users\/11"}],"replies":[{"embeddable":true,"href":"https:\/\/ipoweb.bruxelles.be\/emileandre\/index.php?rest_route=%2Fwp%2Fv2%2Fcomments&post=6223"}],"version-history":[{"count":2,"href":"https:\/\/ipoweb.bruxelles.be\/emileandre\/index.php?rest_route=\/wp\/v2\/posts\/6223\/revisions"}],"predecessor-version":[{"id":6230,"href":"https:\/\/ipoweb.bruxelles.be\/emileandre\/index.php?rest_route=\/wp\/v2\/posts\/6223\/revisions\/6230"}],"wp:attachment":[{"href":"https:\/\/ipoweb.bruxelles.be\/emileandre\/index.php?rest_route=%2Fwp%2Fv2%2Fmedia&parent=6223"}],"wp:term":[{"taxonomy":"category","embeddable":true,"href":"https:\/\/ipoweb.bruxelles.be\/emileandre\/index.php?rest_route=%2Fwp%2Fv2%2Fcategories&post=6223"},{"taxonomy":"post_tag","embeddable":true,"href":"https:\/\/ipoweb.bruxelles.be\/emileandre\/index.php?rest_route=%2Fwp%2Fv2%2Ftags&post=6223"}],"curies":[{"name":"wp","href":"https:\/\/api.w.org\/{rel}","templated":true}]}}