{"id":6233,"date":"2024-02-16T11:34:52","date_gmt":"2024-02-16T10:34:52","guid":{"rendered":"https:\/\/ipoweb.bruxelles.be\/emileandre\/?p=6233"},"modified":"2024-02-16T14:05:57","modified_gmt":"2024-02-16T13:05:57","slug":"un-arbre-cest-parfois-tres-vieux-et-tres-haut-mais-plus-precisement-quelle-age-et-quelle-hauteur","status":"publish","type":"post","link":"https:\/\/ipoweb.bruxelles.be\/emileandre\/?p=6233","title":{"rendered":"Les arbres, c&rsquo;est parfois tr\u00e8s haut et ils sont fort diff\u00e9rents les uns des autres ! Mais plus pr\u00e9cis\u00e9ment, quelle est leur hauteur et comment s&rsquo;appellent-ils ?"},"content":{"rendered":"\n<p>Les quatri\u00e8mes sont partis \u00e0 la d\u00e9couverte des arbres dans le parc Solvay.<br><\/p>\n\n\n\n<p><\/p>\n\n\n\n<figure class=\"wp-block-image size-large\"><img decoding=\"async\" loading=\"lazy\" width=\"768\" height=\"1024\" src=\"https:\/\/ipoweb.bruxelles.be\/emileandre\/wp-content\/uploads\/2024\/02\/IMG-20240215-WA0008-768x1024.jpg\" alt=\"\" class=\"wp-image-6236\" srcset=\"https:\/\/ipoweb.bruxelles.be\/emileandre\/wp-content\/uploads\/2024\/02\/IMG-20240215-WA0008-768x1024.jpg 768w, https:\/\/ipoweb.bruxelles.be\/emileandre\/wp-content\/uploads\/2024\/02\/IMG-20240215-WA0008-225x300.jpg 225w, https:\/\/ipoweb.bruxelles.be\/emileandre\/wp-content\/uploads\/2024\/02\/IMG-20240215-WA0008-1152x1536.jpg 1152w, https:\/\/ipoweb.bruxelles.be\/emileandre\/wp-content\/uploads\/2024\/02\/IMG-20240215-WA0008.jpg 1200w\" sizes=\"(max-width: 768px) 100vw, 768px\" \/><\/figure>\n\n\n\n<figure class=\"wp-block-gallery has-nested-images columns-default is-cropped wp-block-gallery-1 is-layout-flex wp-block-gallery-is-layout-flex\">\n<figure class=\"wp-block-image size-large\"><img decoding=\"async\" loading=\"lazy\" width=\"768\" height=\"1024\" data-id=\"6239\" src=\"https:\/\/ipoweb.bruxelles.be\/emileandre\/wp-content\/uploads\/2024\/02\/IMG-20240215-WA0011-1-768x1024.jpg\" alt=\"\" class=\"wp-image-6239\" srcset=\"https:\/\/ipoweb.bruxelles.be\/emileandre\/wp-content\/uploads\/2024\/02\/IMG-20240215-WA0011-1-768x1024.jpg 768w, https:\/\/ipoweb.bruxelles.be\/emileandre\/wp-content\/uploads\/2024\/02\/IMG-20240215-WA0011-1-225x300.jpg 225w, https:\/\/ipoweb.bruxelles.be\/emileandre\/wp-content\/uploads\/2024\/02\/IMG-20240215-WA0011-1-1152x1536.jpg 1152w, https:\/\/ipoweb.bruxelles.be\/emileandre\/wp-content\/uploads\/2024\/02\/IMG-20240215-WA0011-1.jpg 1200w\" sizes=\"(max-width: 768px) 100vw, 768px\" \/><\/figure>\n\n\n\n<figure class=\"wp-block-image size-large\"><img decoding=\"async\" loading=\"lazy\" width=\"768\" height=\"1024\" data-id=\"6238\" src=\"https:\/\/ipoweb.bruxelles.be\/emileandre\/wp-content\/uploads\/2024\/02\/IMG-20240215-WA0010-768x1024.jpg\" alt=\"\" class=\"wp-image-6238\" srcset=\"https:\/\/ipoweb.bruxelles.be\/emileandre\/wp-content\/uploads\/2024\/02\/IMG-20240215-WA0010-768x1024.jpg 768w, https:\/\/ipoweb.bruxelles.be\/emileandre\/wp-content\/uploads\/2024\/02\/IMG-20240215-WA0010-225x300.jpg 225w, https:\/\/ipoweb.bruxelles.be\/emileandre\/wp-content\/uploads\/2024\/02\/IMG-20240215-WA0010-1152x1536.jpg 1152w, https:\/\/ipoweb.bruxelles.be\/emileandre\/wp-content\/uploads\/2024\/02\/IMG-20240215-WA0010.jpg 1200w\" sizes=\"(max-width: 768px) 100vw, 768px\" \/><\/figure>\n\n\n\n<figure class=\"wp-block-image size-large\"><img decoding=\"async\" loading=\"lazy\" width=\"768\" height=\"1024\" data-id=\"6237\" src=\"https:\/\/ipoweb.bruxelles.be\/emileandre\/wp-content\/uploads\/2024\/02\/IMG-20240215-WA0009-768x1024.jpg\" alt=\"\" class=\"wp-image-6237\" srcset=\"https:\/\/ipoweb.bruxelles.be\/emileandre\/wp-content\/uploads\/2024\/02\/IMG-20240215-WA0009-768x1024.jpg 768w, https:\/\/ipoweb.bruxelles.be\/emileandre\/wp-content\/uploads\/2024\/02\/IMG-20240215-WA0009-225x300.jpg 225w, https:\/\/ipoweb.bruxelles.be\/emileandre\/wp-content\/uploads\/2024\/02\/IMG-20240215-WA0009-1152x1536.jpg 1152w, https:\/\/ipoweb.bruxelles.be\/emileandre\/wp-content\/uploads\/2024\/02\/IMG-20240215-WA0009.jpg 1200w\" sizes=\"(max-width: 768px) 100vw, 768px\" \/><\/figure>\n<\/figure>\n\n\n\n<figure class=\"wp-block-image size-large\"><img decoding=\"async\" loading=\"lazy\" width=\"768\" height=\"1024\" src=\"https:\/\/ipoweb.bruxelles.be\/emileandre\/wp-content\/uploads\/2024\/02\/IMG-20240215-WA0007-768x1024.jpg\" alt=\"\" class=\"wp-image-6235\" srcset=\"https:\/\/ipoweb.bruxelles.be\/emileandre\/wp-content\/uploads\/2024\/02\/IMG-20240215-WA0007-768x1024.jpg 768w, https:\/\/ipoweb.bruxelles.be\/emileandre\/wp-content\/uploads\/2024\/02\/IMG-20240215-WA0007-225x300.jpg 225w, https:\/\/ipoweb.bruxelles.be\/emileandre\/wp-content\/uploads\/2024\/02\/IMG-20240215-WA0007-1152x1536.jpg 1152w, https:\/\/ipoweb.bruxelles.be\/emileandre\/wp-content\/uploads\/2024\/02\/IMG-20240215-WA0007.jpg 1200w\" sizes=\"(max-width: 768px) 100vw, 768px\" \/><\/figure>\n\n\n\n<p>Maintenant les \u00e9l\u00e8ves d&rsquo;Isabelle reconnaissent les arbres les plus courants et savent mesurer leur hauteur.<\/p>\n","protected":false},"excerpt":{"rendered":"<p>Les quatri\u00e8mes sont partis \u00e0 la d\u00e9couverte des arbres dans le parc Solvay. Maintenant les \u00e9l\u00e8ves d&rsquo;Isabelle reconnaissent les arbres les plus courants et savent mesurer leur hauteur.<\/p>\n","protected":false},"author":11,"featured_media":0,"comment_status":"closed","ping_status":"open","sticky":false,"template":"","format":"standard","meta":{"footnotes":""},"categories":[9],"tags":[],"_links":{"self":[{"href":"https:\/\/ipoweb.bruxelles.be\/emileandre\/index.php?rest_route=\/wp\/v2\/posts\/6233"}],"collection":[{"href":"https:\/\/ipoweb.bruxelles.be\/emileandre\/index.php?rest_route=\/wp\/v2\/posts"}],"about":[{"href":"https:\/\/ipoweb.bruxelles.be\/emileandre\/index.php?rest_route=\/wp\/v2\/types\/post"}],"author":[{"embeddable":true,"href":"https:\/\/ipoweb.bruxelles.be\/emileandre\/index.php?rest_route=\/wp\/v2\/users\/11"}],"replies":[{"embeddable":true,"href":"https:\/\/ipoweb.bruxelles.be\/emileandre\/index.php?rest_route=%2Fwp%2Fv2%2Fcomments&post=6233"}],"version-history":[{"count":3,"href":"https:\/\/ipoweb.bruxelles.be\/emileandre\/index.php?rest_route=\/wp\/v2\/posts\/6233\/revisions"}],"predecessor-version":[{"id":6247,"href":"https:\/\/ipoweb.bruxelles.be\/emileandre\/index.php?rest_route=\/wp\/v2\/posts\/6233\/revisions\/6247"}],"wp:attachment":[{"href":"https:\/\/ipoweb.bruxelles.be\/emileandre\/index.php?rest_route=%2Fwp%2Fv2%2Fmedia&parent=6233"}],"wp:term":[{"taxonomy":"category","embeddable":true,"href":"https:\/\/ipoweb.bruxelles.be\/emileandre\/index.php?rest_route=%2Fwp%2Fv2%2Fcategories&post=6233"},{"taxonomy":"post_tag","embeddable":true,"href":"https:\/\/ipoweb.bruxelles.be\/emileandre\/index.php?rest_route=%2Fwp%2Fv2%2Ftags&post=6233"}],"curies":[{"name":"wp","href":"https:\/\/api.w.org\/{rel}","templated":true}]}}