{"id":6621,"date":"2024-04-29T20:33:28","date_gmt":"2024-04-29T18:33:28","guid":{"rendered":"https:\/\/ipoweb.bruxelles.be\/emileandre\/?p=6621"},"modified":"2024-04-29T20:33:47","modified_gmt":"2024-04-29T18:33:47","slug":"une-cour-plus-agreable-grace-aux-parents","status":"publish","type":"post","link":"https:\/\/ipoweb.bruxelles.be\/emileandre\/?p=6621","title":{"rendered":"Une cour plus agr\u00e9able gr\u00e2ce aux parents"},"content":{"rendered":"\n<p>Quel courage, les parents ont d\u00e9cid\u00e9 d&rsquo;extraire ces horribles vieilles racines qui emp\u00eachaient  toute plantation !!<\/p>\n\n\n<div class=\"wp-block-image\">\n<figure class=\"aligncenter size-large is-resized\"><img decoding=\"async\" loading=\"lazy\" width=\"472\" height=\"1024\" src=\"https:\/\/ipoweb.bruxelles.be\/emileandre\/wp-content\/uploads\/2024\/04\/IMG-20240429-WA0001-472x1024.jpg\" alt=\"\" class=\"wp-image-6610\" style=\"aspect-ratio:0.4609375;width:472px;height:auto\" srcset=\"https:\/\/ipoweb.bruxelles.be\/emileandre\/wp-content\/uploads\/2024\/04\/IMG-20240429-WA0001-472x1024.jpg 472w, https:\/\/ipoweb.bruxelles.be\/emileandre\/wp-content\/uploads\/2024\/04\/IMG-20240429-WA0001-138x300.jpg 138w, https:\/\/ipoweb.bruxelles.be\/emileandre\/wp-content\/uploads\/2024\/04\/IMG-20240429-WA0001-708x1536.jpg 708w, https:\/\/ipoweb.bruxelles.be\/emileandre\/wp-content\/uploads\/2024\/04\/IMG-20240429-WA0001.jpg 738w\" sizes=\"(max-width: 472px) 100vw, 472px\" \/><\/figure><\/div>\n\n\n<p>Mais, &#8230;&#8230;.. ce n&rsquo;est pas tout !!! Ils ont plant\u00e9 de nouveaux arbres. L&rsquo;avenir fera le reste.<\/p>\n\n\n\n<figure class=\"wp-block-image size-large\"><img decoding=\"async\" loading=\"lazy\" width=\"1024\" height=\"558\" src=\"https:\/\/ipoweb.bruxelles.be\/emileandre\/wp-content\/uploads\/2024\/04\/IMG-20240429-WA0000-1024x558.jpg\" alt=\"\" class=\"wp-image-6609\" srcset=\"https:\/\/ipoweb.bruxelles.be\/emileandre\/wp-content\/uploads\/2024\/04\/IMG-20240429-WA0000-1024x558.jpg 1024w, https:\/\/ipoweb.bruxelles.be\/emileandre\/wp-content\/uploads\/2024\/04\/IMG-20240429-WA0000-300x164.jpg 300w, https:\/\/ipoweb.bruxelles.be\/emileandre\/wp-content\/uploads\/2024\/04\/IMG-20240429-WA0000-768x419.jpg 768w, https:\/\/ipoweb.bruxelles.be\/emileandre\/wp-content\/uploads\/2024\/04\/IMG-20240429-WA0000-1536x838.jpg 1536w, https:\/\/ipoweb.bruxelles.be\/emileandre\/wp-content\/uploads\/2024\/04\/IMG-20240429-WA0000-750x410.jpg 750w, https:\/\/ipoweb.bruxelles.be\/emileandre\/wp-content\/uploads\/2024\/04\/IMG-20240429-WA0000.jpg 1599w\" sizes=\"(max-width: 1024px) 100vw, 1024px\" \/><\/figure>\n","protected":false},"excerpt":{"rendered":"<p>Quel courage, les parents ont d\u00e9cid\u00e9 d&rsquo;extraire ces horribles vieilles racines qui emp\u00eachaient toute plantation !! Mais, &#8230;&#8230;.. ce n&rsquo;est pas tout !!! Ils ont plant\u00e9 de nouveaux arbres. L&rsquo;avenir fera le reste.<\/p>\n","protected":false},"author":11,"featured_media":0,"comment_status":"closed","ping_status":"open","sticky":false,"template":"","format":"standard","meta":{"footnotes":""},"categories":[15],"tags":[],"_links":{"self":[{"href":"https:\/\/ipoweb.bruxelles.be\/emileandre\/index.php?rest_route=\/wp\/v2\/posts\/6621"}],"collection":[{"href":"https:\/\/ipoweb.bruxelles.be\/emileandre\/index.php?rest_route=\/wp\/v2\/posts"}],"about":[{"href":"https:\/\/ipoweb.bruxelles.be\/emileandre\/index.php?rest_route=\/wp\/v2\/types\/post"}],"author":[{"embeddable":true,"href":"https:\/\/ipoweb.bruxelles.be\/emileandre\/index.php?rest_route=\/wp\/v2\/users\/11"}],"replies":[{"embeddable":true,"href":"https:\/\/ipoweb.bruxelles.be\/emileandre\/index.php?rest_route=%2Fwp%2Fv2%2Fcomments&post=6621"}],"version-history":[{"count":1,"href":"https:\/\/ipoweb.bruxelles.be\/emileandre\/index.php?rest_route=\/wp\/v2\/posts\/6621\/revisions"}],"predecessor-version":[{"id":6622,"href":"https:\/\/ipoweb.bruxelles.be\/emileandre\/index.php?rest_route=\/wp\/v2\/posts\/6621\/revisions\/6622"}],"wp:attachment":[{"href":"https:\/\/ipoweb.bruxelles.be\/emileandre\/index.php?rest_route=%2Fwp%2Fv2%2Fmedia&parent=6621"}],"wp:term":[{"taxonomy":"category","embeddable":true,"href":"https:\/\/ipoweb.bruxelles.be\/emileandre\/index.php?rest_route=%2Fwp%2Fv2%2Fcategories&post=6621"},{"taxonomy":"post_tag","embeddable":true,"href":"https:\/\/ipoweb.bruxelles.be\/emileandre\/index.php?rest_route=%2Fwp%2Fv2%2Ftags&post=6621"}],"curies":[{"name":"wp","href":"https:\/\/api.w.org\/{rel}","templated":true}]}}